{"id":99136,"date":"2025-02-04T14:15:22","date_gmt":"2025-02-04T14:15:22","guid":{"rendered":"https:\/\/tvbrazilusa.com\/2025\/02\/04\/o-podcast-randumbesque-visita-a-union-catholic-high-school-para-discutir-a-educacao-de-luto\/"},"modified":"2025-02-04T14:21:39","modified_gmt":"2025-02-04T14:21:39","slug":"o-podcast-randumbesque-visita-a-union-catholic-high-school-para-discutir-a-educacao-de-luto","status":"publish","type":"post","link":"https:\/\/tvbrazilusa.com\/pt\/2025\/02\/04\/o-podcast-randumbesque-visita-a-union-catholic-high-school-para-discutir-a-educacao-de-luto\/","title":{"rendered":"O podcast Randumbesque visita a Union Catholic High School para discutir a educa\u00e7\u00e3o de luto"},"content":{"rendered":"<script async src=\"https:\/\/pagead2.googlesyndication.com\/pagead\/js\/adsbygoogle.js?client=ca-pub-8864793242727901\"\r\n     crossorigin=\"anonymous\"><\/script>\n<div>\n<p class=\"article__paragraph article__paragraph--left\" id=\"T2HIE7NIU5D3NHP2RJDT4AS6UU\">O podcast Randumbesque, apresentado por Jim Mooney e Paul Banks, visitou recentemente a Union Catholic High School para discutir como as pessoas lidam com a dor. Os podcasters entrevistaram a Dra. Jennifer Dixon, diretora de aconselhamento escolar da Union Catholic, Lindsay Schambach, diretora executiva do Imagine, um centro de lidar com a perda, e Mnesoma, um estudante cat\u00f3lico da Uni\u00e3o e mentor de pares.<\/p>\n<p class=\"article__paragraph article__paragraph--left\" id=\"SNSKBPMRVZHKLPDE2G47WGS5QQ\">Na \u00faltima d\u00e9cada, a Union Catholic fez uma parceria com a Imagine para treinar estudantes como mentores de colegas de classe que sofreram perdas devido \u00e0 morte. Todo m\u00eas de novembro, durante o m\u00eas da conscientiza\u00e7\u00e3o sobre o luto para as crian\u00e7as, o Imagine Staff visite a Union Catholic para fornecer educa\u00e7\u00e3o para a 9\u00aa e 11\u00aa alunos. Essa iniciativa visa normalizar a dor e promover a empatia e a compaix\u00e3o entre os estudantes, enquanto eles compartilham suas hist\u00f3rias e se apoiam, contribuindo para o objetivo da Union Catholic de criar uma comunidade de &#8220;bom luto&#8221;.<\/p>\n<p class=\"article__paragraph article__paragraph--left\" id=\"7KRYWHSG7JEW5OTR4OVWPYPUVU\">Schambach, que se tornou diretor executivo da Imagine em 2021, falou sobre a hist\u00f3ria da organiza\u00e7\u00e3o e seus fundadores, Mary Robinson, Dr. Gerry Glasser e Keith Hertell, que foram reunidos por suas pr\u00f3prias experi\u00eancias com o luto e um desejo compartilhado de apoiar outros no The the comunidade. <\/p>\n<p class=\"article__paragraph article__paragraph--left\" id=\"2ZAWPAPMCBGLPIM4G3LJ67GONM\">A pr\u00f3pria Schambach come\u00e7ou como participante dos grupos de apoio \u00e0 luto livre da Imagine depois de perder o marido em 2018. Ela expressou admira\u00e7\u00e3o pelo programa da Union Catholic, considerando -o um dos melhores modelos em Nova Jersey por integrar totalmente a educa\u00e7\u00e3o de luto no curr\u00edculo.<\/p>\n<p class=\"article__paragraph article__paragraph--left\" id=\"DLMDJYAKORBR5PVSWTAJCYOJBY\">Schambach enfatizou que os grupos de apoio ao luto por pares da Imagine n\u00e3o s\u00e3o terapia ou aconselhamento, pois a dor \u00e9 uma resposta normal e natural \u00e0 perda, n\u00e3o uma patologia. Ela explicou que a dor n\u00e3o tem a linha do tempo e n\u00e3o termina; Em vez disso, os indiv\u00edduos aprendem a integrar esse novo aspecto de sua identidade em quem s\u00e3o agora. Os grupos de apoio a pares da Imagine s\u00e3o administrados por volunt\u00e1rios, e Schambach convidou qualquer pessoa interessada em ser volunt\u00e1rio para entrar em contato com a organiza\u00e7\u00e3o.<\/p>\n<p class=\"article__paragraph article__paragraph--left\" id=\"BWUM74TYYJCKHJUJI3ICPORLSQ\">O podcast terminou com uma entrevista \u00e0 Mnesoma, um estudante cat\u00f3lico da Uni\u00e3o e mentor de pares que participou do treinamento no Imagine e participa dos programas de educa\u00e7\u00e3o de luto da escola. Durante esses programas, Mnesoma compartilha sua hist\u00f3ria enquanto valia a import\u00e2ncia das experi\u00eancias de todos. Ela expressou a cren\u00e7a de que esses programas deveriam ser oferecidos em todas as escolas para garantir que qualquer pessoa que precise de apoio tenha acesso a ele.<\/p>\n<p class=\"article__paragraph article__paragraph--left\" id=\"7B5LM2E7MVHV7P67HNWZT7VYP4\">Imagine, um centro para lidar com a perda, \u00e9 uma organiza\u00e7\u00e3o sem fins lucrativos que oferece grupos gratuitos de apoio ao luto durante todo o ano para crian\u00e7as, jovens adultos e seus pais ou cuidadores, al\u00e9m de educa\u00e7\u00e3o e educa\u00e7\u00e3o para a comunidade. Para mais informa\u00e7\u00f5es, entre em contato com o Imagine no 908-264-3100, <a href=\"https:\/\/www.nj.com\/union\/2025\/02\/mailto:info@imaginenj.org\" target=\"_blank\">info@imaginenj.org<\/a>ou visite o site deles em <a href=\"http:\/\/www.imaginenj.org\/\" target=\"_blank\">www.imaginenj.org<\/a>.<\/p>\n<p class=\"article__paragraph article__paragraph--center\" id=\"AJWHJQRQVNHNHFAOXLXFSAE37A\">* * *<\/p>\n<p class=\"article__paragraph article__paragraph--left\" id=\"HLRFRYXNVFBH7OGWACJHYPUNUE\">Enviar not\u00edcias da comunidade do Condado de Union para <a href=\"https:\/\/www.nj.com\/union\/2025\/02\/mailto:union@njadvancemedia.com\" target=\"_self\">Union@njadvancemedia.com<\/a>.<\/p>\n<p class=\"article__paragraph article__paragraph--center\" id=\"CP3AEMQJKNHONCVE3OSB4RNYJQ\">\u2014\u2014\u2014<\/p>\n<p class=\"article__paragraph article__paragraph--left\" id=\"6PIPGWQ7SNAODCOS72VGCEI3EQ\"><i>A IA generativa foi usada para produzir um rascunho inicial desta hist\u00f3ria, que foi revisado e editado pela equipe da NJ Advance Media.<\/i><\/p>\n<\/div>\n<p><br \/>\n<br \/><a href=\"https:\/\/www.nj.com\/union\/2025\/02\/the-randumbesque-podcast-visits-union-catholic-high-school-to-discuss-grief-education.html\">Source link <\/a><\/p>","protected":false},"excerpt":{"rendered":"<p>O podcast Randumbesque, apresentado por Jim Mooney e Paul Banks, visitou recentemente a Union Catholic High School para discutir como as pessoas lidam com a dor. Os podcasters entrevistaram a&hellip;<\/p>","protected":false},"author":1,"featured_media":99137,"comment_status":"closed","ping_status":"open","sticky":false,"template":"","format":"standard","meta":{"content-type":"","footnotes":""},"categories":[1],"tags":[],"class_list":["post-99136","post","type-post","status-publish","format-standard","has-post-thumbnail","hentry","category-uncategorized"],"_links":{"self":[{"href":"https:\/\/tvbrazilusa.com\/pt\/wp-json\/wp\/v2\/posts\/99136","targetHints":{"allow":["GET"]}}],"collection":[{"href":"https:\/\/tvbrazilusa.com\/pt\/wp-json\/wp\/v2\/posts"}],"about":[{"href":"https:\/\/tvbrazilusa.com\/pt\/wp-json\/wp\/v2\/types\/post"}],"author":[{"embeddable":true,"href":"https:\/\/tvbrazilusa.com\/pt\/wp-json\/wp\/v2\/users\/1"}],"replies":[{"embeddable":true,"href":"https:\/\/tvbrazilusa.com\/pt\/wp-json\/wp\/v2\/comments?post=99136"}],"version-history":[{"count":1,"href":"https:\/\/tvbrazilusa.com\/pt\/wp-json\/wp\/v2\/posts\/99136\/revisions"}],"predecessor-version":[{"id":99138,"href":"https:\/\/tvbrazilusa.com\/pt\/wp-json\/wp\/v2\/posts\/99136\/revisions\/99138"}],"wp:featuredmedia":[{"embeddable":true,"href":"https:\/\/tvbrazilusa.com\/pt\/wp-json\/wp\/v2\/media\/99137"}],"wp:attachment":[{"href":"https:\/\/tvbrazilusa.com\/pt\/wp-json\/wp\/v2\/media?parent=99136"}],"wp:term":[{"taxonomy":"category","embeddable":true,"href":"https:\/\/tvbrazilusa.com\/pt\/wp-json\/wp\/v2\/categories?post=99136"},{"taxonomy":"post_tag","embeddable":true,"href":"https:\/\/tvbrazilusa.com\/pt\/wp-json\/wp\/v2\/tags?post=99136"}],"curies":[{"name":"wp","href":"https:\/\/api.w.org\/{rel}","templated":true}]}}