{"id":99142,"date":"2025-02-04T14:28:12","date_gmt":"2025-02-04T14:28:12","guid":{"rendered":"https:\/\/tvbrazilusa.com\/2025\/02\/04\/st-augustine-beach-faz-proclamacao-do-mes-da-historia-negra-desde-a-fundacao-do-city-jacksonville-hoje\/"},"modified":"2025-02-04T14:31:04","modified_gmt":"2025-02-04T14:31:04","slug":"st-augustine-beach-faz-proclamacao-do-mes-da-historia-negra-desde-a-fundacao-do-city-jacksonville-hoje","status":"publish","type":"post","link":"https:\/\/tvbrazilusa.com\/pt\/2025\/02\/04\/st-augustine-beach-faz-proclamacao-do-mes-da-historia-negra-desde-a-fundacao-do-city-jacksonville-hoje\/","title":{"rendered":"St. Augustine Beach faz proclama\u00e7\u00e3o do M\u00eas da Hist\u00f3ria Negra desde a funda\u00e7\u00e3o do City | Jacksonville hoje"},"content":{"rendered":"<p> <script async src=\"https:\/\/pagead2.googlesyndication.com\/pagead\/js\/adsbygoogle.js?client=ca-pub-8864793242727901\"\r\n     crossorigin=\"anonymous\"><\/script><br \/>\n<\/p>\n<div>\n<p>Foi incorporado como uma cidade em 1959 e foi o local de protestos contra a segrega\u00e7\u00e3o na d\u00e9cada de 1960, mas St. Augustine Beach nunca havia emitido uma proclama\u00e7\u00e3o formal reconhecendo o M\u00eas da Hist\u00f3ria Negra at\u00e9 segunda -feira \u00e0 noite.<\/p>\n<p>O ano passado foi a primeira vez desde a funda\u00e7\u00e3o da cidade de que reconheceu o M\u00eas da Hist\u00f3ria Negra, assinando uma resolu\u00e7\u00e3o conjunta com o Condado de St. Johns. O prefeito Dylan Rumrell disse <em>Jacksonville hoje<\/em> que ficou muito atrasado que a cidade tenha seu pr\u00f3prio reconhecimento nos livros.<\/p>\n<p>&#8220;Sou grato por termos sido capazes de faz\u00ea -lo este ano e, seguindo em frente, n\u00e3o sentiremos falta de novo&#8221;, disse ele. &#8220;Eu posso te prometer isso.&#8221;<\/p>\n<p>A proclama\u00e7\u00e3o, feita no in\u00edcio da reuni\u00e3o regular da Comiss\u00e3o da Cidade na noite de segunda -feira, lotou as pequenas c\u00e2maras da Comiss\u00e3o da Cidade na ilha de Anastasia.<\/p>\n<p>Funcion\u00e1rios eleitos locais, defensores da comunidade e membros de grupos de bairro queriam fazer parte do momento hist\u00f3rico.<\/p>\n<p>Greg White, um advogado local da hist\u00f3ria negra que lidera a West Augustine Community Development Corp., falou ap\u00f3s a leitura da proclama\u00e7\u00e3o. Ele agradeceu \u00e0 cidade por construir um futuro que &#8220;homenageia o passado enquanto segue em frente&#8221;.<\/p>\n<p>\u201cEssa proclama\u00e7\u00e3o \u00e9 mais do que apenas palavras ou um peda\u00e7o de papel. \u00c9 uma declara\u00e7\u00e3o de que a hist\u00f3ria negra em Santo Agostinho e em Santo Agostinho e na Am\u00e9rica \u00e9 toda a nossa hist\u00f3ria \u201d, disse White. &#8220;Ele reconhece a contribui\u00e7\u00e3o daqueles que vieram antes e nos desafia a continuar avan\u00e7ando&#8221;.<\/p>\n<figure class=\"wp-block-image size-large\"><figcaption class=\"wp-element-caption\">A secret\u00e1ria de Santo Augustine Beach, Dariana Fitzgerald, l\u00ea a proclama\u00e7\u00e3o da cidade reconhecendo fevereiro como M\u00eas da Hist\u00f3ria Negra na segunda -feira, 3 de fevereiro de 2025. Noah Hertz, Jacksonville hoje<\/figcaption><\/figure>\n<p>A conex\u00e3o da \u00e1rea de Santo Agostinho com o Movimento dos Direitos Civis \u00e9 significativa &#8211; o Rev. Martin Luther King Jr. foi preso durante uma manifesta\u00e7\u00e3o em 1964. Mas o vizinho S\u00e3o Augustine Beach tem sua pr\u00f3pria hist\u00f3ria.<\/p>\n<p>Muitas pessoas participaram de protestos conhecidos como <a href=\"https:\/\/jaxtoday.org\/2024\/06\/06\/waves-of-change-civil-rights-demonstrators-return-to-st-augustine\/\">Wade-ins<\/a>onde, como os sit-ins nos balc\u00f5es de almo\u00e7o, os manifestantes negros foram nadar em praias segregadas e apenas para brancos. Muitos deles foram recebidos com viol\u00eancia.<\/p>\n<p>Ser capaz de reconhecer a hist\u00f3ria da cidade at\u00e9 agora foi importante para Rumrell, e \u00e9 algo que ele quer ver continuar.<\/p>\n<p>&#8220;Est\u00e1 muito atrasado&#8221;, disse ele, &#8220;mas n\u00e3o esquecido&#8221;.<\/p>\n<\/div>\n<p><br \/>\n<br \/><a href=\"https:\/\/jaxtoday.org\/2025\/02\/04\/st-augustine-beach-makes-first-black-history-month-proclamation-since-citys-founding\/\">Source link <\/a><\/p>","protected":false},"excerpt":{"rendered":"<p>Foi incorporado como uma cidade em 1959 e foi o local de protestos contra a segrega\u00e7\u00e3o na d\u00e9cada de 1960, mas St. Augustine Beach nunca havia emitido uma proclama\u00e7\u00e3o formal&hellip;<\/p>","protected":false},"author":1,"featured_media":99143,"comment_status":"closed","ping_status":"open","sticky":false,"template":"","format":"standard","meta":{"content-type":"","footnotes":""},"categories":[1],"tags":[],"class_list":["post-99142","post","type-post","status-publish","format-standard","has-post-thumbnail","hentry","category-uncategorized"],"_links":{"self":[{"href":"https:\/\/tvbrazilusa.com\/pt\/wp-json\/wp\/v2\/posts\/99142","targetHints":{"allow":["GET"]}}],"collection":[{"href":"https:\/\/tvbrazilusa.com\/pt\/wp-json\/wp\/v2\/posts"}],"about":[{"href":"https:\/\/tvbrazilusa.com\/pt\/wp-json\/wp\/v2\/types\/post"}],"author":[{"embeddable":true,"href":"https:\/\/tvbrazilusa.com\/pt\/wp-json\/wp\/v2\/users\/1"}],"replies":[{"embeddable":true,"href":"https:\/\/tvbrazilusa.com\/pt\/wp-json\/wp\/v2\/comments?post=99142"}],"version-history":[{"count":1,"href":"https:\/\/tvbrazilusa.com\/pt\/wp-json\/wp\/v2\/posts\/99142\/revisions"}],"predecessor-version":[{"id":99144,"href":"https:\/\/tvbrazilusa.com\/pt\/wp-json\/wp\/v2\/posts\/99142\/revisions\/99144"}],"wp:featuredmedia":[{"embeddable":true,"href":"https:\/\/tvbrazilusa.com\/pt\/wp-json\/wp\/v2\/media\/99143"}],"wp:attachment":[{"href":"https:\/\/tvbrazilusa.com\/pt\/wp-json\/wp\/v2\/media?parent=99142"}],"wp:term":[{"taxonomy":"category","embeddable":true,"href":"https:\/\/tvbrazilusa.com\/pt\/wp-json\/wp\/v2\/categories?post=99142"},{"taxonomy":"post_tag","embeddable":true,"href":"https:\/\/tvbrazilusa.com\/pt\/wp-json\/wp\/v2\/tags?post=99142"}],"curies":[{"name":"wp","href":"https:\/\/api.w.org\/{rel}","templated":true}]}}