{"id":99145,"date":"2025-02-04T14:38:54","date_gmt":"2025-02-04T14:38:54","guid":{"rendered":"https:\/\/tvbrazilusa.com\/2025\/02\/04\/ministerio-da-justica-entra-com-acao-contra-a-novela-tieta-saiba-mais-sobre-o-caso\/"},"modified":"2025-02-04T14:38:56","modified_gmt":"2025-02-04T14:38:56","slug":"ministerio-da-justica-entra-com-acao-contra-a-novela-tieta-saiba-mais-sobre-o-caso","status":"publish","type":"post","link":"https:\/\/tvbrazilusa.com\/pt\/2025\/02\/04\/ministerio-da-justica-entra-com-acao-contra-a-novela-tieta-saiba-mais-sobre-o-caso\/","title":{"rendered":"Minist\u00e9rio da Justi\u00e7a entra com a\u00e7\u00e3o contra a novela \u2018Tieta\u2019; saiba mais sobre o caso"},"content":{"rendered":"<p> <script async src=\"https:\/\/pagead2.googlesyndication.com\/pagead\/js\/adsbygoogle.js?client=ca-pub-8864793242727901\"\r\n     crossorigin=\"anonymous\"><\/script><br \/>\n<\/p>\n<div>\n<figure class=\"post-image\">\n<\/figure>\n<p>            <span style=\"font-size: 12px\">Reprodu\u00e7\u00e3o\/TV Globo<\/span><\/p>\n<p>            <!-- end metas --><br \/>\n            <!-- ADS --><\/p>\n<div id=\"taboola-read-more\" style=\"display:block; width:100%\">\n<p>Recentemente, a televis\u00e3o brasileira tem enfrentado desafios ao revisitar novelas cl\u00e1ssicas. Uma dessas produ\u00e7\u00f5es \u00e9 \u201cTieta\u201c, que est\u00e1 em reprise na Globo, originalmente exibida entre 1989 e 1990. A trama, baseada na obra de Jorge Amado, foi recentemente reclassificada pelo Minist\u00e9rio da Justi\u00e7a e Seguran\u00e7a P\u00fablica para maiores de 14 anos. Tal decis\u00e3o levantou quest\u00f5es sobre as mudan\u00e7as nos crit\u00e9rios de censura ao longo das d\u00e9cadas.\n<\/p>\n<p>A novela ganhou aten\u00e7\u00e3o devido \u00e0 sua reclassifica\u00e7\u00e3o, com argumentos centrados em cenas que exibem drogas l\u00edcitas, viol\u00eancia e conte\u00fados sexuais. A decis\u00e3o destaca como as percep\u00e7\u00f5es sobre o que \u00e9 considerado apropriado para diferentes faixas et\u00e1rias mudaram desde a primeira exibi\u00e7\u00e3o de \u201cTieta\u201d.<\/p>\n<p>Como a reclassifica\u00e7\u00e3o foi motivada?\n<\/p>\n<p>A reclassifica\u00e7\u00e3o das obras televisivas acontece quando a an\u00e1lise do conte\u00fado revela elementos que n\u00e3o se adequam \u00e0s classifica\u00e7\u00f5es anteriores. No caso de \u201cTieta\u201d, a introdu\u00e7\u00e3o de cenas que envolvem temas mais sens\u00edveis, como viol\u00eancia e uso de drogas, motivou a nova categoriza\u00e7\u00e3o. Este \u00e9 um reflexo das normas sociais atuais mais r\u00edgidas em compara\u00e7\u00e3o com aquelas dos anos 90.\n<\/p>\n<\/p><\/div>\n<p>                        <!-- Scripts para conteudo --><\/p>\n<p>            <!-- .\/Scripts para conteudo --><br \/>\n            <!-- .\/Mat\u00e9ria --><\/p>\n<div class=\"row mt-3\">\n<div class=\"col-sm-6\">\n                <!-- Whatsapp channel 3--><br \/>\n                <a href=\"https:\/\/chat.whatsapp.com\/B8Qy6Erx4kb6yTzj3kaDco\" target=\"_blank\"><br \/>\n                  <img decoding=\"async\" src=\"https:\/\/diariodobrasilnoticias.com.br\/assets-site\/images\/bot_whatsapp.png\"\/><\/a>\n              <\/div>\n<div class=\"col-sm-6\">\n                <a href=\"https:\/\/t.me\/+_4gTmi5LKo03OTM5\" target=\"_blank\"><br \/>\n                  <img decoding=\"async\" src=\"https:\/\/diariodobrasilnoticias.com.br\/assets-site\/images\/bot_telegram.png\"\/><\/a>\n              <\/div>\n<\/p><\/div>\n<p>            <!-- end post-navigation --><\/p>\n<p>              <!-- end row --><\/p>\n<p>              <!-- end col-12-->\n                      <\/div>\n<p><br \/>\n<br \/><a href=\"https:\/\/diariodobrasilnoticias.com.br\/noticia\/ministerio-da-justica-entra-com-acao-contra-a-novela-tieta-saiba-mais-sobre-o-caso-67a20f9becb45\">Source link <\/a><\/p>","protected":false},"excerpt":{"rendered":"<p>Reprodu\u00e7\u00e3o\/TV Globo Recentemente, a televis\u00e3o brasileira tem enfrentado desafios ao revisitar novelas cl\u00e1ssicas. Uma dessas produ\u00e7\u00f5es \u00e9 \u201cTieta\u201c, que est\u00e1 em reprise na Globo, originalmente exibida entre 1989 e 1990.&hellip;<\/p>","protected":false},"author":1,"featured_media":99146,"comment_status":"closed","ping_status":"open","sticky":false,"template":"","format":"standard","meta":{"content-type":"","footnotes":""},"categories":[16],"tags":[123,2448,5313,1267],"class_list":["post-99145","post","type-post","status-publish","format-standard","has-post-thumbnail","hentry","category-noticias","tag-brasil","tag-diario","tag-noticia","tag-noticias"],"_links":{"self":[{"href":"https:\/\/tvbrazilusa.com\/pt\/wp-json\/wp\/v2\/posts\/99145","targetHints":{"allow":["GET"]}}],"collection":[{"href":"https:\/\/tvbrazilusa.com\/pt\/wp-json\/wp\/v2\/posts"}],"about":[{"href":"https:\/\/tvbrazilusa.com\/pt\/wp-json\/wp\/v2\/types\/post"}],"author":[{"embeddable":true,"href":"https:\/\/tvbrazilusa.com\/pt\/wp-json\/wp\/v2\/users\/1"}],"replies":[{"embeddable":true,"href":"https:\/\/tvbrazilusa.com\/pt\/wp-json\/wp\/v2\/comments?post=99145"}],"version-history":[{"count":1,"href":"https:\/\/tvbrazilusa.com\/pt\/wp-json\/wp\/v2\/posts\/99145\/revisions"}],"predecessor-version":[{"id":99147,"href":"https:\/\/tvbrazilusa.com\/pt\/wp-json\/wp\/v2\/posts\/99145\/revisions\/99147"}],"wp:featuredmedia":[{"embeddable":true,"href":"https:\/\/tvbrazilusa.com\/pt\/wp-json\/wp\/v2\/media\/99146"}],"wp:attachment":[{"href":"https:\/\/tvbrazilusa.com\/pt\/wp-json\/wp\/v2\/media?parent=99145"}],"wp:term":[{"taxonomy":"category","embeddable":true,"href":"https:\/\/tvbrazilusa.com\/pt\/wp-json\/wp\/v2\/categories?post=99145"},{"taxonomy":"post_tag","embeddable":true,"href":"https:\/\/tvbrazilusa.com\/pt\/wp-json\/wp\/v2\/tags?post=99145"}],"curies":[{"name":"wp","href":"https:\/\/api.w.org\/{rel}","templated":true}]}}