{"id":99151,"date":"2025-02-04T14:41:43","date_gmt":"2025-02-04T14:41:43","guid":{"rendered":"https:\/\/tvbrazilusa.com\/2025\/02\/04\/um-pouco-de-alegria-proclamacao-do-mes-da-historia-negra-jacksonville-hoje\/"},"modified":"2025-02-04T14:53:40","modified_gmt":"2025-02-04T14:53:40","slug":"um-pouco-de-alegria-proclamacao-do-mes-da-historia-negra-jacksonville-hoje","status":"publish","type":"post","link":"https:\/\/tvbrazilusa.com\/pt\/2025\/02\/04\/um-pouco-de-alegria-proclamacao-do-mes-da-historia-negra-jacksonville-hoje\/","title":{"rendered":"Um pouco de alegria | Proclama\u00e7\u00e3o do M\u00eas da Hist\u00f3ria Negra | Jacksonville hoje"},"content":{"rendered":"<p> <script async src=\"https:\/\/pagead2.googlesyndication.com\/pagead\/js\/adsbygoogle.js?client=ca-pub-8864793242727901\"\r\n     crossorigin=\"anonymous\"><\/script><br \/>\n<\/p>\n<div>\n<p>Ontem \u00e0 noite, a cidade de St. Augustine Beach reconheceu fevereiro como M\u00eas da Hist\u00f3ria Negra pela primeira vez desde que a cidade foi incorporada na d\u00e9cada de 1950. A cidade anteriormente assinou uma proclama\u00e7\u00e3o conjunta com governos vizinhos, mas o prefeito Dylan Rumrell disse <em>Jacksonville hoje<\/em> Ele ficou chocado ao descobrir que a cidade nunca fez seu pr\u00f3prio reconhecimento. As praias da cidade eram o local de <a href=\"https:\/\/jaxtoday.us6.list-manage.com\/track\/click?u=9f07e48069862b5bef898136a&#038;id=903a547975&#038;e=35825f6315\" target=\"_blank\" rel=\"noreferrer noopener nofollow\">protestos durante o movimento dos direitos civis<\/a>onde os ativistas lutaram para integrar as praias apenas para brancos.<\/p>\n<\/div>\n<p><br \/>\n<br \/><a href=\"https:\/\/jaxtoday.org\/2025\/02\/04\/bit-of-joy-black-history-month-proclamation\/\">Source link <\/a><\/p>","protected":false},"excerpt":{"rendered":"<p>Ontem \u00e0 noite, a cidade de St. Augustine Beach reconheceu fevereiro como M\u00eas da Hist\u00f3ria Negra pela primeira vez desde que a cidade foi incorporada na d\u00e9cada de 1950. A&hellip;<\/p>","protected":false},"author":1,"featured_media":99152,"comment_status":"closed","ping_status":"open","sticky":false,"template":"","format":"standard","meta":{"content-type":"","footnotes":""},"categories":[1],"tags":[],"class_list":["post-99151","post","type-post","status-publish","format-standard","has-post-thumbnail","hentry","category-uncategorized"],"_links":{"self":[{"href":"https:\/\/tvbrazilusa.com\/pt\/wp-json\/wp\/v2\/posts\/99151","targetHints":{"allow":["GET"]}}],"collection":[{"href":"https:\/\/tvbrazilusa.com\/pt\/wp-json\/wp\/v2\/posts"}],"about":[{"href":"https:\/\/tvbrazilusa.com\/pt\/wp-json\/wp\/v2\/types\/post"}],"author":[{"embeddable":true,"href":"https:\/\/tvbrazilusa.com\/pt\/wp-json\/wp\/v2\/users\/1"}],"replies":[{"embeddable":true,"href":"https:\/\/tvbrazilusa.com\/pt\/wp-json\/wp\/v2\/comments?post=99151"}],"version-history":[{"count":1,"href":"https:\/\/tvbrazilusa.com\/pt\/wp-json\/wp\/v2\/posts\/99151\/revisions"}],"predecessor-version":[{"id":99153,"href":"https:\/\/tvbrazilusa.com\/pt\/wp-json\/wp\/v2\/posts\/99151\/revisions\/99153"}],"wp:featuredmedia":[{"embeddable":true,"href":"https:\/\/tvbrazilusa.com\/pt\/wp-json\/wp\/v2\/media\/99152"}],"wp:attachment":[{"href":"https:\/\/tvbrazilusa.com\/pt\/wp-json\/wp\/v2\/media?parent=99151"}],"wp:term":[{"taxonomy":"category","embeddable":true,"href":"https:\/\/tvbrazilusa.com\/pt\/wp-json\/wp\/v2\/categories?post=99151"},{"taxonomy":"post_tag","embeddable":true,"href":"https:\/\/tvbrazilusa.com\/pt\/wp-json\/wp\/v2\/tags?post=99151"}],"curies":[{"name":"wp","href":"https:\/\/api.w.org\/{rel}","templated":true}]}}