{"id":99154,"date":"2025-02-04T15:01:40","date_gmt":"2025-02-04T15:01:40","guid":{"rendered":"https:\/\/tvbrazilusa.com\/2025\/02\/04\/astronauta-da-nasa-conta-que-ficou-tao-tempo-no-espaco-que-esqueceu-como-andar\/"},"modified":"2025-02-04T15:01:42","modified_gmt":"2025-02-04T15:01:42","slug":"astronauta-da-nasa-conta-que-ficou-tao-tempo-no-espaco-que-esqueceu-como-andar","status":"publish","type":"post","link":"https:\/\/tvbrazilusa.com\/pt\/2025\/02\/04\/astronauta-da-nasa-conta-que-ficou-tao-tempo-no-espaco-que-esqueceu-como-andar\/","title":{"rendered":"Astronauta da NASA conta que ficou t\u00e3o tempo no espa\u00e7o que esqueceu como andar."},"content":{"rendered":"<p> <script async src=\"https:\/\/pagead2.googlesyndication.com\/pagead\/js\/adsbygoogle.js?client=ca-pub-8864793242727901\"\r\n     crossorigin=\"anonymous\"><\/script><br \/>\n<\/p>\n<p>Uma das astronautas da NASA presas na Esta\u00e7\u00e3o Espacial revelou que perdeu a capacidade de executar v\u00e1rias tarefas b\u00e1sicas depois de ficar presa no espa\u00e7o por oito meses.\n<\/p>\n<div data-block-type=\"unstyled\" data-block-weight=\"23\" data-block-id=\"3\">\n<p class=\"content-text__container\" data-track-category=\"Link no Texto\" data-track-links=\"\" data-mrf-recirculation=\"Article links\">Sunita Williams admitiu esta semana que se esqueceu de como \u00e9 andar depois de passar 234 dias em microgravidade, relata o\u00a0<a class=\"\" href=\"https:\/\/www.dailymail.co.uk\/sciencetech\/article-14338015\/stranded-nasa-astronauts-trump-rescue-mission-elon-musk.html\" target=\"_blank\" rel=\"noopener noreferrer\" data-mrf-link=\"https:\/\/www.dailymail.co.uk\/sciencetech\/article-14338015\/stranded-nasa-astronauts-trump-rescue-mission-elon-musk.html\">Daily Mail<\/a>.<\/p>\n<\/div>\n<div data-block-type=\"unstyled\" data-block-weight=\"33\" data-block-id=\"4\">\n<p class=\"content-text__container\" data-track-category=\"Link no Texto\" data-track-links=\"\" data-mrf-recirculation=\"Article links\">&#8220;Agora mesmo estou tentando lembrar como \u00e9 andar. Nesse tempo todo, eu n\u00e3o andei. N\u00e3o sentei. N\u00e3o deitei&#8221;, disse ela, durante uma videochamada com alunos da Needham High School em Massachusetts na segunda-feira.\n<\/p>\n<\/div>\n<div data-block-type=\"unstyled\" data-block-weight=\"36\" data-block-id=\"5\">\n<p class=\"content-text__container\" data-track-category=\"Link no Texto\" data-track-links=\"\" data-mrf-recirculation=\"Article links\">Williams, 59, e seu companheiro de tripula\u00e7\u00e3o, Barry Wilmore, 62, deveriam passar oito dias na ISS quando embarcaram em sua miss\u00e3o em 5 de junho, mas a c\u00e1psula da Boeing que os levou sofreu problemas t\u00e9cnicos.\n<\/p>\n<div class=\"cropped-block\">\n<div class=\"mc-column content-text active-extra-styles\" data-block-type=\"unstyled\" data-block-weight=\"17\" data-block-id=\"6\">\n<p class=\"content-text__container\" data-track-category=\"Link no Texto\" data-track-links=\"\" data-mrf-recirculation=\"Article links\">A c\u00e1psula apresentou vazamentos de h\u00e9lio e mau funcionamento do propulsor antes, durante e depois do lan\u00e7amento.\n<\/p>\n<\/div>\n<\/div>\n<div class=\"cropped-block\">\n<div class=\"mc-column content-text active-extra-styles\" data-block-type=\"unstyled\" data-block-weight=\"45\" data-block-id=\"7\">\n<p class=\"content-text__container\" data-track-category=\"Link no Texto\" data-track-links=\"\" data-mrf-recirculation=\"Article links\">Em agosto, a NASA decidiu que a Starliner n\u00e3o era adequada para levar os astronautas de volta com seguran\u00e7a para casa e anunciou que Williams e Wilmore pegariam uma carona de volta \u00e0 Terra na c\u00e1psula Crew-9 da SpaceX, que atualmente est\u00e1 atracada na ISS.\n<\/p>\n<\/div>\n<\/div>\n<div class=\"cropped-block\">\n<div class=\"mc-column content-text active-extra-styles\" data-block-type=\"unstyled\" data-block-weight=\"34\" data-block-id=\"8\">\n<p class=\"content-text__container\" data-track-category=\"Link no Texto\" data-track-links=\"\" data-mrf-recirculation=\"Article links\">A c\u00e1psula retornou \u00e0 Terra vazia, deixando os dois astronautas presos na ISS at\u00e9 pelo menos o final de mar\u00e7o, quando eles podem pegar uma carona para casa na nave espacial Crew-9 da SpaceX.\n<\/p>\n<\/div>\n<\/div>\n<div class=\"cropped-block\">\n<div class=\"mc-column content-text active-extra-styles\" data-block-type=\"unstyled\" data-block-weight=\"22\" data-block-id=\"9\">\n<p class=\"content-text__container\" data-track-category=\"Link no Texto\" data-track-links=\"\" data-mrf-recirculation=\"Article links\">A NASA disse anteriormente que a Crew-9 retornaria para casa em fevereiro, mas a ag\u00eancia mudou o cronograma da miss\u00e3o em dezembro.\n<\/p>\n<\/div>\n<\/div>\n<div class=\"cropped-block\">\n<div class=\"mc-column content-text active-extra-styles\" data-block-type=\"unstyled\" data-block-weight=\"35\" data-block-id=\"10\">\n<p class=\"content-text__container\" data-track-category=\"Link no Texto\" data-track-links=\"\" data-mrf-recirculation=\"Article links\">Em uma declara\u00e7\u00e3o, as autoridades explicaram que a SpaceX precisava de mais tempo para concluir o trabalho na c\u00e1psula Crew-10, que deve ser lan\u00e7ada para a ISS antes que a Crew-9 possa deixar a ISS.\n<\/p>\n<\/div>\n<\/div>\n<div class=\"cropped-block\">\n<div class=\"mc-column content-text active-extra-styles\" data-block-type=\"unstyled\" data-block-weight=\"21\" data-block-id=\"11\">\n<p class=\"content-text__container\" data-track-category=\"Link no Texto\" data-track-links=\"\" data-mrf-recirculation=\"Article links\">Assim, o retorno dos astronautas foi adiado para o final de mar\u00e7o. Nessa \u00e9poca, eles ter\u00e3o passado oito meses no espa\u00e7o.\n<\/p>\n<\/div>\n<\/div>\n<div class=\"cropped-block\">\n<div class=\"mc-column content-text active-extra-styles\" data-block-type=\"unstyled\" data-block-weight=\"18\" data-block-id=\"12\">\n<p class=\"content-text__container\" data-track-category=\"Link no Texto\" data-track-links=\"\" data-mrf-recirculation=\"Article links\">Durante longas miss\u00f5es espaciais, a microgravidade afeta os corpos dos astronautas, causando deteriora\u00e7\u00e3o significativa dos m\u00fasculos e ossos.\n<\/p>\n<\/div>\n<\/div>\n<div class=\"cropped-block\">\n<div class=\"mc-column content-text active-extra-styles\" data-block-type=\"unstyled\" data-block-weight=\"35\" data-block-id=\"13\">\n<p class=\"content-text__container\" data-track-category=\"Link no Texto\" data-track-links=\"\" data-mrf-recirculation=\"Article links\">Para cada m\u00eas no espa\u00e7o, os ossos que suportam peso dos astronautas se tornam cerca de um por cento menos densos se eles n\u00e3o tomarem precau\u00e7\u00f5es para conter essa perda, de acordo com a NASA.\n<\/p>\n<\/div>\n<\/div>\n<div class=\"cropped-block\">\n<div class=\"mc-column content-text active-extra-styles\" data-block-type=\"unstyled\" data-block-weight=\"24\" data-block-id=\"14\">\n<p class=\"content-text__container\" data-track-category=\"Link no Texto\" data-track-links=\"\" data-mrf-recirculation=\"Article links\">E seus m\u00fasculos, que geralmente s\u00e3o ativados simplesmente se movendo pela Terra, tamb\u00e9m enfraquecem porque eles n\u00e3o precisam mais trabalhar tanto, diz a ag\u00eancia.\n<\/p>\n<\/div>\n<\/div>\n<div class=\"cropped-block\" data-track-category=\"multicontent\" data-track-action=\"ultimo chunk conteudo\" data-track-noninteraction=\"false\" data-track-scroll=\"view\">\n<div class=\"mc-column content-text active-extra-styles\" data-block-type=\"unstyled\" data-block-weight=\"21\" data-block-id=\"15\">\n<p class=\"content-text__container\" data-track-category=\"Link no Texto\" data-track-links=\"\" data-mrf-recirculation=\"Article links\">Quando os astronautas retornam de miss\u00f5es espaciais de longo prazo, n\u00e3o \u00e9 incomum que eles n\u00e3o consigam andar por conta pr\u00f3pria.\n<\/p>\n<p class=\"content-text__container\" data-track-category=\"Link no Texto\" data-track-links=\"\" data-mrf-recirculation=\"Article links\">\u00a0\n<\/p>\n<p class=\"content-text__container\" data-track-category=\"Link no Texto\" data-track-links=\"\" data-mrf-recirculation=\"Article links\">Fonte: \u00c9p\u00f3ca Neg\u00f3cios\n<\/p>\n<\/div>\n<\/div>\n<\/div>\n<p><br \/>\n<br \/><a href=\"https:\/\/diariodobrasilnoticias.com.br\/noticia\/astronauta-da-nasa-conta-que-ficou-tao-tempo-no-espaco-que-esqueceu-como-andar-67a210812bba8\">Source link <\/a><\/p>","protected":false},"excerpt":{"rendered":"<p>Uma das astronautas da NASA presas na Esta\u00e7\u00e3o Espacial revelou que perdeu a capacidade de executar v\u00e1rias tarefas b\u00e1sicas depois de ficar presa no espa\u00e7o por oito meses. Sunita Williams&hellip;<\/p>","protected":false},"author":1,"featured_media":99155,"comment_status":"closed","ping_status":"open","sticky":false,"template":"","format":"standard","meta":{"content-type":"","footnotes":""},"categories":[16],"tags":[123,2448,5313,1267],"class_list":["post-99154","post","type-post","status-publish","format-standard","has-post-thumbnail","hentry","category-noticias","tag-brasil","tag-diario","tag-noticia","tag-noticias"],"_links":{"self":[{"href":"https:\/\/tvbrazilusa.com\/pt\/wp-json\/wp\/v2\/posts\/99154","targetHints":{"allow":["GET"]}}],"collection":[{"href":"https:\/\/tvbrazilusa.com\/pt\/wp-json\/wp\/v2\/posts"}],"about":[{"href":"https:\/\/tvbrazilusa.com\/pt\/wp-json\/wp\/v2\/types\/post"}],"author":[{"embeddable":true,"href":"https:\/\/tvbrazilusa.com\/pt\/wp-json\/wp\/v2\/users\/1"}],"replies":[{"embeddable":true,"href":"https:\/\/tvbrazilusa.com\/pt\/wp-json\/wp\/v2\/comments?post=99154"}],"version-history":[{"count":1,"href":"https:\/\/tvbrazilusa.com\/pt\/wp-json\/wp\/v2\/posts\/99154\/revisions"}],"predecessor-version":[{"id":99156,"href":"https:\/\/tvbrazilusa.com\/pt\/wp-json\/wp\/v2\/posts\/99154\/revisions\/99156"}],"wp:featuredmedia":[{"embeddable":true,"href":"https:\/\/tvbrazilusa.com\/pt\/wp-json\/wp\/v2\/media\/99155"}],"wp:attachment":[{"href":"https:\/\/tvbrazilusa.com\/pt\/wp-json\/wp\/v2\/media?parent=99154"}],"wp:term":[{"taxonomy":"category","embeddable":true,"href":"https:\/\/tvbrazilusa.com\/pt\/wp-json\/wp\/v2\/categories?post=99154"},{"taxonomy":"post_tag","embeddable":true,"href":"https:\/\/tvbrazilusa.com\/pt\/wp-json\/wp\/v2\/tags?post=99154"}],"curies":[{"name":"wp","href":"https:\/\/api.w.org\/{rel}","templated":true}]}}