{"id":99166,"date":"2025-02-04T15:40:45","date_gmt":"2025-02-04T15:40:45","guid":{"rendered":"https:\/\/tvbrazilusa.com\/2025\/02\/04\/em-rede-social-prima-de-ex-prefeito-comemora-morte-e-fala-em-justica-feita\/"},"modified":"2025-02-04T15:40:47","modified_gmt":"2025-02-04T15:40:47","slug":"em-rede-social-prima-de-ex-prefeito-comemora-morte-e-fala-em-justica-feita","status":"publish","type":"post","link":"https:\/\/tvbrazilusa.com\/pt\/2025\/02\/04\/em-rede-social-prima-de-ex-prefeito-comemora-morte-e-fala-em-justica-feita\/","title":{"rendered":"Em rede social, prima de ex-prefeito comemora morte e fala em &#8216;justi\u00e7a feita&#8217;"},"content":{"rendered":"<p> <script async src=\"https:\/\/pagead2.googlesyndication.com\/pagead\/js\/adsbygoogle.js?client=ca-pub-8864793242727901\"\r\n     crossorigin=\"anonymous\"><\/script><br \/>\n<\/p>\n<div id=\"taboola-read-more\" style=\"display:block; width:100%\">\n<p>A morte do ex-prefeito de S\u00e3o Pedro do Potengi, Miguel Cabral, nesta segunda-feira (3), no Largo do Atheneu, zona Leste de Natal, foi comemorada em publica\u00e7\u00f5es nas redes sociais por uma prima dele identificada por Ana Clara Cabral.\n<\/p>\n<p>Ela celebrou a morte do parente que, segundo ela, foi o respons\u00e1vel pelo homic\u00eddio de seu irm\u00e3o no dia 28 de abril de 2014. \u201cN\u00e3o tem data melhor pra mim, sabe por qu\u00ea? Porque nesse exato momento eu recebo a not\u00edcia que a pessoa imunda, o imundo que ceifou a vida do meu irm\u00e3o, primo dele, acabou de morrer e que interessante, morreu da mesma forma covarde que ele tirou a vida do meu irm\u00e3o. Engra\u00e7ado, ele morreu fazendo a mesma coisa que o meu irm\u00e3o fez, falando o nome de quem tirou a vida dele\u201d, disse.<\/p>\n<p>Ainda em sua fala, a parente do ex-prefeito disse que a \u201cjusti\u00e7a foi feita\u201d. De acordo com Ana Clara, Miguel tirou a vida de seu irm\u00e3o de forma \u201ccovarde e cruel\u201d. \u201cEle n\u00e3o esperou que meu irm\u00e3o ficasse vivo e quando meu irm\u00e3o foi resgatado meu irm\u00e3o morreu dizendo o nome dele. Sabe qual era o nome? Miguel. Foi meu primo Miguel. Foi meu primo Miguel Cabral que atirou em mim. Pois \u00e9. E hoje, agora, acabo de saber que ele morreu do mesmo jeito. Atiraram nele e ele morreu pedindo ajuda e falando o nome de quem fez essa bondade com ele. Aqui se faz aqui se paga j\u00e1 dizia o velho ditado, viu? E olha o que \u00e9 verdade. Bem verdade\u201d, pontuou.\n<\/p>\n<p>Prefeito de S\u00e3o Pedro entre os anos de 2017 e 2024, Miguel Cabral foi v\u00edtima de um atentado na noite de segunda-feira (3), que teve outras duas pessoas baleadas no largo do Atheneu. Ele chegou a ser socorrido ao Hospital Rio Grande, no bairro de Tirol, mas n\u00e3o resistiu e faleceu durante a transfer\u00eancia para o Walfredo Gurgel.\n<\/p>\n<p>Em nota, a Pol\u00edcia Civil do Rio Grande do Norte informou que a motiva\u00e7\u00e3o do crime ainda est\u00e1 sendo apurada. A Divis\u00e3o de Homic\u00eddios e Prote\u00e7\u00e3o \u00e0 Pessoa (DHPP) foi acionada, realizou a investiga\u00e7\u00e3o preliminar no local do crime e efetuou as primeiras dilig\u00eancias.\n<\/p>\n<p>Com informa\u00e7\u00f5es de Tribuna do Norte              <\/p>\n<\/div>\n<p><br \/>\n<br \/><a href=\"https:\/\/diariodobrasilnoticias.com.br\/noticia\/em-rede-social-prima-de-ex-prefeito-comemora-morte-e-fala-em-justica-feita-67a214423a1fb\">Source link <\/a><\/p>","protected":false},"excerpt":{"rendered":"<p>A morte do ex-prefeito de S\u00e3o Pedro do Potengi, Miguel Cabral, nesta segunda-feira (3), no Largo do Atheneu, zona Leste de Natal, foi comemorada em publica\u00e7\u00f5es nas redes sociais por&hellip;<\/p>","protected":false},"author":1,"featured_media":99167,"comment_status":"closed","ping_status":"open","sticky":false,"template":"","format":"standard","meta":{"content-type":"","footnotes":""},"categories":[16],"tags":[123,2448,5313,1267],"class_list":["post-99166","post","type-post","status-publish","format-standard","has-post-thumbnail","hentry","category-noticias","tag-brasil","tag-diario","tag-noticia","tag-noticias"],"_links":{"self":[{"href":"https:\/\/tvbrazilusa.com\/pt\/wp-json\/wp\/v2\/posts\/99166","targetHints":{"allow":["GET"]}}],"collection":[{"href":"https:\/\/tvbrazilusa.com\/pt\/wp-json\/wp\/v2\/posts"}],"about":[{"href":"https:\/\/tvbrazilusa.com\/pt\/wp-json\/wp\/v2\/types\/post"}],"author":[{"embeddable":true,"href":"https:\/\/tvbrazilusa.com\/pt\/wp-json\/wp\/v2\/users\/1"}],"replies":[{"embeddable":true,"href":"https:\/\/tvbrazilusa.com\/pt\/wp-json\/wp\/v2\/comments?post=99166"}],"version-history":[{"count":1,"href":"https:\/\/tvbrazilusa.com\/pt\/wp-json\/wp\/v2\/posts\/99166\/revisions"}],"predecessor-version":[{"id":99168,"href":"https:\/\/tvbrazilusa.com\/pt\/wp-json\/wp\/v2\/posts\/99166\/revisions\/99168"}],"wp:featuredmedia":[{"embeddable":true,"href":"https:\/\/tvbrazilusa.com\/pt\/wp-json\/wp\/v2\/media\/99167"}],"wp:attachment":[{"href":"https:\/\/tvbrazilusa.com\/pt\/wp-json\/wp\/v2\/media?parent=99166"}],"wp:term":[{"taxonomy":"category","embeddable":true,"href":"https:\/\/tvbrazilusa.com\/pt\/wp-json\/wp\/v2\/categories?post=99166"},{"taxonomy":"post_tag","embeddable":true,"href":"https:\/\/tvbrazilusa.com\/pt\/wp-json\/wp\/v2\/tags?post=99166"}],"curies":[{"name":"wp","href":"https:\/\/api.w.org\/{rel}","templated":true}]}}