{"id":99172,"date":"2025-02-04T15:50:52","date_gmt":"2025-02-04T15:50:52","guid":{"rendered":"https:\/\/tvbrazilusa.com\/2025\/02\/04\/a-legislacao-apoia-o-museu-de-historia-negra-no-condado-de-st-johns-jacksonville-hoje\/"},"modified":"2025-02-04T15:55:50","modified_gmt":"2025-02-04T15:55:50","slug":"a-legislacao-apoia-o-museu-de-historia-negra-no-condado-de-st-johns-jacksonville-hoje","status":"publish","type":"post","link":"https:\/\/tvbrazilusa.com\/pt\/2025\/02\/04\/a-legislacao-apoia-o-museu-de-historia-negra-no-condado-de-st-johns-jacksonville-hoje\/","title":{"rendered":"A legisla\u00e7\u00e3o ap\u00f3ia o Museu de Hist\u00f3ria Negra no Condado de St. Johns | Jacksonville hoje"},"content":{"rendered":"<p> <script async src=\"https:\/\/pagead2.googlesyndication.com\/pagead\/js\/adsbygoogle.js?client=ca-pub-8864793242727901\"\r\n     crossorigin=\"anonymous\"><\/script><br \/>\n<\/p>\n<div>\n<p>Depois de uma for\u00e7a -tarefa no ano passado pediu para colocar um <a href=\"https:\/\/jaxtoday.org\/2024\/06\/28\/black-history-museum-moves-forward-in-st-johns-county\/\">Museu de Hist\u00f3ria Negra do Estado<\/a> No condado de St. Johns, o senador Tom Leek, R-Amond Beach, apresentou uma conta (<a href=\"https:\/\/www.flsenate.gov\/Session\/Bill\/2025\/466#:~:text=Florida%20Museum%20of%20Black%20History%3B%20Providing%20legislative%20intent%3B%20establishing%20the,the%20Foundation%20for%20the%20Museum\" rel=\"nofollow noopener\" target=\"_blank\">SB 466<\/a>) Na segunda -feira, isso avan\u00e7aria com a ideia. <\/p>\n<p>O projeto de lei criaria um Conselho de Administra\u00e7\u00e3o do Museu de Hist\u00f3ria Negra da Fl\u00f3rida, que funcionaria com a Funda\u00e7\u00e3o para o Museu da Black History Inc., uma organiza\u00e7\u00e3o sem fins lucrativos, para ajudar a criar o museu.<\/p>\n<p>A Comiss\u00e3o do Condado de St. Johns tamb\u00e9m forneceria funcion\u00e1rios para o conselho at\u00e9 que o planejamento, o design e a engenharia sejam conclu\u00eddos, de acordo com o projeto.<\/p>\n<p>O museu estaria no antigo local da Universidade Memorial da Fl\u00f3rida, oeste de Santo Agostinho.<\/p>\n<p>Leek, cujo distrito inclui o Condado de St. Johns, apresentou a conta de considera\u00e7\u00e3o durante a sess\u00e3o legislativa que come\u00e7ar\u00e1 em 4 de mar\u00e7o.<\/p>\n<\/div>\n<p><br \/>\n<br \/><a href=\"https:\/\/jaxtoday.org\/2025\/02\/04\/black-history-museum-legislation\/\">Source link <\/a><\/p>","protected":false},"excerpt":{"rendered":"<p>Depois de uma for\u00e7a -tarefa no ano passado pediu para colocar um Museu de Hist\u00f3ria Negra do Estado No condado de St. Johns, o senador Tom Leek, R-Amond Beach, apresentou&hellip;<\/p>","protected":false},"author":1,"featured_media":50541,"comment_status":"closed","ping_status":"open","sticky":false,"template":"","format":"standard","meta":{"content-type":"","footnotes":""},"categories":[1],"tags":[],"class_list":["post-99172","post","type-post","status-publish","format-standard","has-post-thumbnail","hentry","category-uncategorized"],"_links":{"self":[{"href":"https:\/\/tvbrazilusa.com\/pt\/wp-json\/wp\/v2\/posts\/99172","targetHints":{"allow":["GET"]}}],"collection":[{"href":"https:\/\/tvbrazilusa.com\/pt\/wp-json\/wp\/v2\/posts"}],"about":[{"href":"https:\/\/tvbrazilusa.com\/pt\/wp-json\/wp\/v2\/types\/post"}],"author":[{"embeddable":true,"href":"https:\/\/tvbrazilusa.com\/pt\/wp-json\/wp\/v2\/users\/1"}],"replies":[{"embeddable":true,"href":"https:\/\/tvbrazilusa.com\/pt\/wp-json\/wp\/v2\/comments?post=99172"}],"version-history":[{"count":1,"href":"https:\/\/tvbrazilusa.com\/pt\/wp-json\/wp\/v2\/posts\/99172\/revisions"}],"predecessor-version":[{"id":99173,"href":"https:\/\/tvbrazilusa.com\/pt\/wp-json\/wp\/v2\/posts\/99172\/revisions\/99173"}],"wp:featuredmedia":[{"embeddable":true,"href":"https:\/\/tvbrazilusa.com\/pt\/wp-json\/wp\/v2\/media\/50541"}],"wp:attachment":[{"href":"https:\/\/tvbrazilusa.com\/pt\/wp-json\/wp\/v2\/media?parent=99172"}],"wp:term":[{"taxonomy":"category","embeddable":true,"href":"https:\/\/tvbrazilusa.com\/pt\/wp-json\/wp\/v2\/categories?post=99172"},{"taxonomy":"post_tag","embeddable":true,"href":"https:\/\/tvbrazilusa.com\/pt\/wp-json\/wp\/v2\/tags?post=99172"}],"curies":[{"name":"wp","href":"https:\/\/api.w.org\/{rel}","templated":true}]}}