{"id":99174,"date":"2025-02-04T16:03:48","date_gmt":"2025-02-04T16:03:48","guid":{"rendered":"https:\/\/tvbrazilusa.com\/2025\/02\/04\/ataque-a-tiros-deixa-pelo-menos-cinco-feridos-em-escola\/"},"modified":"2025-02-04T16:03:49","modified_gmt":"2025-02-04T16:03:49","slug":"ataque-a-tiros-deixa-pelo-menos-cinco-feridos-em-escola","status":"publish","type":"post","link":"https:\/\/tvbrazilusa.com\/pt\/2025\/02\/04\/ataque-a-tiros-deixa-pelo-menos-cinco-feridos-em-escola\/","title":{"rendered":"Ataque a tiros deixa pelo menos cinco feridos em escola"},"content":{"rendered":"<p> <script async src=\"https:\/\/pagead2.googlesyndication.com\/pagead\/js\/adsbygoogle.js?client=ca-pub-8864793242727901\"\r\n     crossorigin=\"anonymous\"><\/script><br \/>\n<\/p>\n<div id=\"taboola-read-more\" style=\"display:block; width:100%\">\n<p>Ao menos cinco pessoas foram baleadas durante um ataque a tiros dentro de uma escola na Su\u00e9cia, nesta ter\u00e7a-feira (4).\n<\/p>\n<p>Segundo informa\u00e7\u00f5es das autoridades, o ato aconteceu na cidade de Orebro, cerca de 200 quil\u00f4metros a oeste de Estocolmo. As opera\u00e7\u00f5es ainda est\u00e3o em andamento na institui\u00e7\u00e3o de ensino.<\/p>\n<p>Por meio de um comunicado, a pol\u00edcia sueca informou que o caso \u00e9 inicialmente tratado como &#8220;tentativa de homic\u00eddio, inc\u00eandio criminoso e crime de armas agravadas\u201d. Equipes de resgate e atendimento m\u00e9dico permanecem no local.\n<\/p>\n<p>Ainda n\u00e3o h\u00e1 detalhes sobre o estado de sa\u00fade das v\u00edtimas atingidas pelos disparos. Alguns ve\u00edculos de imprensa suecos afirmaram que o atirador tirou a pr\u00f3pria vida ap\u00f3s o crime.\n<\/p>\n<p>Um n\u00famero indeterminado de alunos e professores est\u00e1 trancado dentro do pr\u00e9dio como medida de prote\u00e7\u00e3o at\u00e9 o fim da opera\u00e7\u00e3o, acrescentou a pol\u00edcia.\n<\/p>\n<p>A escola Campus Risbergska \u00e9 um centro de educa\u00e7\u00e3o para adultos e, de acordo com uma das professoras, Lena Warenmark, que falou \u00e0 emissora televis\u00e3o p\u00fablica SVT, havia menos alunos do que o normal no local no momento do tiroteio porque muitos tinham ido para casa depois de terminar seus exames.\n<\/p>\n<p>A pol\u00edcia local convocou uma coletiva de imprensa \u00e0s 15h30 (11h30 em Bras\u00edlia) para dar mais detalhes do incidente.\n<\/p>\n<p>Fonte: Gazeta do Povo              <\/p>\n<\/div>\n<p><br \/>\n<br \/><a href=\"https:\/\/diariodobrasilnoticias.com.br\/noticia\/ataque-a-tiros-deixa-pelo-menos-cinco-feridos-em-escola-67a234cd87552\">Source link <\/a><\/p>","protected":false},"excerpt":{"rendered":"<p>Ao menos cinco pessoas foram baleadas durante um ataque a tiros dentro de uma escola na Su\u00e9cia, nesta ter\u00e7a-feira (4). Segundo informa\u00e7\u00f5es das autoridades, o ato aconteceu na cidade de&hellip;<\/p>","protected":false},"author":1,"featured_media":99175,"comment_status":"closed","ping_status":"open","sticky":false,"template":"","format":"standard","meta":{"content-type":"","footnotes":""},"categories":[16],"tags":[123,2448,5313,1267],"class_list":["post-99174","post","type-post","status-publish","format-standard","has-post-thumbnail","hentry","category-noticias","tag-brasil","tag-diario","tag-noticia","tag-noticias"],"_links":{"self":[{"href":"https:\/\/tvbrazilusa.com\/pt\/wp-json\/wp\/v2\/posts\/99174","targetHints":{"allow":["GET"]}}],"collection":[{"href":"https:\/\/tvbrazilusa.com\/pt\/wp-json\/wp\/v2\/posts"}],"about":[{"href":"https:\/\/tvbrazilusa.com\/pt\/wp-json\/wp\/v2\/types\/post"}],"author":[{"embeddable":true,"href":"https:\/\/tvbrazilusa.com\/pt\/wp-json\/wp\/v2\/users\/1"}],"replies":[{"embeddable":true,"href":"https:\/\/tvbrazilusa.com\/pt\/wp-json\/wp\/v2\/comments?post=99174"}],"version-history":[{"count":1,"href":"https:\/\/tvbrazilusa.com\/pt\/wp-json\/wp\/v2\/posts\/99174\/revisions"}],"predecessor-version":[{"id":99176,"href":"https:\/\/tvbrazilusa.com\/pt\/wp-json\/wp\/v2\/posts\/99174\/revisions\/99176"}],"wp:featuredmedia":[{"embeddable":true,"href":"https:\/\/tvbrazilusa.com\/pt\/wp-json\/wp\/v2\/media\/99175"}],"wp:attachment":[{"href":"https:\/\/tvbrazilusa.com\/pt\/wp-json\/wp\/v2\/media?parent=99174"}],"wp:term":[{"taxonomy":"category","embeddable":true,"href":"https:\/\/tvbrazilusa.com\/pt\/wp-json\/wp\/v2\/categories?post=99174"},{"taxonomy":"post_tag","embeddable":true,"href":"https:\/\/tvbrazilusa.com\/pt\/wp-json\/wp\/v2\/tags?post=99174"}],"curies":[{"name":"wp","href":"https:\/\/api.w.org\/{rel}","templated":true}]}}