{"id":99183,"date":"2025-02-04T16:20:29","date_gmt":"2025-02-04T16:20:29","guid":{"rendered":"https:\/\/tvbrazilusa.com\/2025\/02\/04\/a-estrela-do-eagles-ferido-diz-acidentalmente-a-todos-seu-status-de-super-bowl\/"},"modified":"2025-02-04T16:24:53","modified_gmt":"2025-02-04T16:24:53","slug":"a-estrela-do-eagles-ferido-diz-acidentalmente-a-todos-seu-status-de-super-bowl","status":"publish","type":"post","link":"https:\/\/tvbrazilusa.com\/pt\/2025\/02\/04\/a-estrela-do-eagles-ferido-diz-acidentalmente-a-todos-seu-status-de-super-bowl\/","title":{"rendered":"A estrela do Eagles ferido diz acidentalmente a todos seu status de Super Bowl"},"content":{"rendered":"<script async src=\"https:\/\/pagead2.googlesyndication.com\/pagead\/js\/adsbygoogle.js?client=ca-pub-8864793242727901\"\r\n     crossorigin=\"anonymous\"><\/script>\n<div>\n<p class=\"article__paragraph article__paragraph--left\" id=\"7IAS4KSB6JDVRHN7XFOTTCOOME\">Acontece que Brandon Graham estar\u00e1, de fato, dispon\u00edvel para o LIX do Super Bowl, de acordo com o pr\u00f3prio Rusher Eagles Edge.<\/p>\n<p class=\"article__paragraph article__paragraph--left\" id=\"CVYZQRCGV5BRVCDEJTTSXPEZRI\">Graham, que voltou a praticar na semana passada depois de perder os \u00faltimos dois meses com uma l\u00e1grima do tr\u00edceps no bra\u00e7o esquerdo, revelou acidentalmente seu status para os rep\u00f3rteres na segunda -feira.<\/p>\n<p class=\"article__paragraph article__paragraph--left\" id=\"S5YI7HLWHVDCDDFQKTIKDL4HIU\">&#8220;Estou me sentindo bem&#8221;, disse ele na noite de abertura, via <a href=\"https:\/\/www.nytimes.com\/athletic\/6111347\/2025\/02\/03\/eagles-super-bowl-media-night-brandon-graham-kellen-moore\/\" target=\"_blank\">O atl\u00e9tico<\/a>. \u201cEstou me sentindo muito bem. Estou animado, cara, para poder jogar neste jogo. \u201d<\/p>\n<p class=\"article__paragraph article__paragraph--left\" id=\"PHA636HN35ADVGPRITKFB2B6JU\">Um rep\u00f3rter perguntou: &#8220;Espere, voc\u00ea est\u00e1 tocando?&#8221;<\/p>\n<p class=\"article__paragraph article__paragraph--left\" id=\"FQYOHAPZP5BOLC7ETC4P7ERIDE\">&#8220;Estou animado apenas por esta oportunidade&#8221;, respondeu Graham.<\/p>\n<p class=\"article__paragraph article__paragraph--left\" id=\"HXUPQFNQNBGFDKAUTIBNJ2SCOE\">Os Eagles colocaram Graham na reserva ferida no final de novembro, e esperava -se que ele fosse feito para o ano. Antes de sofrer sua les\u00e3o na vit\u00f3ria da semana 12 do Eagles sobre o Los Angeles Rams, Graham foi sem d\u00favida o melhor rusher de passe da equipe, registrando 20 tackles e 3,5 sacos. <\/p>\n<p class=\"article__paragraph article__paragraph--left\" id=\"533FMK4HPBCD3KXF2DHPXEF5TU\">\u201cEstou me sentindo bem agora\u201d, ele disse: \u201cA pr\u00e1tica come\u00e7a na quarta -feira e, se estivermos todos os dias, ent\u00e3o veremos. Os dois primeiros dias da semana passada eu pratiquei foram muito bons. Eu s\u00f3 tenho que ter certeza de que continuo empilhando os dias. \u201d<\/p>\n<p class=\"article__paragraph article__paragraph--left\" id=\"HG5WOGDEGRD57EO25P3F4FU3EI\">No \u00faltimo jogo de Graham, quando ele se machucou, ele gravou tr\u00eas hits QB e um saco.<\/p>\n<p class=\"article__paragraph article__paragraph--left\" id=\"MZ7KADAOLVDC5NEQ5PHG5UXCUU\">\u201cQuando me machuquei, estava vendo [with trainers] Se havia a possibilidade de voltar nesta temporada, disse Graham. \u201cHavia uma possibilidade. Ent\u00e3o eu trabalhei muito duro para garantir que eu reabilitei e fiz tudo o que pude e, quando surgisse a oportunidade, eles sabiam que eu queria voltar e sabia que havia uma chance que eu poderia se fizessem, ent\u00e3o estava me certificando de ter certeza de estava trabalhando. Essa oportunidade veio, e agora eles est\u00e3o me dando uma chance. \u201d<\/p>\n<section class=\"Stories-By-Section-Tag-module_wrapper__69Ed7 Stories-By-Section-Tag-module_nj__RFbQx\"\/>\n<p class=\"article__paragraph article__paragraph--left\" id=\"6WORAEQWEZEKLHJST45N2XHDII\"><i>(Cayden Steele, da NJ Advance Media, contribuiu para este relat\u00f3rio.)<\/i><\/p>\n<p class=\"article__paragraph article__paragraph--left\" id=\"QXC6NUUQLFBO7OH2OWTJ7KCZM4\"><i>Obrigado por confiar em n\u00f3s para fornecer o jornalismo em que voc\u00ea pode confiar. Por favor, considere nos apoiar com uma assinatura.<\/i><\/p>\n<p class=\"article__paragraph article__paragraph--left\" id=\"MTTFQUEZDRFCRMJNX6BWUMVPUI\"><i>Bridget Hyland pode ser alcan\u00e7ado em <\/i><a href=\"https:\/\/www.nj.com\/eagles\/2025\/02\/mailto:bhyland@njadvancemedia.com\"><i>bhyland@njadvancemedia.com<\/i><\/a><i>.<\/i><\/p>\n<\/div>\n<p><br \/>\n<br \/><a href=\"https:\/\/www.nj.com\/eagles\/2025\/02\/injured-eagles-star-accidentally-tells-everyone-his-status-for-super-bowl.html\">Source link <\/a><\/p>","protected":false},"excerpt":{"rendered":"<p>Acontece que Brandon Graham estar\u00e1, de fato, dispon\u00edvel para o LIX do Super Bowl, de acordo com o pr\u00f3prio Rusher Eagles Edge. Graham, que voltou a praticar na semana passada&hellip;<\/p>","protected":false},"author":1,"featured_media":99184,"comment_status":"closed","ping_status":"open","sticky":false,"template":"","format":"standard","meta":{"content-type":"","footnotes":""},"categories":[1],"tags":[],"class_list":["post-99183","post","type-post","status-publish","format-standard","has-post-thumbnail","hentry","category-uncategorized"],"_links":{"self":[{"href":"https:\/\/tvbrazilusa.com\/pt\/wp-json\/wp\/v2\/posts\/99183","targetHints":{"allow":["GET"]}}],"collection":[{"href":"https:\/\/tvbrazilusa.com\/pt\/wp-json\/wp\/v2\/posts"}],"about":[{"href":"https:\/\/tvbrazilusa.com\/pt\/wp-json\/wp\/v2\/types\/post"}],"author":[{"embeddable":true,"href":"https:\/\/tvbrazilusa.com\/pt\/wp-json\/wp\/v2\/users\/1"}],"replies":[{"embeddable":true,"href":"https:\/\/tvbrazilusa.com\/pt\/wp-json\/wp\/v2\/comments?post=99183"}],"version-history":[{"count":1,"href":"https:\/\/tvbrazilusa.com\/pt\/wp-json\/wp\/v2\/posts\/99183\/revisions"}],"predecessor-version":[{"id":99185,"href":"https:\/\/tvbrazilusa.com\/pt\/wp-json\/wp\/v2\/posts\/99183\/revisions\/99185"}],"wp:featuredmedia":[{"embeddable":true,"href":"https:\/\/tvbrazilusa.com\/pt\/wp-json\/wp\/v2\/media\/99184"}],"wp:attachment":[{"href":"https:\/\/tvbrazilusa.com\/pt\/wp-json\/wp\/v2\/media?parent=99183"}],"wp:term":[{"taxonomy":"category","embeddable":true,"href":"https:\/\/tvbrazilusa.com\/pt\/wp-json\/wp\/v2\/categories?post=99183"},{"taxonomy":"post_tag","embeddable":true,"href":"https:\/\/tvbrazilusa.com\/pt\/wp-json\/wp\/v2\/tags?post=99183"}],"curies":[{"name":"wp","href":"https:\/\/api.w.org\/{rel}","templated":true}]}}