{"id":99186,"date":"2025-02-04T16:31:02","date_gmt":"2025-02-04T16:31:02","guid":{"rendered":"https:\/\/tvbrazilusa.com\/2025\/02\/04\/apos-selfie-com-oruam-policial-se-torna-alvo-de-inquerito-veja-video\/"},"modified":"2025-02-04T16:31:05","modified_gmt":"2025-02-04T16:31:05","slug":"apos-selfie-com-oruam-policial-se-torna-alvo-de-inquerito-veja-video","status":"publish","type":"post","link":"https:\/\/tvbrazilusa.com\/pt\/2025\/02\/04\/apos-selfie-com-oruam-policial-se-torna-alvo-de-inquerito-veja-video\/","title":{"rendered":"Ap\u00f3s selfie com Oruam, policial se torna alvo de inqu\u00e9rito; VEJA V\u00cdDEO"},"content":{"rendered":"<p> <script async src=\"https:\/\/pagead2.googlesyndication.com\/pagead\/js\/adsbygoogle.js?client=ca-pub-8864793242727901\"\r\n     crossorigin=\"anonymous\"><\/script><br \/>\n<\/p>\n<div id=\"taboola-read-more\" style=\"display:block; width:100%\">\n<p>Um policial militar virou alvo da corregedoria da corpora\u00e7\u00e3o, no Rio de Janeiro, ap\u00f3s tirar uma selfie com o rapper Oruam, filho do traficante Marcinho VP, um dos l\u00edderes do Comando Vermelho (CV). Fardado durante o expediente e perto de uma viatura, o PM se aproximou do artista e, com celular em punho, sorriu para fotos ao lado do cantor.<\/p>\n<p>O v\u00eddeo que registrou a tietagem chegou \u00e0 c\u00fapula da Pol\u00edcia Militar. Em entrevista \u00e0 coluna Paulo Cappelli nesta ter\u00e7a-feira (4\/2), o comandante-geral da PMERJ, coronel Marcelo Menezes de Nogueira, informou que determinou a instaura\u00e7\u00e3o de um processo administrativo.<\/p>\n<p>\u201cDeterminei a abertura de inqu\u00e9rito policial militar, de cunho interno, a ser realizado pela corregedoria. N\u00e3o farei julgamento preliminar, mas entendo que n\u00e3o \u00e9 recomend\u00e1vel associar um \u00f3rg\u00e3o policial a um rapper que exalta o fato de ser filho de traficante. \u00c0 medida que o policial est\u00e1 fardado, a servi\u00e7o da seguran\u00e7a do estado, efetivamente minha vis\u00e3o \u00e9 que n\u00e3o \u00e9 desej\u00e1vel essa conduta. Repudio a posi\u00e7\u00e3o do policial. Ela n\u00e3o representa a posi\u00e7\u00e3o da Pol\u00edcia Militar do Estado Rio de Janeiro\u201d, afirmou Marcelo Menezes de Nogueira.<\/p>\n<p>\u201cSem prejulgar, vamos promover a oitiva do policial para entender a din\u00e2mica e a circunst\u00e2ncia do ato. Vamos apurar respeitando o direito ao contradit\u00f3rio e \u00e0 ampla defesa\u201d, prosseguiu o chefe da Pol\u00edcia Militar.<\/p>\n<p>Antes de passar pela an\u00e1lise da corregedoria, o v\u00eddeo que mostra o pedido de selfie a Oruam circulou em um grupo fechado de policiais no WhatsApp. A atitude do militar foi criticada por colegas de farda.<\/p>\n<p>Houve quem ponderasse que Oruam n\u00e3o pode ser associado aos atos cometidos pelo pai. Mas a maioria dos integrantes da comunidade virtual sustentou que algumas letras do rapper fariam apologia ao tr\u00e1fico de dr0gas e de arm4s. E que uma das bandeiras do artista \u00e9 a liberdade do traficante Marcinho VP, condenado e preso por esqu4rtejar e m4tar advers\u00e1rios do Comando Vermelho.\n<\/p>\n<p>Fonte: Metr\u00f3poles              <\/p>\n<\/div>\n<p><br \/>\n<br \/><a href=\"https:\/\/diariodobrasilnoticias.com.br\/noticia\/apos-selfie-com-oruam-policial-se-torna-alvo-de-inquerito-veja-video-67a219165d3ba\">Source link <\/a><\/p>","protected":false},"excerpt":{"rendered":"<p>Um policial militar virou alvo da corregedoria da corpora\u00e7\u00e3o, no Rio de Janeiro, ap\u00f3s tirar uma selfie com o rapper Oruam, filho do traficante Marcinho VP, um dos l\u00edderes do&hellip;<\/p>","protected":false},"author":1,"featured_media":99187,"comment_status":"closed","ping_status":"open","sticky":false,"template":"","format":"standard","meta":{"content-type":"","footnotes":""},"categories":[16],"tags":[123,2448,5313,1267],"class_list":["post-99186","post","type-post","status-publish","format-standard","has-post-thumbnail","hentry","category-noticias","tag-brasil","tag-diario","tag-noticia","tag-noticias"],"_links":{"self":[{"href":"https:\/\/tvbrazilusa.com\/pt\/wp-json\/wp\/v2\/posts\/99186","targetHints":{"allow":["GET"]}}],"collection":[{"href":"https:\/\/tvbrazilusa.com\/pt\/wp-json\/wp\/v2\/posts"}],"about":[{"href":"https:\/\/tvbrazilusa.com\/pt\/wp-json\/wp\/v2\/types\/post"}],"author":[{"embeddable":true,"href":"https:\/\/tvbrazilusa.com\/pt\/wp-json\/wp\/v2\/users\/1"}],"replies":[{"embeddable":true,"href":"https:\/\/tvbrazilusa.com\/pt\/wp-json\/wp\/v2\/comments?post=99186"}],"version-history":[{"count":1,"href":"https:\/\/tvbrazilusa.com\/pt\/wp-json\/wp\/v2\/posts\/99186\/revisions"}],"predecessor-version":[{"id":99188,"href":"https:\/\/tvbrazilusa.com\/pt\/wp-json\/wp\/v2\/posts\/99186\/revisions\/99188"}],"wp:featuredmedia":[{"embeddable":true,"href":"https:\/\/tvbrazilusa.com\/pt\/wp-json\/wp\/v2\/media\/99187"}],"wp:attachment":[{"href":"https:\/\/tvbrazilusa.com\/pt\/wp-json\/wp\/v2\/media?parent=99186"}],"wp:term":[{"taxonomy":"category","embeddable":true,"href":"https:\/\/tvbrazilusa.com\/pt\/wp-json\/wp\/v2\/categories?post=99186"},{"taxonomy":"post_tag","embeddable":true,"href":"https:\/\/tvbrazilusa.com\/pt\/wp-json\/wp\/v2\/tags?post=99186"}],"curies":[{"name":"wp","href":"https:\/\/api.w.org\/{rel}","templated":true}]}}