{"id":99189,"date":"2025-02-04T16:08:59","date_gmt":"2025-02-04T16:08:59","guid":{"rendered":"https:\/\/tvbrazilusa.com\/2025\/02\/04\/oficiais-do-xerife-processaram-a-mordida-do-k9-durante-a-parada-de-transito-jacksonville-hoje\/"},"modified":"2025-02-04T16:34:11","modified_gmt":"2025-02-04T16:34:11","slug":"oficiais-do-xerife-processaram-a-mordida-do-k9-durante-a-parada-de-transito-jacksonville-hoje","status":"publish","type":"post","link":"https:\/\/tvbrazilusa.com\/pt\/2025\/02\/04\/oficiais-do-xerife-processaram-a-mordida-do-k9-durante-a-parada-de-transito-jacksonville-hoje\/","title":{"rendered":"Oficiais do xerife processaram a mordida do K9 durante a parada de tr\u00e2nsito | Jacksonville hoje"},"content":{"rendered":"<p> <script async src=\"https:\/\/pagead2.googlesyndication.com\/pagead\/js\/adsbygoogle.js?client=ca-pub-8864793242727901\"\r\n     crossorigin=\"anonymous\"><\/script><br \/>\n<\/p>\n<div>\n<p>Um homem de Jacksonville est\u00e1 processando o xerife TK Waters e tr\u00eas oficiais com o escrit\u00f3rio do xerife de Jacksonville depois que ele diz que foi <a href=\"https:\/\/www.news4jax.com\/news\/local\/2025\/02\/04\/jacksonville-man-suing-sheriff-3-jso-officers-for-alleged-k9-bite-during-2023-traffic-stop\/\" rel=\"nofollow noopener\" target=\"_blank\">ferido por um K9<\/a> Durante uma parada de tr\u00e2nsito h\u00e1 quase dois anos.<\/p>\n<p>Joseph Bratcher acusa os oficiais de usar for\u00e7a excessiva, usando um K9 durante uma parada de tr\u00e2nsito em 17 de maio de 2023, na Canal Street, no noroeste de Jacksonville.<\/p>\n<p>O processo diz que Bratcher foi parado pouco antes das 22h naquela noite. Ele diz que o policial que o puxou, que n\u00e3o \u00e9 identificado no processo, disse -lhe para sair do carro.<\/p>\n<p>Bratcher diz que o policial pediu backup e um oficial do K9.<\/p>\n<p>Ele afirma que seis policiais responderam, incluindo os tr\u00eas sendo processados.<\/p>\n<p>De acordo com o processo, Bratcher diz que saiu do carro com as m\u00e3os no ar e um dos policiais lhe disse para andar para tr\u00e1s.<\/p>\n<p>Bratcher diz que seguiu essas ordens e continuou dizendo que &#8220;ele estava assustado&#8221;.<\/p>\n<p>O processo afirma que Bratcher cumpriu todos os comandos e nunca tentou administrar ou confrontar os oficiais.<\/p>\n<p>O processo afirma que um oficial disse a outro oficial para libertar o K9 no Bratcher e diz que o cachorro o mordeu no bra\u00e7o direito por &#8220;mais de 30 segundos&#8221;.<\/p>\n<p>Bratcher diz que, enquanto estava sendo mordido, o mesmo oficial que ordenou que o K9 lhe dissesse a Bratcher para \u201crastejar para mim. Traga -me o cachorro. \u201d<\/p>\n<p>O processo afirma que Bratcher fez o que lhe foi dito. Bratcher acusa um oficial diferente de ajoelhar -se nas costas e coloc\u00e1 -lo algemado.<\/p>\n<p>Bratcher diz que foi levado a um hospital para ser tratado por seus ferimentos pela mordida do K9. Ele disse que causou &#8220;cicatrizes significativas e desfigura\u00e7\u00e3o&#8221;.<\/p>\n<p>Bratcher diz que foi preso e enfrentou acusa\u00e7\u00f5es de dire\u00e7\u00e3o imprudente e resist\u00eancia \u00e0 pris\u00e3o.<\/p>\n<p>O processo continua dizendo que o escrit\u00f3rio do procurador do estado retirou essas acusa\u00e7\u00f5es menos de dois meses depois em 7 de agosto de 2023.<\/p>\n<p>Bratcher acusa os oficiais de for\u00e7a excessiva que lhe causaram dor e sofrimento f\u00edsico e emocional.<\/p>\n<p>Ele tamb\u00e9m acusa as \u00e1guas do xerife da bateria, mesmo que n\u00e3o estivesse fisicamente na parada de tr\u00e2nsito.<\/p>\n<p>O processo afirma que Waters \u00e9 respons\u00e1vel pelas a\u00e7\u00f5es dos oficiais, dizendo que ele lhes deu autoridade atrav\u00e9s do treinamento que receberam.<\/p>\n<p>De acordo com o processo, Bratcher est\u00e1 pedindo um julgamento por j\u00fari.<\/p>\n<p>O News4Jax entrou em contato com o escrit\u00f3rio do xerife para obter sua resposta \u00e0s alega\u00e7\u00f5es feitas no processo. Um porta -voz disse: &#8220;N\u00e3o podemos comentar sobre a\u00e7\u00f5es em andamento referentes ao escrit\u00f3rio do xerife&#8221;.<\/p>\n<p><em>Esta hist\u00f3ria foi produzida por <a href=\"https:\/\/www.news4jax.com\/\" rel=\"nofollow noopener\" target=\"_blank\">News4Jax<\/a>a <\/em>Jacksonville hoje<em> Parceiro de not\u00edcias.<\/em><\/p>\n<\/div>\n<p><br \/>\n<br \/><a href=\"https:\/\/jaxtoday.org\/2025\/02\/04\/k9-lawsuit-jacksonville\/\">Source link <\/a><\/p>","protected":false},"excerpt":{"rendered":"<p>Um homem de Jacksonville est\u00e1 processando o xerife TK Waters e tr\u00eas oficiais com o escrit\u00f3rio do xerife de Jacksonville depois que ele diz que foi ferido por um K9&hellip;<\/p>","protected":false},"author":1,"featured_media":7107,"comment_status":"closed","ping_status":"open","sticky":false,"template":"","format":"standard","meta":{"content-type":"","footnotes":""},"categories":[1],"tags":[],"class_list":["post-99189","post","type-post","status-publish","format-standard","has-post-thumbnail","hentry","category-uncategorized"],"_links":{"self":[{"href":"https:\/\/tvbrazilusa.com\/pt\/wp-json\/wp\/v2\/posts\/99189","targetHints":{"allow":["GET"]}}],"collection":[{"href":"https:\/\/tvbrazilusa.com\/pt\/wp-json\/wp\/v2\/posts"}],"about":[{"href":"https:\/\/tvbrazilusa.com\/pt\/wp-json\/wp\/v2\/types\/post"}],"author":[{"embeddable":true,"href":"https:\/\/tvbrazilusa.com\/pt\/wp-json\/wp\/v2\/users\/1"}],"replies":[{"embeddable":true,"href":"https:\/\/tvbrazilusa.com\/pt\/wp-json\/wp\/v2\/comments?post=99189"}],"version-history":[{"count":1,"href":"https:\/\/tvbrazilusa.com\/pt\/wp-json\/wp\/v2\/posts\/99189\/revisions"}],"predecessor-version":[{"id":99190,"href":"https:\/\/tvbrazilusa.com\/pt\/wp-json\/wp\/v2\/posts\/99189\/revisions\/99190"}],"wp:featuredmedia":[{"embeddable":true,"href":"https:\/\/tvbrazilusa.com\/pt\/wp-json\/wp\/v2\/media\/7107"}],"wp:attachment":[{"href":"https:\/\/tvbrazilusa.com\/pt\/wp-json\/wp\/v2\/media?parent=99189"}],"wp:term":[{"taxonomy":"category","embeddable":true,"href":"https:\/\/tvbrazilusa.com\/pt\/wp-json\/wp\/v2\/categories?post=99189"},{"taxonomy":"post_tag","embeddable":true,"href":"https:\/\/tvbrazilusa.com\/pt\/wp-json\/wp\/v2\/tags?post=99189"}],"curies":[{"name":"wp","href":"https:\/\/api.w.org\/{rel}","templated":true}]}}