{"id":99191,"date":"2025-02-04T16:42:18","date_gmt":"2025-02-04T16:42:18","guid":{"rendered":"https:\/\/tvbrazilusa.com\/2025\/02\/04\/ladroes-zombam-em-arrastao-e-dizem-que-vao-voltar-com-30-telefones-veja-video\/"},"modified":"2025-02-04T16:42:19","modified_gmt":"2025-02-04T16:42:19","slug":"ladroes-zombam-em-arrastao-e-dizem-que-vao-voltar-com-30-telefones-veja-video","status":"publish","type":"post","link":"https:\/\/tvbrazilusa.com\/pt\/2025\/02\/04\/ladroes-zombam-em-arrastao-e-dizem-que-vao-voltar-com-30-telefones-veja-video\/","title":{"rendered":"Ladr\u00f5es zombam em arrast\u00e3o e dizem que v\u00e3o voltar com 30 telefones; VEJA V\u00cdDEO"},"content":{"rendered":"<p> <script async src=\"https:\/\/pagead2.googlesyndication.com\/pagead\/js\/adsbygoogle.js?client=ca-pub-8864793242727901\"\r\n     crossorigin=\"anonymous\"><\/script><br \/>\n<\/p>\n<div id=\"taboola-read-more\" style=\"display:block; width:100%\">\n<p>Um v\u00eddeo mostra um homem anunciando um arrast\u00e3o e zombando da seguran\u00e7a p\u00fablica em Nova Igua\u00e7u, no Rio de Janeiro.<\/p>\n<p>No v\u00eddeo, que viralizou nas redes sociais, o assaltante afirma: \u201cVamos voltar com mais de 30 telefones\u201d.<\/p>\n<p>A pessoa que gravou mostra o tr\u00e2nsito na Via Dutra, na Baixada Fluminense, parcialmente parado. Al\u00e9m de anunciar o arrast\u00e3o, o criminoso ri e mostra os comparsas.<\/p>\n<p>Ele come\u00e7a dizendo: \u201cA\u00ed, a Baixada a\u00ed, pega a vis\u00e3o. Paramos foi a Dutra, p\u00f4\u201d.<\/p>\n<p>O deboche com a seguran\u00e7a p\u00fablica e com as v\u00edtimas que foram roubadas gerou revolta nas redes sociais.<\/p>\n<p>A coluna Na Mira aguarda mais informa\u00e7\u00f5es da Secretaria de Estado de Seguran\u00e7a P\u00fablica do Rio de Janeiro (SESP).\n<\/p>\n<p>Fonte: Metr\u00f3poles              <\/p>\n<\/div>\n<p><br \/>\n<br \/><a href=\"https:\/\/diariodobrasilnoticias.com.br\/noticia\/ladroes-zombam-em-arrastao-e-dizem-que-vao-voltar-com-30-telefones-veja-video-67a21ba4a51d8\">Source link <\/a><\/p>","protected":false},"excerpt":{"rendered":"<p>Um v\u00eddeo mostra um homem anunciando um arrast\u00e3o e zombando da seguran\u00e7a p\u00fablica em Nova Igua\u00e7u, no Rio de Janeiro. No v\u00eddeo, que viralizou nas redes sociais, o assaltante afirma:&hellip;<\/p>","protected":false},"author":1,"featured_media":99192,"comment_status":"closed","ping_status":"open","sticky":false,"template":"","format":"standard","meta":{"content-type":"","footnotes":""},"categories":[16],"tags":[123,2448,5313,1267],"class_list":["post-99191","post","type-post","status-publish","format-standard","has-post-thumbnail","hentry","category-noticias","tag-brasil","tag-diario","tag-noticia","tag-noticias"],"_links":{"self":[{"href":"https:\/\/tvbrazilusa.com\/pt\/wp-json\/wp\/v2\/posts\/99191","targetHints":{"allow":["GET"]}}],"collection":[{"href":"https:\/\/tvbrazilusa.com\/pt\/wp-json\/wp\/v2\/posts"}],"about":[{"href":"https:\/\/tvbrazilusa.com\/pt\/wp-json\/wp\/v2\/types\/post"}],"author":[{"embeddable":true,"href":"https:\/\/tvbrazilusa.com\/pt\/wp-json\/wp\/v2\/users\/1"}],"replies":[{"embeddable":true,"href":"https:\/\/tvbrazilusa.com\/pt\/wp-json\/wp\/v2\/comments?post=99191"}],"version-history":[{"count":1,"href":"https:\/\/tvbrazilusa.com\/pt\/wp-json\/wp\/v2\/posts\/99191\/revisions"}],"predecessor-version":[{"id":99193,"href":"https:\/\/tvbrazilusa.com\/pt\/wp-json\/wp\/v2\/posts\/99191\/revisions\/99193"}],"wp:featuredmedia":[{"embeddable":true,"href":"https:\/\/tvbrazilusa.com\/pt\/wp-json\/wp\/v2\/media\/99192"}],"wp:attachment":[{"href":"https:\/\/tvbrazilusa.com\/pt\/wp-json\/wp\/v2\/media?parent=99191"}],"wp:term":[{"taxonomy":"category","embeddable":true,"href":"https:\/\/tvbrazilusa.com\/pt\/wp-json\/wp\/v2\/categories?post=99191"},{"taxonomy":"post_tag","embeddable":true,"href":"https:\/\/tvbrazilusa.com\/pt\/wp-json\/wp\/v2\/tags?post=99191"}],"curies":[{"name":"wp","href":"https:\/\/api.w.org\/{rel}","templated":true}]}}