{"id":99200,"date":"2025-02-04T16:58:09","date_gmt":"2025-02-04T16:58:09","guid":{"rendered":"https:\/\/tvbrazilusa.com\/2025\/02\/04\/os-advogados-tentam-salvar-o-marco-dos-direitos-civis-no-condado-de-st-johns-jacksonville-hoje\/"},"modified":"2025-02-04T17:08:44","modified_gmt":"2025-02-04T17:08:44","slug":"os-advogados-tentam-salvar-o-marco-dos-direitos-civis-no-condado-de-st-johns-jacksonville-hoje","status":"publish","type":"post","link":"https:\/\/tvbrazilusa.com\/pt\/2025\/02\/04\/os-advogados-tentam-salvar-o-marco-dos-direitos-civis-no-condado-de-st-johns-jacksonville-hoje\/","title":{"rendered":"Os advogados tentam salvar o marco dos direitos civis no Condado de St. Johns | Jacksonville hoje"},"content":{"rendered":"<p> <script async src=\"https:\/\/pagead2.googlesyndication.com\/pagead\/js\/adsbygoogle.js?client=ca-pub-8864793242727901\"\r\n     crossorigin=\"anonymous\"><\/script><br \/>\n<\/p>\n<div>\n<p>Os defensores da hist\u00f3ria local est\u00e3o preocupados com o fato de o Condado de St. Johns derrubar um pr\u00e9dio com la\u00e7os com o Rev. Martin Luther King Jr.<\/p>\n<p>O plano foi adiado por enquanto, mas o Conselho de Revis\u00e3o de Recursos Culturais do Condado foi programado para discutir a demoli\u00e7\u00e3o de um pr\u00e9dio da pris\u00e3o antiga na pr\u00f3xima semana.<\/p>\n<p>O edif\u00edcio fica vazio h\u00e1 anos, imprensado entre edif\u00edcios administrativos no complexo administrativo do Gabinete do Xerife de St. Johns em Lewis Speedway. Se voc\u00ea n\u00e3o soubesse o que estava olhando, poderia perder completamente o pr\u00e9dio retangular atarracado constru\u00eddo na d\u00e9cada de 1950.<\/p>\n<p>O que o diferencia de seus vizinhos s\u00e3o as placas. <\/p>\n<figure class=\"wp-block-image size-large\"><figcaption class=\"wp-element-caption\">Uma placa colocada no antigo pr\u00e9dio da pris\u00e3o em Lewis Speedway pela Accord Freedom Trail conta a hist\u00f3ria dos la\u00e7os do edif\u00edcio com o movimento dos direitos civis. | Noah Hertz, Jacksonville hoje<\/figcaption><\/figure>\n<p>Na d\u00e9cada de 1960, o pr\u00e9dio da pris\u00e3o era onde ativistas de direitos civis como King e um grupo de rabinos foram mantidos ap\u00f3s serem presos por protestar contra a segrega\u00e7\u00e3o. <\/p>\n<p>O advogado hist\u00f3rico de preserva\u00e7\u00e3o David Nolan diz que est\u00e1 feliz por o condado ter adiado qualquer decis\u00e3o sobre a demoli\u00e7\u00e3o do pr\u00e9dio da pris\u00e3o, mas ele est\u00e1 preocupado que o condado n\u00e3o tenha agredido completamente a id\u00e9ia. <\/p>\n<p>\u201cSe nosso governo do condado n\u00e3o o salvar\u00e1, de fato deseja que ele desapare\u00e7a, quanta confian\u00e7a podemos ter neles em um momento em que eles fazem campanha para obter o oficial do estado <a href=\"https:\/\/jaxtoday.org\/2025\/02\/04\/black-history-museum-legislation\/\">Museu de Hist\u00f3ria Negra<\/a> aqui?&#8221; Nolan diz. &#8220;Eles devem mostrar alguma preocupa\u00e7\u00e3o em preservar a hist\u00f3ria negra e n\u00e3o destru\u00ed -la.&#8221;<\/p>\n<p>Nolan trabalha com o Accord Freedom Trail, uma organiza\u00e7\u00e3o local que colocou placas em locais em torno do Condado de St. Johns associados ao movimento dos direitos civis. Tendo estado envolvido na preserva\u00e7\u00e3o hist\u00f3rica h\u00e1 d\u00e9cadas, Nolan n\u00e3o acredita que o condado tenha o melhor hist\u00f3rico.<\/p>\n<p>&#8220;Quero dizer, temos uma longa hist\u00f3ria aqui de destruir marcos de direitos civis&#8221;, diz ele.<\/p>\n<p>Em 1964, o propriet\u00e1rio do Monson Motor Lodge foi fotografado derramando gal\u00f5es de \u00e1cido em uma piscina onde um grupo de jovens negros havia pulado para protestar contra a segrega\u00e7\u00e3o. Agora, um hotel fica onde o Motor Lodge j\u00e1 estava no centro de Santo Agostinho. <\/p>\n<p>O antigo Ponce de Leon Resort Motor Lodge tamb\u00e9m se foi. Aquele site \u00e9 onde v\u00e1rios manifestantes, <a href=\"https:\/\/www.npr.org\/sections\/codeswitch\/2014\/03\/28\/294816965\/why-a-proper-lady-found-herself-behind-bars\" rel=\"nofollow noopener\" target=\"_blank\">incluindo o ent\u00e3o governador da m\u00e3e de Massachusetts<\/a> -foram presos por se recusarem a dissolver uma sequ\u00eancia no mesmo ano.<\/p>\n<div class=\"wp-block-image\">\n<figure class=\"aligncenter size-full\"><img loading=\"lazy\" color=\"565656\" transparency=\"false\" style=\"--dominant-color: #565656;\" decoding=\"async\" width=\"512\" height=\"503\" src=\"https:\/\/jaxtoday.org\/wp-content\/uploads\/2025\/02\/Mary-Peabody-arrested.jpg\" alt=\"\" class=\"not-transparent wp-image-86940\" srcset=\"https:\/\/jaxtoday.org\/wp-content\/uploads\/2025\/02\/Mary-Peabody-arrested.jpg 512w, https:\/\/jaxtoday.org\/wp-content\/uploads\/2025\/02\/Mary-Peabody-arrested-300x295.jpg 300w, https:\/\/jaxtoday.org\/wp-content\/uploads\/2025\/02\/Mary-Peabody-arrested-244x240.jpg 244w, https:\/\/jaxtoday.org\/wp-content\/uploads\/2025\/02\/Mary-Peabody-arrested-100x98.jpg 100w\" sizes=\"auto, (max-width: 512px) 100vw, 512px\"\/><figcaption class=\"wp-element-caption\">Depois que ela foi presa por participar de uma manifesta\u00e7\u00e3o no Ponce de Leon Resort Motor Lodge em US 1 em Santo Agostinho, Mary Peabody foi levada para a pris\u00e3o de St. Johns County em Lewis Speedway. | Associated Press<\/figcaption><\/figure>\n<\/div>\n<p>O pedido para demolir o pr\u00e9dio veio do Gabinete do Xerife do Condado de St. Johns. Segundo o munic\u00edpio, &#8220;o motivo da solicita\u00e7\u00e3o foram os custos de manuten\u00e7\u00e3o, os problemas de sa\u00fade dos funcion\u00e1rios e a necessidade de seguran\u00e7a do local&#8221;. <\/p>\n<p>O Condado de St. Johns emitiu um pedido de cita\u00e7\u00f5es sobre a demoli\u00e7\u00e3o do pr\u00e9dio em novembro passado. Antes de avan\u00e7ar a demoli\u00e7\u00e3o, o Conselho de Revis\u00e3o de Recursos Culturais do Condado estava programado para discutir se o edif\u00edcio deveria ser preservado por seu valor hist\u00f3rico e, se foi demolido, a melhor forma de proteger os edif\u00edcios pr\u00f3ximos.<\/p>\n<p>O historiador local Paul Weaver est\u00e1 trabalhando com o Condado de St. Johns para obter todas as informa\u00e7\u00f5es sobre o pr\u00e9dio em um local para as autoridades do condado revisarem. Weaver \u00e9 membro do Conselho de Revis\u00e3o de Arquitetura Hist\u00f3rica de St. Augustine e lidera uma empresa local, a Historic Property Associates Inc., que trabalha para preservar edif\u00edcios locais. <\/p>\n<p>Weaver reconhece o relacionamento do edif\u00edcio com o movimento dos direitos civis, mas ele diz que o munic\u00edpio est\u00e1 fazendo sua devida dilig\u00eancia para determinar se o edif\u00edcio \u00e9 historicamente significativo o suficiente para salvar.<\/p>\n<p>Como o edif\u00edcio n\u00e3o est\u00e1 em nenhum banco de dados nacional de edif\u00edcios hist\u00f3ricos, diz Weaver, o trabalho n\u00e3o havia sido feito anteriormente para montar um arquivo em seu hist\u00f3rico. <\/p>\n<p>&#8220;N\u00e3o estamos tentando negar que a hist\u00f3ria ocorreu ou algo assim&#8221;, diz Weaver. &#8220;At\u00e9 voc\u00ea colocar seus cart\u00f5es na mesa e documentar e aplicar os crit\u00e9rios, \u00e9 como qualquer outra coisa.&#8221; <\/p>\n<p>A oposi\u00e7\u00e3o aumentou rapidamente quando as not\u00edcias se espalharam que o pr\u00e9dio poderia ser demolido. <\/p>\n<p>Nolan escreveu aos funcion\u00e1rios eleitos locais, assim como o rabino Merrill Shapiro, o chefe da Sociedade Hist\u00f3rica Judaica de Santo Agostinho. Shapiro come\u00e7ou <a href=\"https:\/\/www.change.org\/p\/preserve-the-historic-st-johns-county-jail-annex-and-honor-its-civil-rights-legacy?utm_medium=custom_url&#038;utm_source=share_petition&#038;recruited_by_id=dae95890-e017-11ef-aea5-cbbd90930ff9\" rel=\"nofollow noopener\" target=\"_blank\">uma peti\u00e7\u00e3o online<\/a> Para salvar o pr\u00e9dio da pris\u00e3o que recebeu mais de 100 assinaturas. <\/p>\n<p>Embora a pris\u00e3o n\u00e3o esteja mais na agenda da reuni\u00e3o de 10 de fevereiro do Conselho de Revis\u00e3o de Recursos Culturais, ela ainda n\u00e3o foi colocada em uma futura agenda. Uma declara\u00e7\u00e3o do condado observa que a mudan\u00e7a da reuni\u00e3o dar\u00e1 \u00e0 equipe do condado mais tempo para pesquisar o edif\u00edcio e permitir &#8220;um maior envolvimento da comunidade&#8221;.<\/p>\n<p>Advogados como Nolan permanecem preocupados.<\/p>\n<p>\u201cEu me sentiria tranquilo se eles dissessem: &#8216;Desculpe, foi uma m\u00e1 ideia. Temos ovo na nossa cara, pedimos desculpas e criaremos um plano para preservar esse marco e compartilhar seu significado em vez de escond\u00ea -lo &#8221;, diz ele.<\/p>\n<p>Em comunicado divulgado na noite de segunda -feira, o administrador do condado Joy Andrews diz que entende o qu\u00e3o importante \u00e9 o edif\u00edcio para o movimento dos direitos civis. Ela elogiou a equipe do condado por &#8220;reconhecer a import\u00e2ncia disso ao receber o pedido&#8221;.<\/p>\n<p>&#8220;Pesaremos cuidadosamente as op\u00e7\u00f5es de preserva\u00e7\u00e3o ao lado das necessidades operacionais (do escrit\u00f3rio do xerife)&#8221;, diz Andrews. &#8220;Estamos comprometidos em prosseguir com aten\u00e7\u00e3o, guiados pela an\u00e1lise de um consultor, recomenda\u00e7\u00f5es (Conselho de Revis\u00e3o de Recursos Culturais) e cont\u00ednuo di\u00e1logo robusto da comunidade&#8221;.<\/p>\n<\/div>\n<p><br \/>\n<br \/><a href=\"https:\/\/jaxtoday.org\/2025\/02\/04\/advocates-try-to-save-civil-rights-landmark-in-st-johns-county\/\">Source link <\/a><\/p>","protected":false},"excerpt":{"rendered":"<p>Os defensores da hist\u00f3ria local est\u00e3o preocupados com o fato de o Condado de St. Johns derrubar um pr\u00e9dio com la\u00e7os com o Rev. Martin Luther King Jr. O plano&hellip;<\/p>","protected":false},"author":1,"featured_media":99201,"comment_status":"closed","ping_status":"open","sticky":false,"template":"","format":"standard","meta":{"content-type":"","footnotes":""},"categories":[1],"tags":[],"class_list":["post-99200","post","type-post","status-publish","format-standard","has-post-thumbnail","hentry","category-uncategorized"],"_links":{"self":[{"href":"https:\/\/tvbrazilusa.com\/pt\/wp-json\/wp\/v2\/posts\/99200","targetHints":{"allow":["GET"]}}],"collection":[{"href":"https:\/\/tvbrazilusa.com\/pt\/wp-json\/wp\/v2\/posts"}],"about":[{"href":"https:\/\/tvbrazilusa.com\/pt\/wp-json\/wp\/v2\/types\/post"}],"author":[{"embeddable":true,"href":"https:\/\/tvbrazilusa.com\/pt\/wp-json\/wp\/v2\/users\/1"}],"replies":[{"embeddable":true,"href":"https:\/\/tvbrazilusa.com\/pt\/wp-json\/wp\/v2\/comments?post=99200"}],"version-history":[{"count":1,"href":"https:\/\/tvbrazilusa.com\/pt\/wp-json\/wp\/v2\/posts\/99200\/revisions"}],"predecessor-version":[{"id":99202,"href":"https:\/\/tvbrazilusa.com\/pt\/wp-json\/wp\/v2\/posts\/99200\/revisions\/99202"}],"wp:featuredmedia":[{"embeddable":true,"href":"https:\/\/tvbrazilusa.com\/pt\/wp-json\/wp\/v2\/media\/99201"}],"wp:attachment":[{"href":"https:\/\/tvbrazilusa.com\/pt\/wp-json\/wp\/v2\/media?parent=99200"}],"wp:term":[{"taxonomy":"category","embeddable":true,"href":"https:\/\/tvbrazilusa.com\/pt\/wp-json\/wp\/v2\/categories?post=99200"},{"taxonomy":"post_tag","embeddable":true,"href":"https:\/\/tvbrazilusa.com\/pt\/wp-json\/wp\/v2\/tags?post=99200"}],"curies":[{"name":"wp","href":"https:\/\/api.w.org\/{rel}","templated":true}]}}