{"id":99212,"date":"2025-02-04T16:57:50","date_gmt":"2025-02-04T16:57:50","guid":{"rendered":"https:\/\/tvbrazilusa.com\/2025\/02\/04\/o-filho-de-michael-jordan-foi-preso-por-drogas-acusacoes-de-dui-relatorios\/"},"modified":"2025-02-04T17:39:52","modified_gmt":"2025-02-04T17:39:52","slug":"o-filho-de-michael-jordan-foi-preso-por-drogas-acusacoes-de-dui-relatorios","status":"publish","type":"post","link":"https:\/\/tvbrazilusa.com\/pt\/2025\/02\/04\/o-filho-de-michael-jordan-foi-preso-por-drogas-acusacoes-de-dui-relatorios\/","title":{"rendered":"O filho de Michael Jordan foi preso por drogas, acusa\u00e7\u00f5es de DUI: relat\u00f3rios"},"content":{"rendered":"<p> <script async src=\"https:\/\/pagead2.googlesyndication.com\/pagead\/js\/adsbygoogle.js?client=ca-pub-8864793242727901\"\r\n     crossorigin=\"anonymous\"><\/script><br \/>\n<\/p>\n<div>\n<p>Orlando, FL &#8211; <a href=\"https:\/\/pagesix.com\/2025\/02\/04\/celebrity-news\/marcus-jordan-arrested-for-cocaine-possession-dui-and-resisting-arrest-in-florida-2\/\" target=\"_blank\" rel=\"nofollow\">Marcus Jordan<\/a>o filho da ex -estrela da NBA e indutor do Hall of Fame Michael Jordan, foi preso sob a acusa\u00e7\u00e3o de posse de coca\u00edna e dirigir sob a influ\u00eancia no Condado de Orange, segundo relatos.<\/p>\n<\/div>\n<div>\n<p>Os registros da pris\u00e3o de Orange County mostraram que Marcus Jordan, 34 anos, foi preso na ter\u00e7a -feira em Orlando e estava preso na pris\u00e3o. Ele foi libertado por volta das 9h30, disse Fox Orlando.<\/p>\n<p>Al\u00e9m de dirigir sob influ\u00eancia com danos \u00e0 propriedade, <a href=\"https:\/\/www.usatoday.com\/story\/sports\/2025\/02\/04\/marcus-jordan-arrested-florida-cocaine-dui-resisting-arrest\/78207877007\/\" rel=\"nofollow\" target=\"_blank\">EUA hoje<\/a> relatou que ele tamb\u00e9m foi acusado de suspeita de posse de coca\u00edna e resist\u00eancia \u00e0 pris\u00e3o. Seu v\u00ednculo foi fixado em US $ 4.000.<\/p>\n<\/div>\n<div>\n<p><a href=\"https:\/\/www.wesh.com\/article\/marcus-jordan-arrest-florida\/63663575\" target=\"_blank\" rel=\"nofollow\">Marcus Jordan<\/a>que \u00e9 propriet\u00e1rio de uma loja de cal\u00e7ados do centro de Orlando e ex -atleta da Universidade da Fl\u00f3rida, foi acusado de fugir de uma parada de tr\u00e2nsito perto do Departamento de Pol\u00edcia de Maitland, informou Wesh 2, citando uma declara\u00e7\u00e3o de pris\u00e3o.<\/p>\n<p>Algum tempo depois, os deputados do Condado de Seminole na \u00e1rea viram o SUV azul Lamborghini de Marcus Jordan sentado em um conjunto de trilhos de ferrovia com os far\u00f3is e n\u00e3o se movendo, informou Wesh. Um trem que ficava a cerca de 10 minutos estava indo em dire\u00e7\u00e3o \u00e0 \u00e1rea, informou a ag\u00eancia de not\u00edcias.<\/p>\n<\/div>\n<div>\n<p>Marcus Jordan, com olhos de sangue e discurso arrastado, disse repetidamente aos deputados que precisava de ajuda para tirar o SUV das trilhas; O SUV foi danificado, informou Wesh. Um passageiro estava no carro na \u00e9poca, informou a ag\u00eancia de not\u00edcias.<\/p>\n<p>Em \u00faltima an\u00e1lise, ele foi preso ap\u00f3s os testes de sobriedade em campo e, mais tarde, um saquinho encontrado em sua pessoa testou positivo para coca\u00edna, informou Wesh. Ele foi acusado de impedir os deputados de coloc\u00e1 -lo no carro de patrulha, e o cheiro de \u00e1lcool emanou no carro enquanto ele estava sendo levado para a pris\u00e3o, informou a ag\u00eancia de not\u00edcias.<\/p>\n<\/div>\n<div>\n<p>De acordo com <a href=\"https:\/\/www.fox35orlando.com\/news\/michael-jordans-son-arrested-florida-central-florida-orange-county-maitland\" rel=\"nofollow\" target=\"_blank\">Fox 35 Not\u00edcias<\/a> Em Orlando, horas ap\u00f3s sua pris\u00e3o, Marcus Jordan foi libertado da pris\u00e3o de Orange County. Ele n\u00e3o respondeu \u00e0s perguntas dos rep\u00f3rteres enquanto caminhava &#8211; e saiu &#8211; em um Lamborghini.<\/p>\n<p>Marcus Jordan \u00e9 um competidor da segunda temporada de &#8220;Traidores&#8221;, uma competi\u00e7\u00e3o de reality show no Peacock, disse hoje.<\/p>\n<\/div>\n<p><br \/>\n<br \/><a href=\"http:\/\/patch.com\/florida\/orlando\/michael-jordans-son-arrested-drug-dui-charges-fl-reports?utm_source=article-mostrecent&#038;utm_medium=rss&#038;utm_term=crime%20%26%20safety&#038;utm_campaign=recirc&#038;utm_content=aol\">Source link <\/a><\/p>","protected":false},"excerpt":{"rendered":"<p>Orlando, FL &#8211; Marcus Jordano filho da ex -estrela da NBA e indutor do Hall of Fame Michael Jordan, foi preso sob a acusa\u00e7\u00e3o de posse de coca\u00edna e dirigir&hellip;<\/p>","protected":false},"author":1,"featured_media":99213,"comment_status":"closed","ping_status":"open","sticky":false,"template":"","format":"standard","meta":{"content-type":"","footnotes":""},"categories":[1],"tags":[],"class_list":["post-99212","post","type-post","status-publish","format-standard","has-post-thumbnail","hentry","category-uncategorized"],"_links":{"self":[{"href":"https:\/\/tvbrazilusa.com\/pt\/wp-json\/wp\/v2\/posts\/99212","targetHints":{"allow":["GET"]}}],"collection":[{"href":"https:\/\/tvbrazilusa.com\/pt\/wp-json\/wp\/v2\/posts"}],"about":[{"href":"https:\/\/tvbrazilusa.com\/pt\/wp-json\/wp\/v2\/types\/post"}],"author":[{"embeddable":true,"href":"https:\/\/tvbrazilusa.com\/pt\/wp-json\/wp\/v2\/users\/1"}],"replies":[{"embeddable":true,"href":"https:\/\/tvbrazilusa.com\/pt\/wp-json\/wp\/v2\/comments?post=99212"}],"version-history":[{"count":1,"href":"https:\/\/tvbrazilusa.com\/pt\/wp-json\/wp\/v2\/posts\/99212\/revisions"}],"predecessor-version":[{"id":99214,"href":"https:\/\/tvbrazilusa.com\/pt\/wp-json\/wp\/v2\/posts\/99212\/revisions\/99214"}],"wp:featuredmedia":[{"embeddable":true,"href":"https:\/\/tvbrazilusa.com\/pt\/wp-json\/wp\/v2\/media\/99213"}],"wp:attachment":[{"href":"https:\/\/tvbrazilusa.com\/pt\/wp-json\/wp\/v2\/media?parent=99212"}],"wp:term":[{"taxonomy":"category","embeddable":true,"href":"https:\/\/tvbrazilusa.com\/pt\/wp-json\/wp\/v2\/categories?post=99212"},{"taxonomy":"post_tag","embeddable":true,"href":"https:\/\/tvbrazilusa.com\/pt\/wp-json\/wp\/v2\/tags?post=99212"}],"curies":[{"name":"wp","href":"https:\/\/api.w.org\/{rel}","templated":true}]}}