{"id":99241,"date":"2025-02-04T19:11:43","date_gmt":"2025-02-04T19:11:43","guid":{"rendered":"https:\/\/tvbrazilusa.com\/2025\/02\/04\/terra-esta-se-abrindo-no-fundo-do-oceano-pacifico-alertam-cientistas-saiba-os-possiveis-impactos\/"},"modified":"2025-02-04T19:11:44","modified_gmt":"2025-02-04T19:11:44","slug":"terra-esta-se-abrindo-no-fundo-do-oceano-pacifico-alertam-cientistas-saiba-os-possiveis-impactos","status":"publish","type":"post","link":"https:\/\/tvbrazilusa.com\/pt\/2025\/02\/04\/terra-esta-se-abrindo-no-fundo-do-oceano-pacifico-alertam-cientistas-saiba-os-possiveis-impactos\/","title":{"rendered":"Terra est\u00e1 se abrindo no fundo do Oceano Pac\u00edfico, alertam cientistas; saiba os poss\u00edveis impactos"},"content":{"rendered":"<p> <script async src=\"https:\/\/pagead2.googlesyndication.com\/pagead\/js\/adsbygoogle.js?client=ca-pub-8864793242727901\"\r\n     crossorigin=\"anonymous\"><\/script><br \/>\n<\/p>\n<div id=\"taboola-read-more\" style=\"display:block; width:100%\">\n<p>Um estudo realizado por pesquisadores da Turquia e do Canad\u00e1 mudou a percep\u00e7\u00e3o sobre as placas tect\u00f4nicas do Oceano Pac\u00edfico, o maior da Terra. Ao contr\u00e1rio do que a comunidade cient\u00edfica achava anteriormente, elas n\u00e3o s\u00e3o t\u00e3o r\u00edgidas, mas sim est\u00e3o se deformando muito antes de chegarem \u00e0s zonas de subduc\u00e7\u00e3o, momento em que uma placa mergulha embaixo da outra.\n<\/p>\n<p>Publicada no Advancing Earth and Space Sciences, a pesquisa analisou quatro grandes plat\u00f4s submarinos (Ontong Java, Shatsky, Hess e Manihiki) e encontrou rachaduras, falhas e sinais de que essas regi\u00f5es estavam \u201cesticando\u201d enquanto viajavam pelo oceano.<\/p>\n<p>No entanto, os cientistas acreditavam que as placas eram r\u00edgidas enquanto \u201cviajavam\u201d pelo oceano e que esse tipo de deforma\u00e7\u00e3o s\u00f3 aconteceria quando ela estivesse bem perto de colidir ou mergulhar sob a outra.\n<\/p>\n<p>Qual o impacto das placas tect\u00f4nicas do Oceano Pac\u00edfico?<br \/>Os autores do artigo acreditam que essas \u00e1reas dos plat\u00f4s danificadas s\u00e3o mais fr\u00e1geis porque t\u00eam uma crosta mais espessa. E mesmo estando a milhares de quil\u00f4metros de dist\u00e2ncia, elas sentem o \u201cpux\u00e3o\u201d das zonas de subduc\u00e7\u00e3o.\n<\/p>\n<p>Esses movimentos bruscos aumentam o risco de terremotos e tsunamis em regi\u00f5es costeiras. No entanto, muito menos intensos do que aqueles nas zonas de subduc\u00e7\u00e3o, que ocorrem no Jap\u00e3o, por exemplo.\n<\/p>\n<p>Al\u00e9m disso, a possibilidade de um tsunami \u00e9 muito baixa, apesar de poss\u00edvel, pois esses fen\u00f4menos ocorrem no meio do oceano, muito longe das regi\u00f5es habitadas.\n<\/p>\n<\/p>\n<p>Foto: Reprodu\u00e7\u00e3o\/ND<\/p>\n<p>Fonte: nd+              <\/p>\n<\/div>\n<p><br \/>\n<br \/><a href=\"https:\/\/diariodobrasilnoticias.com.br\/noticia\/terra-esta-se-abrindo-no-fundo-do-oceano-pacifico-alertam-cientistas-saiba-os-possiveis-impactos-67a23be4ca6a5\">Source link <\/a><\/p>","protected":false},"excerpt":{"rendered":"<p>Um estudo realizado por pesquisadores da Turquia e do Canad\u00e1 mudou a percep\u00e7\u00e3o sobre as placas tect\u00f4nicas do Oceano Pac\u00edfico, o maior da Terra. Ao contr\u00e1rio do que a comunidade&hellip;<\/p>","protected":false},"author":1,"featured_media":99242,"comment_status":"closed","ping_status":"open","sticky":false,"template":"","format":"standard","meta":{"content-type":"","footnotes":""},"categories":[16],"tags":[123,2448,5313,1267],"class_list":["post-99241","post","type-post","status-publish","format-standard","has-post-thumbnail","hentry","category-noticias","tag-brasil","tag-diario","tag-noticia","tag-noticias"],"_links":{"self":[{"href":"https:\/\/tvbrazilusa.com\/pt\/wp-json\/wp\/v2\/posts\/99241","targetHints":{"allow":["GET"]}}],"collection":[{"href":"https:\/\/tvbrazilusa.com\/pt\/wp-json\/wp\/v2\/posts"}],"about":[{"href":"https:\/\/tvbrazilusa.com\/pt\/wp-json\/wp\/v2\/types\/post"}],"author":[{"embeddable":true,"href":"https:\/\/tvbrazilusa.com\/pt\/wp-json\/wp\/v2\/users\/1"}],"replies":[{"embeddable":true,"href":"https:\/\/tvbrazilusa.com\/pt\/wp-json\/wp\/v2\/comments?post=99241"}],"version-history":[{"count":1,"href":"https:\/\/tvbrazilusa.com\/pt\/wp-json\/wp\/v2\/posts\/99241\/revisions"}],"predecessor-version":[{"id":99243,"href":"https:\/\/tvbrazilusa.com\/pt\/wp-json\/wp\/v2\/posts\/99241\/revisions\/99243"}],"wp:featuredmedia":[{"embeddable":true,"href":"https:\/\/tvbrazilusa.com\/pt\/wp-json\/wp\/v2\/media\/99242"}],"wp:attachment":[{"href":"https:\/\/tvbrazilusa.com\/pt\/wp-json\/wp\/v2\/media?parent=99241"}],"wp:term":[{"taxonomy":"category","embeddable":true,"href":"https:\/\/tvbrazilusa.com\/pt\/wp-json\/wp\/v2\/categories?post=99241"},{"taxonomy":"post_tag","embeddable":true,"href":"https:\/\/tvbrazilusa.com\/pt\/wp-json\/wp\/v2\/tags?post=99241"}],"curies":[{"name":"wp","href":"https:\/\/api.w.org\/{rel}","templated":true}]}}