{"id":99253,"date":"2025-02-04T19:55:11","date_gmt":"2025-02-04T19:55:11","guid":{"rendered":"https:\/\/tvbrazilusa.com\/2025\/02\/04\/bradesco-adota-tom-de-alerta-e-sinaliza-que-brasil-deve-entra-em-recessao-economica-em-2025\/"},"modified":"2025-02-04T19:55:13","modified_gmt":"2025-02-04T19:55:13","slug":"bradesco-adota-tom-de-alerta-e-sinaliza-que-brasil-deve-entra-em-recessao-economica-em-2025","status":"publish","type":"post","link":"https:\/\/tvbrazilusa.com\/pt\/2025\/02\/04\/bradesco-adota-tom-de-alerta-e-sinaliza-que-brasil-deve-entra-em-recessao-economica-em-2025\/","title":{"rendered":"Bradesco adota tom de alerta e sinaliza que Brasil deve entra em recess\u00e3o econ\u00f4mica em 2025"},"content":{"rendered":"<p> <script async src=\"https:\/\/pagead2.googlesyndication.com\/pagead\/js\/adsbygoogle.js?client=ca-pub-8864793242727901\"\r\n     crossorigin=\"anonymous\"><\/script><br \/>\n<\/p>\n<div>\n<figure class=\"post-image\">\n<\/figure>\n<p>            <span style=\"font-size: 12px\">Reprodu\u00e7\u00e3o<\/span><\/p>\n<p>            <!-- end metas --><br \/>\n            <!-- ADS --><\/p>\n<div id=\"taboola-read-more\" style=\"display:block; width:100%\">\n<p>O economista-chefe do Bradesco, Fernando Honorato, apontou que o Brasil corre o risco de entrar em recess\u00e3o j\u00e1 no segundo semestre de 2025. Em entrevista ao programa VEJA Mercado, Honorato afirmou que a proje\u00e7\u00e3o leva em considera\u00e7\u00e3o o atual cen\u00e1rio de juros elevados e a desacelera\u00e7\u00e3o da economia.\n<\/p>\n<p>\u201cO Banco Central foi assertivo ao dizer em seu comunicado que h\u00e1 possibilidade de a economia esfriar mais do que o imaginado. \u00c9 exatamente o que n\u00f3s esperamos. N\u00f3s antevemos que com o juro a 15,25% ao ano, nossa proje\u00e7\u00e3o atual, a economia brasileira estar\u00e1 em recess\u00e3o no segundo semestre deste ano\u201d, explicou o economista.<\/p>\n<p>Honorato mencionou que o PIB brasileiro ser\u00e1 impulsionado pela agricultura no primeiro trimestre de 2025, mas que a desacelera\u00e7\u00e3o do consumo e dos investimentos se refletir\u00e1 negativamente a partir do segundo e terceiro trimestres.\n<\/p>\n<p>\u201cO agro ser\u00e1 um espet\u00e1culo em 2025 e vai inflar o PIB no primeiro trimestre. Entretanto, j\u00e1 veremos o consumo e o investimento esfriarem no segundo trimestre, e a nossa expectativa \u00e9 que o PIB seja ligeiramente negativo no terceiro trimestre\u201d, concluiu.\n<\/p>\n<p>Fonte: Conex\u00e3o Pol\u00edtica              <\/p>\n<\/div>\n<p>                        <!-- Scripts para conteudo --><\/p>\n<p>            <!-- .\/Scripts para conteudo --><br \/>\n            <!-- .\/Mat\u00e9ria --><\/p>\n<div class=\"row mt-3\">\n<div class=\"col-sm-6\">\n                <!-- Whatsapp channel 3--><br \/>\n                <a href=\"https:\/\/chat.whatsapp.com\/B8Qy6Erx4kb6yTzj3kaDco\" target=\"_blank\"><br \/>\n                  <img decoding=\"async\" src=\"https:\/\/diariodobrasilnoticias.com.br\/assets-site\/images\/bot_whatsapp.png\"\/><\/a>\n              <\/div>\n<div class=\"col-sm-6\">\n                <a href=\"https:\/\/t.me\/+_4gTmi5LKo03OTM5\" target=\"_blank\"><br \/>\n                  <img decoding=\"async\" src=\"https:\/\/diariodobrasilnoticias.com.br\/assets-site\/images\/bot_telegram.png\"\/><\/a>\n              <\/div>\n<\/p><\/div>\n<p>            <!-- end post-navigation --><\/p>\n<p>              <!-- end row --><\/p>\n<p>              <!-- end col-12-->\n                      <\/div>\n<p><br \/>\n<br \/><a href=\"https:\/\/diariodobrasilnoticias.com.br\/noticia\/bradesco-adota-tom-de-alerta-e-sinaliza-que-brasil-deve-entra-em-recessao-economica-em-2025-67a25e2aeefd8\">Source link <\/a><\/p>","protected":false},"excerpt":{"rendered":"<p>Reprodu\u00e7\u00e3o O economista-chefe do Bradesco, Fernando Honorato, apontou que o Brasil corre o risco de entrar em recess\u00e3o j\u00e1 no segundo semestre de 2025. Em entrevista ao programa VEJA Mercado,&hellip;<\/p>","protected":false},"author":1,"featured_media":99254,"comment_status":"closed","ping_status":"open","sticky":false,"template":"","format":"standard","meta":{"content-type":"","footnotes":""},"categories":[16],"tags":[123,2448,5313,1267],"class_list":["post-99253","post","type-post","status-publish","format-standard","has-post-thumbnail","hentry","category-noticias","tag-brasil","tag-diario","tag-noticia","tag-noticias"],"_links":{"self":[{"href":"https:\/\/tvbrazilusa.com\/pt\/wp-json\/wp\/v2\/posts\/99253","targetHints":{"allow":["GET"]}}],"collection":[{"href":"https:\/\/tvbrazilusa.com\/pt\/wp-json\/wp\/v2\/posts"}],"about":[{"href":"https:\/\/tvbrazilusa.com\/pt\/wp-json\/wp\/v2\/types\/post"}],"author":[{"embeddable":true,"href":"https:\/\/tvbrazilusa.com\/pt\/wp-json\/wp\/v2\/users\/1"}],"replies":[{"embeddable":true,"href":"https:\/\/tvbrazilusa.com\/pt\/wp-json\/wp\/v2\/comments?post=99253"}],"version-history":[{"count":1,"href":"https:\/\/tvbrazilusa.com\/pt\/wp-json\/wp\/v2\/posts\/99253\/revisions"}],"predecessor-version":[{"id":99255,"href":"https:\/\/tvbrazilusa.com\/pt\/wp-json\/wp\/v2\/posts\/99253\/revisions\/99255"}],"wp:featuredmedia":[{"embeddable":true,"href":"https:\/\/tvbrazilusa.com\/pt\/wp-json\/wp\/v2\/media\/99254"}],"wp:attachment":[{"href":"https:\/\/tvbrazilusa.com\/pt\/wp-json\/wp\/v2\/media?parent=99253"}],"wp:term":[{"taxonomy":"category","embeddable":true,"href":"https:\/\/tvbrazilusa.com\/pt\/wp-json\/wp\/v2\/categories?post=99253"},{"taxonomy":"post_tag","embeddable":true,"href":"https:\/\/tvbrazilusa.com\/pt\/wp-json\/wp\/v2\/tags?post=99253"}],"curies":[{"name":"wp","href":"https:\/\/api.w.org\/{rel}","templated":true}]}}