{"id":99259,"date":"2025-02-04T20:19:29","date_gmt":"2025-02-04T20:19:29","guid":{"rendered":"https:\/\/tvbrazilusa.com\/2025\/02\/04\/empresario-e-morto-a-tiros-ao-sair-de-academia\/"},"modified":"2025-02-04T20:19:31","modified_gmt":"2025-02-04T20:19:31","slug":"empresario-e-morto-a-tiros-ao-sair-de-academia","status":"publish","type":"post","link":"https:\/\/tvbrazilusa.com\/pt\/2025\/02\/04\/empresario-e-morto-a-tiros-ao-sair-de-academia\/","title":{"rendered":"Empres\u00e1rio \u00e9 morto a tiros ao sair de academia"},"content":{"rendered":"<p> <script async src=\"https:\/\/pagead2.googlesyndication.com\/pagead\/js\/adsbygoogle.js?client=ca-pub-8864793242727901\"\r\n     crossorigin=\"anonymous\"><\/script><br \/>\n<\/p>\n<div id=\"taboola-read-more\" style=\"display:block; width:100%\">\n<p>Um empres\u00e1rio de 36 anos, identificado como Leonardo Siemann, foi morto a tiros na tarde desta segunda-feira (3) ao sair de uma academia em Balne\u00e1rio Cambori\u00fa (SC).\n<\/p>\n<p>O crime ocorreu na rua Bigua\u00e7u, no bairro dos Munic\u00edpios.<\/p>\n<p>Imagens de uma c\u00e2mera de seguran\u00e7a mostram o momento em que a v\u00edtima deixa a academia e \u00e9 abordada por um homem que a aguardava do lado de fora.\n<\/p>\n<p>O suspeito efetua diversos disparos e foge em seguida em uma motocicleta, com o apoio de um ve\u00edculo.\n<\/p>\n<p>Siemann n\u00e3o resistiu aos ferimentos e morreu no local. Ele era propriet\u00e1rio de uma revendedora de carros em Itaja\u00ed (SC), era casado e tinha uma filha.\n<\/p>\n<p>&#8220;Estamos em luto. Agrade\u00e7o a compreens\u00e3o de todos&#8221;, escreveu a loja nas redes sociais. &#8220;\u00c9, meu irm\u00e3o, parece mentira. Queria acordar e ser apenas um pesadelo, mas \u00e9 a realidade. Descanse em paz. Te amo&#8221;, diz a publica\u00e7\u00e3o seguinte.\n<\/p>\n<p>Segundo a Pol\u00edcia Militar, ainda n\u00e3o se sabe a motiva\u00e7\u00e3o do crime. A Pol\u00edcia Civil investiga o caso e aguarda laudo cadav\u00e9rico para confirmar a quantidade de disparos de armas de fogo recebidos pelo homem.\n<\/p>\n<p>Fonte: Folha de S.Paulo              <\/p>\n<\/div>\n<p><br \/>\n<br \/><a href=\"https:\/\/diariodobrasilnoticias.com.br\/noticia\/empresario-e-morto-a-tiros-ao-sair-de-academia-67a25fc097d77\">Source link <\/a><\/p>","protected":false},"excerpt":{"rendered":"<p>Um empres\u00e1rio de 36 anos, identificado como Leonardo Siemann, foi morto a tiros na tarde desta segunda-feira (3) ao sair de uma academia em Balne\u00e1rio Cambori\u00fa (SC). O crime ocorreu&hellip;<\/p>","protected":false},"author":1,"featured_media":99260,"comment_status":"closed","ping_status":"open","sticky":false,"template":"","format":"standard","meta":{"content-type":"","footnotes":""},"categories":[16],"tags":[123,2448,5313,1267],"class_list":["post-99259","post","type-post","status-publish","format-standard","has-post-thumbnail","hentry","category-noticias","tag-brasil","tag-diario","tag-noticia","tag-noticias"],"_links":{"self":[{"href":"https:\/\/tvbrazilusa.com\/pt\/wp-json\/wp\/v2\/posts\/99259","targetHints":{"allow":["GET"]}}],"collection":[{"href":"https:\/\/tvbrazilusa.com\/pt\/wp-json\/wp\/v2\/posts"}],"about":[{"href":"https:\/\/tvbrazilusa.com\/pt\/wp-json\/wp\/v2\/types\/post"}],"author":[{"embeddable":true,"href":"https:\/\/tvbrazilusa.com\/pt\/wp-json\/wp\/v2\/users\/1"}],"replies":[{"embeddable":true,"href":"https:\/\/tvbrazilusa.com\/pt\/wp-json\/wp\/v2\/comments?post=99259"}],"version-history":[{"count":1,"href":"https:\/\/tvbrazilusa.com\/pt\/wp-json\/wp\/v2\/posts\/99259\/revisions"}],"predecessor-version":[{"id":99261,"href":"https:\/\/tvbrazilusa.com\/pt\/wp-json\/wp\/v2\/posts\/99259\/revisions\/99261"}],"wp:featuredmedia":[{"embeddable":true,"href":"https:\/\/tvbrazilusa.com\/pt\/wp-json\/wp\/v2\/media\/99260"}],"wp:attachment":[{"href":"https:\/\/tvbrazilusa.com\/pt\/wp-json\/wp\/v2\/media?parent=99259"}],"wp:term":[{"taxonomy":"category","embeddable":true,"href":"https:\/\/tvbrazilusa.com\/pt\/wp-json\/wp\/v2\/categories?post=99259"},{"taxonomy":"post_tag","embeddable":true,"href":"https:\/\/tvbrazilusa.com\/pt\/wp-json\/wp\/v2\/tags?post=99259"}],"curies":[{"name":"wp","href":"https:\/\/api.w.org\/{rel}","templated":true}]}}