{"id":99273,"date":"2025-02-04T21:03:33","date_gmt":"2025-02-04T21:03:33","guid":{"rendered":"https:\/\/tvbrazilusa.com\/2025\/02\/04\/criminosos-matam-rival-durante-perseguicao-em-moto-veja-video\/"},"modified":"2025-02-04T21:03:36","modified_gmt":"2025-02-04T21:03:36","slug":"criminosos-matam-rival-durante-perseguicao-em-moto-veja-video","status":"publish","type":"post","link":"https:\/\/tvbrazilusa.com\/pt\/2025\/02\/04\/criminosos-matam-rival-durante-perseguicao-em-moto-veja-video\/","title":{"rendered":"Criminosos matam rival durante persegui\u00e7\u00e3o em moto; VEJA V\u00cdDEO"},"content":{"rendered":"<p> <script async src=\"https:\/\/pagead2.googlesyndication.com\/pagead\/js\/adsbygoogle.js?client=ca-pub-8864793242727901\"\r\n     crossorigin=\"anonymous\"><\/script><br \/>\n<\/p>\n<div>\n<figure class=\"post-image\">\n<\/figure>\n<p>            <span style=\"font-size: 12px\">Reprodu\u00e7\u00e3o<\/span><\/p>\n<p>            <!-- end metas --><br \/>\n            <!-- ADS --><\/p>\n<div id=\"taboola-read-more\" style=\"display:block; width:100%\">\n<p>Um v\u00eddeo que circula nas redes sociais mostra o momento em que criminosos executam Fabr\u00edcio Pantoja da Cruz, de 19 anos, durante uma persegui\u00e7\u00e3o de moto em Coari, no interior do Amazonas. As imagens foram gravadas pelos pr\u00f3prios criminosos e, segundo a pol\u00edcia, o caso aconteceu no dia 23 de janeiro.\n<\/p>\n<p>Nas imagens, tr\u00eas homens em uma moto perseguem outros tr\u00eas em outra motocicleta. Os criminosos se aproximam e disparam contra Fabr\u00edcio, que cai do ve\u00edculo e \u00e9 seguido pelos suspeitos.<\/p>\n<p>Mesmo com tentativas de novos disparos, os criminosos fogem do local. A v\u00edtima foi atingida nas costas e na cabe\u00e7a, sendo socorrida, mas n\u00e3o resistiu aos ferimentos e morreu no hospital da cidade.\n<\/p>\n<p>A pol\u00edcia prendeu um dos envolvidos no crime no mesmo dia. Ele foi identificado como o respons\u00e1vel pela grava\u00e7\u00e3o do v\u00eddeo. O assassinato est\u00e1 ligado a uma disputa entre fac\u00e7\u00f5es criminosas pelo controle do tr\u00e1fico de drogas em Coari.\n<\/p>\n<p>Os outros dois suspeitos continuam foragidos. Informa\u00e7\u00f5es podem ser denunciadas anonimamente pelo n\u00famero 181. A investiga\u00e7\u00e3o segue em andamento.\n<\/p>\n<p><strong>ASSISTA:<\/strong>\n<\/p>\n<p>Fonte: @luizbacci \/ Instagram \/ G1              <\/p>\n<\/div>\n<p>                        <!-- Scripts para conteudo --><\/p>\n<p>            <!-- .\/Scripts para conteudo --><br \/>\n            <!-- .\/Mat\u00e9ria --><\/p>\n<div class=\"row mt-3\">\n<div class=\"col-sm-6\">\n                <!-- Whatsapp channel 3--><br \/>\n                <a href=\"https:\/\/chat.whatsapp.com\/B8Qy6Erx4kb6yTzj3kaDco\" target=\"_blank\"><br \/>\n                  <img decoding=\"async\" src=\"https:\/\/diariodobrasilnoticias.com.br\/assets-site\/images\/bot_whatsapp.png\"\/><\/a>\n              <\/div>\n<div class=\"col-sm-6\">\n                <a href=\"https:\/\/t.me\/+_4gTmi5LKo03OTM5\" target=\"_blank\"><br \/>\n                  <img decoding=\"async\" src=\"https:\/\/diariodobrasilnoticias.com.br\/assets-site\/images\/bot_telegram.png\"\/><\/a>\n              <\/div>\n<\/p><\/div>\n<p>            <!-- end post-navigation --><\/p>\n<p>              <!-- end row --><\/p>\n<p>              <!-- end col-12-->\n                      <\/div>\n<p><br \/>\n<br \/><a href=\"https:\/\/diariodobrasilnoticias.com.br\/noticia\/criminosos-matam-rival-durante-perseguicao-em-moto-veja-video-67a26455507e0\">Source link <\/a><\/p>","protected":false},"excerpt":{"rendered":"<p>Reprodu\u00e7\u00e3o Um v\u00eddeo que circula nas redes sociais mostra o momento em que criminosos executam Fabr\u00edcio Pantoja da Cruz, de 19 anos, durante uma persegui\u00e7\u00e3o de moto em Coari, no&hellip;<\/p>","protected":false},"author":1,"featured_media":99274,"comment_status":"closed","ping_status":"open","sticky":false,"template":"","format":"standard","meta":{"content-type":"","footnotes":""},"categories":[16],"tags":[123,2448,5313,1267],"class_list":["post-99273","post","type-post","status-publish","format-standard","has-post-thumbnail","hentry","category-noticias","tag-brasil","tag-diario","tag-noticia","tag-noticias"],"_links":{"self":[{"href":"https:\/\/tvbrazilusa.com\/pt\/wp-json\/wp\/v2\/posts\/99273","targetHints":{"allow":["GET"]}}],"collection":[{"href":"https:\/\/tvbrazilusa.com\/pt\/wp-json\/wp\/v2\/posts"}],"about":[{"href":"https:\/\/tvbrazilusa.com\/pt\/wp-json\/wp\/v2\/types\/post"}],"author":[{"embeddable":true,"href":"https:\/\/tvbrazilusa.com\/pt\/wp-json\/wp\/v2\/users\/1"}],"replies":[{"embeddable":true,"href":"https:\/\/tvbrazilusa.com\/pt\/wp-json\/wp\/v2\/comments?post=99273"}],"version-history":[{"count":1,"href":"https:\/\/tvbrazilusa.com\/pt\/wp-json\/wp\/v2\/posts\/99273\/revisions"}],"predecessor-version":[{"id":99275,"href":"https:\/\/tvbrazilusa.com\/pt\/wp-json\/wp\/v2\/posts\/99273\/revisions\/99275"}],"wp:featuredmedia":[{"embeddable":true,"href":"https:\/\/tvbrazilusa.com\/pt\/wp-json\/wp\/v2\/media\/99274"}],"wp:attachment":[{"href":"https:\/\/tvbrazilusa.com\/pt\/wp-json\/wp\/v2\/media?parent=99273"}],"wp:term":[{"taxonomy":"category","embeddable":true,"href":"https:\/\/tvbrazilusa.com\/pt\/wp-json\/wp\/v2\/categories?post=99273"},{"taxonomy":"post_tag","embeddable":true,"href":"https:\/\/tvbrazilusa.com\/pt\/wp-json\/wp\/v2\/tags?post=99273"}],"curies":[{"name":"wp","href":"https:\/\/api.w.org\/{rel}","templated":true}]}}