{"id":99283,"date":"2025-02-04T21:29:28","date_gmt":"2025-02-04T21:29:28","guid":{"rendered":"https:\/\/tvbrazilusa.com\/2025\/02\/04\/mulher-que-pediu-demissao-para-pedalar-do-litoral-de-sp-a-bahia-retorna-apos-3-meses-nao-queria-mais-parar\/"},"modified":"2025-02-04T21:29:29","modified_gmt":"2025-02-04T21:29:29","slug":"mulher-que-pediu-demissao-para-pedalar-do-litoral-de-sp-a-bahia-retorna-apos-3-meses-nao-queria-mais-parar","status":"publish","type":"post","link":"https:\/\/tvbrazilusa.com\/pt\/2025\/02\/04\/mulher-que-pediu-demissao-para-pedalar-do-litoral-de-sp-a-bahia-retorna-apos-3-meses-nao-queria-mais-parar\/","title":{"rendered":"Mulher que pediu demiss\u00e3o para pedalar do litoral de SP \u00e0 Bahia retorna ap\u00f3s 3 meses: &#8216;n\u00e3o queria mais parar&#8217;"},"content":{"rendered":"<p> <script async src=\"https:\/\/pagead2.googlesyndication.com\/pagead\/js\/adsbygoogle.js?client=ca-pub-8864793242727901\"\r\n     crossorigin=\"anonymous\"><\/script><br \/>\n<\/p>\n<div id=\"taboola-read-more\" style=\"display:block; width:100%\">\n<p>\u201cMal terminou e j\u00e1 estou com saudades.\u201d A frase \u00e9 de Elza Pereira de Lima, de 34 anos, moradora do litoral de S\u00e3o Paulo, que viajou de bicicleta at\u00e9 a Chapada Diamantina (BA). Ela partiu de casa em 1\u00ba de outubro de 2024, pedalando por mais de 70 cidades e povoados, e concluiu sua jornada com o retorno de \u00f4nibus na \u00faltima segunda-feira (27).\n<\/p>\n<p>\u201cEstar na bike \u00e9 um mergulho nu no mundo e dentro de n\u00f3s mesmos. E confesso que n\u00e3o queria mais parar a viagem, mas foi preciso voltar, por enquanto. Futuramente, quero conhecer todos, ou quase todos os estados do Brasil. Continuar de onde parei\u201d, disse ao g1.<br \/>Elza mora com a m\u00e3e em Vicente de Carvalho, distrito de Guaruj\u00e1 (SP). Ela trabalhava como assistente administrativa em um escrit\u00f3rio de engenharia civil e tamb\u00e9m na \u00e1rea comercial de uma empresa de engenharia el\u00e9trica, mas largou tudo para realizar o grande sonho de visitar a regi\u00e3o serrana na Bahia.<\/p>\n<p>Para conseguir se manter durante a viagem, que durou pouco mais de tr\u00eas meses, Elza trabalhou em estabelecimentos como uma choperia e uma pousada.\n<\/p>\n<p>Elza finalizou o trajeto em Vale do Cap\u00e3o (BA), cidade na regi\u00e3o da Chapada Diamantina onde chegou em 18 de janeiro.\n<\/p>\n<p>Na volta para o estado de origem, ela pegou um \u00f4nibus em Seabra (BA) para o Terminal Rodovi\u00e1rio Tiet\u00ea, na capital paulista, na madrugada de domingo (26). De l\u00e1, seguiu para o Jabaquara e pegou um novo \u00f4nibus, na noite de segunda-feira, para Guaruj\u00e1.\n<\/p>\n<p>&#8220;J\u00e1 havia pessoas me esperando, e tamb\u00e9m precisaria de um tempo para levantar recursos financeiros. Para eu n\u00e3o voltar [de \u00f4nibus], precisaria verificar locais no caminho para trabalhar, o que tornaria a viagem mais longa. Mas, futuramente, pretendo fazer mais longa&#8221;, contou.\n<\/p>\n<p>Para Elza, o caminho at\u00e9 a Chapada Diamantina foi a verdadeira experi\u00eancia da viagem. O percurso, inclusive, foi t\u00e3o significativo quanto a chegada.\n<\/p>\n<p>\u201cO caminho at\u00e9 l\u00e1 construiu o gosto de supera\u00e7\u00e3o e de alcance, e a leveza com que a viagem foi levada&#8230; A leveza nos momentos desafiadores permitiu com que essa chegada fosse de muita alegria!\u201d, contou.\n<\/p>\n<p>Fonte: G1              <\/p>\n<\/div>\n<p><br \/>\n<br \/><a href=\"https:\/\/diariodobrasilnoticias.com.br\/noticia\/mulher-que-pediu-demissao-para-pedalar-do-litoral-de-sp-a-bahia-retorna-apos-3-meses-nao-queria-mais-parar-67a266bb57e9a\">Source link <\/a><\/p>","protected":false},"excerpt":{"rendered":"<p>\u201cMal terminou e j\u00e1 estou com saudades.\u201d A frase \u00e9 de Elza Pereira de Lima, de 34 anos, moradora do litoral de S\u00e3o Paulo, que viajou de bicicleta at\u00e9 a&hellip;<\/p>","protected":false},"author":1,"featured_media":99284,"comment_status":"closed","ping_status":"open","sticky":false,"template":"","format":"standard","meta":{"content-type":"","footnotes":""},"categories":[16],"tags":[123,2448,5313,1267],"class_list":["post-99283","post","type-post","status-publish","format-standard","has-post-thumbnail","hentry","category-noticias","tag-brasil","tag-diario","tag-noticia","tag-noticias"],"_links":{"self":[{"href":"https:\/\/tvbrazilusa.com\/pt\/wp-json\/wp\/v2\/posts\/99283","targetHints":{"allow":["GET"]}}],"collection":[{"href":"https:\/\/tvbrazilusa.com\/pt\/wp-json\/wp\/v2\/posts"}],"about":[{"href":"https:\/\/tvbrazilusa.com\/pt\/wp-json\/wp\/v2\/types\/post"}],"author":[{"embeddable":true,"href":"https:\/\/tvbrazilusa.com\/pt\/wp-json\/wp\/v2\/users\/1"}],"replies":[{"embeddable":true,"href":"https:\/\/tvbrazilusa.com\/pt\/wp-json\/wp\/v2\/comments?post=99283"}],"version-history":[{"count":1,"href":"https:\/\/tvbrazilusa.com\/pt\/wp-json\/wp\/v2\/posts\/99283\/revisions"}],"predecessor-version":[{"id":99285,"href":"https:\/\/tvbrazilusa.com\/pt\/wp-json\/wp\/v2\/posts\/99283\/revisions\/99285"}],"wp:featuredmedia":[{"embeddable":true,"href":"https:\/\/tvbrazilusa.com\/pt\/wp-json\/wp\/v2\/media\/99284"}],"wp:attachment":[{"href":"https:\/\/tvbrazilusa.com\/pt\/wp-json\/wp\/v2\/media?parent=99283"}],"wp:term":[{"taxonomy":"category","embeddable":true,"href":"https:\/\/tvbrazilusa.com\/pt\/wp-json\/wp\/v2\/categories?post=99283"},{"taxonomy":"post_tag","embeddable":true,"href":"https:\/\/tvbrazilusa.com\/pt\/wp-json\/wp\/v2\/tags?post=99283"}],"curies":[{"name":"wp","href":"https:\/\/api.w.org\/{rel}","templated":true}]}}