{"id":99286,"date":"2025-02-04T21:25:14","date_gmt":"2025-02-04T21:25:14","guid":{"rendered":"https:\/\/tvbrazilusa.com\/2025\/02\/04\/os-monitores-interativos-do-uss-orleck-oferecem-peek-na-vida-a-bordo-jacksonville-hoje\/"},"modified":"2025-02-04T21:33:38","modified_gmt":"2025-02-04T21:33:38","slug":"os-monitores-interativos-do-uss-orleck-oferecem-peek-na-vida-a-bordo-jacksonville-hoje","status":"publish","type":"post","link":"https:\/\/tvbrazilusa.com\/pt\/2025\/02\/04\/os-monitores-interativos-do-uss-orleck-oferecem-peek-na-vida-a-bordo-jacksonville-hoje\/","title":{"rendered":"Os monitores interativos do USS Orleck oferecem Peek na vida a bordo | Jacksonville hoje"},"content":{"rendered":"<p> <script async src=\"https:\/\/pagead2.googlesyndication.com\/pagead\/js\/adsbygoogle.js?client=ca-pub-8864793242727901\"\r\n     crossorigin=\"anonymous\"><\/script><br \/>\n<\/p>\n<div>\n<p>Um olhar interativo para a vida a bordo de um destruidor da Marinha decorado come\u00e7ar\u00e1 no s\u00e1bado, quando o USS Orleck apresentar v\u00e1rios novos displays.<\/p>\n<p>O que antes era uma \u00e1rea de ber\u00e7o para a tripula\u00e7\u00e3o durante as guerras coreanas e do Vietn\u00e3 agora abriga exposi\u00e7\u00f5es de museus que acompanham a hist\u00f3ria do destruidor de 80 anos de 1945 <a href=\"https:\/\/jaxtoday.org\/2023\/04\/03\/a-slow-slog-mud-slows-uss-orleck-as-it-crawls-to-permanent-home\/\">para sua casa atual no rio St. Johns<\/a> tr\u00eas anos atr\u00e1s.<\/p>\n<p>Um corte de fita \u00e9 definido para 10h ap\u00f3s 18 meses de trabalho para restaurar as \u00e1reas abaixo do conv\u00e9s. O novo museu acrescenta mais de uma d\u00fazia de exposi\u00e7\u00f5es e uma loja de presentes, disse Greg Allen, gerente de Orleck.<\/p>\n<p>&#8220;T\u00ednhamos muitos artefatos que precis\u00e1vamos exibir das v\u00e1rias partes da hist\u00f3ria do navio, e esse espa\u00e7o, quando pegamos o navio, est\u00e1vamos basicamente vazios&#8221;, disse ele. \u201cVoc\u00ea conta hist\u00f3rias sobre os marinheiros vive aqui, e foi incr\u00edvel que houvesse 300 pessoas a bordo deste navio e o que eles tinham que passar para fazer esse navio ir. \u00c9 uma hist\u00f3ria incr\u00edvel. \u201d<\/p>\n<figure class=\"wp-block-image size-large\"><figcaption class=\"wp-element-caption\">Parte do novo museu a bordo do USS Orleck homenageia seu hom\u00f4nimo &#8211; o tenente Joseph Orleck, que foi morto em a\u00e7\u00e3o durante a Segunda Guerra Mundial. Inclui um v\u00eddeo sobre ele e sua l\u00e1pide e fotos de sua esposa no batismo do navio em 1945. Dan Scanlan, Jacksonville hoje<\/figcaption><\/figure>\n<p>O <a href=\"https:\/\/news.wjct.org\/first-coast\/2022-09-23\/uss-orleck-opens-to-public-next-week\" rel=\"nofollow noopener\" target=\"_blank\">Destruidor da classe de engrenagem<\/a> Operava pela primeira vez na 7\u00aa frota da Marinha depois de ser lan\u00e7ada em 1945. Foi nomeado depois que o tenente Joseph Orleck, que morreu quando o rebocador da Marinha estava afundado durante uma invas\u00e3o anf\u00edbia da It\u00e1lia em 1943.<\/p>\n<p>O Orleck foi para o Pac\u00edfico Ocidental no in\u00edcio de 1948 e depois se tornou parte dos esfor\u00e7os da Guerra da Marinha da Marinha. Renovado em 1962, o navio de guerra de 390 p\u00e9s serviu durante a Guerra do Vietn\u00e3 e ganhou 14 estrelas de batalha. Tornou -se um navio de treinamento antes que a Marinha turca o comprasse. Foi renomeado para o TCG Y\u00fccetepe at\u00e9 seu descomissionamento final em 2000.<\/p>\n<p>O Orleck se tornou um museu em 2000 no Texas e depois mudou -se em 2010 para Lake Charles, Louisiana, em outra atra\u00e7\u00e3o. O Museu Naval de Jacksonville rebocou -o no centro em mar\u00e7o de 2022. Treze meses depois, foi <a href=\"https:\/\/jaxtoday.org\/2023\/04\/03\/a-slow-slog-mud-slows-uss-orleck-as-it-crawls-to-permanent-home\/\">mudou -se para o p\u00eder um<\/a> A leste da marina de Berkman Plaza.<\/p>\n<p>Desde ent\u00e3o, os volunt\u00e1rios trabalharam para restaurar grande parte de um navio de guerra de 2.250 toneladas para os visitantes.<\/p>\n<p>Em mar\u00e7o, uma exibi\u00e7\u00e3o interativa foi aberta dentro da arma de montagem dupla do MK 38 no deck de popa do hist\u00f3rico navio de guerra <a href=\"https:\/\/news.wjct.org\/first-coast\/2022-04-15\/video-take-a-peek-inside-the-uss-orleck\" rel=\"nofollow noopener\" target=\"_blank\">Uma vez conhecido como o &#8220;fantasma cinza&#8221;.<\/a> Luzes estrobosc\u00f3picas e booms altos reencenaram uma batalha de 1968 durante a Guerra do Vietn\u00e3. A primeira das tr\u00eas \u00e1reas de ber\u00e7o da tripula\u00e7\u00e3o reformada foi aberta, assim como um hanne do drone da era da era reconstru\u00eddo do Vietn\u00e3 com cabine de comando.<\/p>\n<p>Agora, uma reforma de US $ 250.000, mais financiada por subs\u00eddios estatais, resultou em um museu acess\u00edvel atrav\u00e9s de outra \u00e1rea de ber\u00e7o reformada na \u00e1rea de opera\u00e7\u00f5es e armas. Os visitantes passam por uma bandeira &#8220;N\u00e3o desista do navio&#8221; para chegar l\u00e1.<\/p>\n<figure class=\"wp-block-image size-large\"><img loading=\"lazy\" color=\"6e6d6b\" transparency=\"false\" style=\"--dominant-color: #6e6d6b;\" decoding=\"async\" width=\"1024\" height=\"576\" src=\"https:\/\/jaxtoday.org\/wp-content\/uploads\/2025\/02\/20250204_090738-1024x576.jpg\" alt=\"\" class=\"not-transparent wp-image-86971\" srcset=\"https:\/\/jaxtoday.org\/wp-content\/uploads\/2025\/02\/20250204_090738-1024x576.jpg 1024w, https:\/\/jaxtoday.org\/wp-content\/uploads\/2025\/02\/20250204_090738-300x169.jpg 300w, https:\/\/jaxtoday.org\/wp-content\/uploads\/2025\/02\/20250204_090738-768x432.jpg 768w, https:\/\/jaxtoday.org\/wp-content\/uploads\/2025\/02\/20250204_090738-1536x864.jpg 1536w, https:\/\/jaxtoday.org\/wp-content\/uploads\/2025\/02\/20250204_090738-2048x1152.jpg 2048w, https:\/\/jaxtoday.org\/wp-content\/uploads\/2025\/02\/20250204_090738-800x450.jpg 800w, https:\/\/jaxtoday.org\/wp-content\/uploads\/2025\/02\/20250204_090738-1200x675.jpg 1200w, https:\/\/jaxtoday.org\/wp-content\/uploads\/2025\/02\/20250204_090738-427x240.jpg 427w, https:\/\/jaxtoday.org\/wp-content\/uploads\/2025\/02\/20250204_090738-100x56.jpg 100w, https:\/\/jaxtoday.org\/wp-content\/uploads\/2025\/02\/20250204_090738-1650x928.jpg 1650w\" sizes=\"auto, (max-width: 1024px) 100vw, 1024px\"\/><figcaption class=\"wp-element-caption\">Uma \u00e1rea de ber\u00e7o restaurada \u00e9 exibida ao lado de um manequim no uniforme de um marinheiro. | Dan Scanlan, Jacksonville hoje<\/figcaption><\/figure>\n<p>A primeira galeria do museu mostra beliches empilhados com itens que um marinheiro teria, como lanterna, facas de bolso e dinheiro, ao lado de um manequim em uniforme cl\u00e1ssico.<\/p>\n<p>&#8220;Est\u00e1 configurado para parecer que estava de volta naqueles dias com os prateleiras e os arm\u00e1rios&#8221;, disse Allen. <\/p>\n<p>Em breve, uma proje\u00e7\u00e3o de v\u00eddeo permitir\u00e1 que os visitantes ou\u00e7am &#8211; e vejam &#8211; um marinheiro escrevendo para casa.<\/p>\n<p>&#8220;Voc\u00ea ver\u00e1 a carta, a escrita indo ao ouvir a voz escrevendo a carta &#8211; &#8216;querida m\u00e3e e pai, este lugar \u00e9 muito quente&#8217; e esse tipo de coisa&#8221;, disse Charles Davis, o oficial de manuten\u00e7\u00e3o do Orleck.<\/p>\n<figure class=\"wp-block-image size-large\"><img loading=\"lazy\" color=\"88807f\" transparency=\"false\" style=\"--dominant-color: #88807f;\" decoding=\"async\" width=\"1024\" height=\"576\" src=\"https:\/\/jaxtoday.org\/wp-content\/uploads\/2025\/02\/20250204_090908-1024x576.jpg\" alt=\"\" class=\"not-transparent wp-image-86973\" srcset=\"https:\/\/jaxtoday.org\/wp-content\/uploads\/2025\/02\/20250204_090908-1024x576.jpg 1024w, https:\/\/jaxtoday.org\/wp-content\/uploads\/2025\/02\/20250204_090908-300x169.jpg 300w, https:\/\/jaxtoday.org\/wp-content\/uploads\/2025\/02\/20250204_090908-768x432.jpg 768w, https:\/\/jaxtoday.org\/wp-content\/uploads\/2025\/02\/20250204_090908-1536x864.jpg 1536w, https:\/\/jaxtoday.org\/wp-content\/uploads\/2025\/02\/20250204_090908-2048x1152.jpg 2048w, https:\/\/jaxtoday.org\/wp-content\/uploads\/2025\/02\/20250204_090908-800x450.jpg 800w, https:\/\/jaxtoday.org\/wp-content\/uploads\/2025\/02\/20250204_090908-1200x675.jpg 1200w, https:\/\/jaxtoday.org\/wp-content\/uploads\/2025\/02\/20250204_090908-427x240.jpg 427w, https:\/\/jaxtoday.org\/wp-content\/uploads\/2025\/02\/20250204_090908-100x56.jpg 100w, https:\/\/jaxtoday.org\/wp-content\/uploads\/2025\/02\/20250204_090908-1650x928.jpg 1650w\" sizes=\"auto, (max-width: 1024px) 100vw, 1024px\"\/><figcaption class=\"wp-element-caption\">Charles Davis, o oficial de manuten\u00e7\u00e3o do USS Orleck, aponta partes de um modelo personalizado de 8 p\u00e9s de comprimento do navio no novo museu. | Dan Scanlan, Jacksonville hoje <\/figcaption><\/figure>\n<p>H\u00e1 uma tela dedicada ao tenente Orleck, com um modelo altamente detalhado de 8 p\u00e9s do Orleck.<\/p>\n<p>&#8220;Esta r\u00e9plica foi constru\u00edda nos anos 90 por Hal Mather&#8221;, disse Davis. \u201cEle ser\u00e1 nosso convidado de honra no s\u00e1bado no corte da fita. \u2026 Isso \u00e9 totalmente controlado por r\u00e1dio &#8211; as armas se mover\u00e3o e subir\u00e3o para cima e para baixo, e tem todos os efeitos sonoros. Ele construiu isso do zero. \u201d<\/p>\n<p>Em seguida, os visitantes passam por rifles americanos, chineses e japoneses, depois modelos intrincados de porta-avi\u00f5es com sede na esta\u00e7\u00e3o naval Mayport, terminando com o USS John F. Kennedy (1995-2007). <\/p>\n<figure class=\"wp-block-image size-large\"><img loading=\"lazy\" color=\"8875a5\" transparency=\"false\" style=\"--dominant-color: #8875a5;\" decoding=\"async\" width=\"1024\" height=\"576\" src=\"https:\/\/jaxtoday.org\/wp-content\/uploads\/2025\/02\/20250204_0915160-1024x576.jpg\" alt=\"\" class=\"not-transparent wp-image-86969\" srcset=\"https:\/\/jaxtoday.org\/wp-content\/uploads\/2025\/02\/20250204_0915160-1024x576.jpg 1024w, https:\/\/jaxtoday.org\/wp-content\/uploads\/2025\/02\/20250204_0915160-300x169.jpg 300w, https:\/\/jaxtoday.org\/wp-content\/uploads\/2025\/02\/20250204_0915160-768x432.jpg 768w, https:\/\/jaxtoday.org\/wp-content\/uploads\/2025\/02\/20250204_0915160-1536x864.jpg 1536w, https:\/\/jaxtoday.org\/wp-content\/uploads\/2025\/02\/20250204_0915160-2048x1152.jpg 2048w, https:\/\/jaxtoday.org\/wp-content\/uploads\/2025\/02\/20250204_0915160-800x450.jpg 800w, https:\/\/jaxtoday.org\/wp-content\/uploads\/2025\/02\/20250204_0915160-1200x675.jpg 1200w, https:\/\/jaxtoday.org\/wp-content\/uploads\/2025\/02\/20250204_0915160-427x240.jpg 427w, https:\/\/jaxtoday.org\/wp-content\/uploads\/2025\/02\/20250204_0915160-100x56.jpg 100w, https:\/\/jaxtoday.org\/wp-content\/uploads\/2025\/02\/20250204_0915160-1650x928.jpg 1650w\" sizes=\"auto, (max-width: 1024px) 100vw, 1024px\"\/><figcaption class=\"wp-element-caption\">O gerente de Orleck, Greg Allen, demonstra como um oficial t\u00e1tico rastrearia avi\u00f5es de entrada neste quadro de trama, algo que os visitantes poder\u00e3o experimentar no novo museu do USS Orleck. | Dan Scanlan, Jacksonville hoje<\/figcaption><\/figure>\n<p>A loja de presentes na galeria inclui o quadro de plotagem do Centro de Informa\u00e7\u00f5es de Comando Original, onde os oficiais t\u00e1ticos desenhavam locais de avi\u00f5es inimigos &#8211; por tr\u00e1s, disse Allen.<\/p>\n<p>&#8220;As crian\u00e7as podem aparecer aqui e praticar escrevendo para tr\u00e1s, como os marinheiros costumavam fazer nos velhos tempos&#8221;, disse ele enquanto demonstrou. <\/p>\n<p>Os quartos do motor e da caldeira do navio ser\u00e3o restaurados e abertos no pr\u00f3ximo ano, disse Davis. Enquanto isso, duas novas exibi\u00e7\u00f5es ocupam a \u00e1rea da ponte.<\/p>\n<figure class=\"wp-block-image size-large\"><img loading=\"lazy\" color=\"48332c\" transparency=\"false\" style=\"--dominant-color: #48332c;\" decoding=\"async\" width=\"1024\" height=\"576\" src=\"https:\/\/jaxtoday.org\/wp-content\/uploads\/2025\/02\/20250204_093913-1024x576.jpg\" alt=\"\" class=\"not-transparent wp-image-86979\" srcset=\"https:\/\/jaxtoday.org\/wp-content\/uploads\/2025\/02\/20250204_093913-1024x576.jpg 1024w, https:\/\/jaxtoday.org\/wp-content\/uploads\/2025\/02\/20250204_093913-300x169.jpg 300w, https:\/\/jaxtoday.org\/wp-content\/uploads\/2025\/02\/20250204_093913-768x432.jpg 768w, https:\/\/jaxtoday.org\/wp-content\/uploads\/2025\/02\/20250204_093913-1536x864.jpg 1536w, https:\/\/jaxtoday.org\/wp-content\/uploads\/2025\/02\/20250204_093913-2048x1152.jpg 2048w, https:\/\/jaxtoday.org\/wp-content\/uploads\/2025\/02\/20250204_093913-800x450.jpg 800w, https:\/\/jaxtoday.org\/wp-content\/uploads\/2025\/02\/20250204_093913-1200x675.jpg 1200w, https:\/\/jaxtoday.org\/wp-content\/uploads\/2025\/02\/20250204_093913-427x240.jpg 427w, https:\/\/jaxtoday.org\/wp-content\/uploads\/2025\/02\/20250204_093913-100x56.jpg 100w, https:\/\/jaxtoday.org\/wp-content\/uploads\/2025\/02\/20250204_093913-1650x928.jpg 1650w\" sizes=\"auto, (max-width: 1024px) 100vw, 1024px\"\/><figcaption class=\"wp-element-caption\">Uma simula\u00e7\u00e3o de v\u00eddeo mostra um tenente e oficial t\u00e1tico rastreando inimigos recebidos no centro de informa\u00e7\u00f5es de comando restaurado. | Dan Scanlan, Jacksonville hoje<\/figcaption><\/figure>\n<p>Ao lado da cadeira do capit\u00e3o, um filme narrado pelo ex-\u00e2ncora do News4jax, Tom Wills, permite que os visitantes vejam como as armas do USS Orleck destru\u00edram um trem de suprimentos norte-coreano ao passar entre os t\u00faneis na ilha de Yang-do. Em seguida, o Centro de Informa\u00e7\u00f5es de Comando mostra o v\u00eddeo de um tenente e oficial t\u00e1tico em tamanho real, rastreando um inimigo que chegou.<\/p>\n<p>&#8220;Adicionamos continuamente coisas ao navio para ajudar as pessoas voltam para v\u00ea -lo&#8221;, disse Allen. &#8220;Estamos procurando visitantes de retorno porque h\u00e1 muito mais para ver.&#8221;<\/p>\n<p>Para obter mais informa\u00e7\u00f5es sobre o hor\u00e1rio operacional e as taxas de admiss\u00e3o do navio, v\u00e1 para <a href=\"https:\/\/jaxnavalmuseum.org\/\" rel=\"nofollow noopener\" target=\"_blank\">Jaxnavalmuseum.org.<\/a><\/p>\n<\/div>\n<p><br \/>\n<br \/><a href=\"https:\/\/jaxtoday.org\/2025\/02\/04\/uss-orleck-premieres-new-interactive-displays\/\">Source link <\/a><\/p>","protected":false},"excerpt":{"rendered":"<p>Um olhar interativo para a vida a bordo de um destruidor da Marinha decorado come\u00e7ar\u00e1 no s\u00e1bado, quando o USS Orleck apresentar v\u00e1rios novos displays. O que antes era uma&hellip;<\/p>","protected":false},"author":1,"featured_media":99287,"comment_status":"closed","ping_status":"open","sticky":false,"template":"","format":"standard","meta":{"content-type":"","footnotes":""},"categories":[1],"tags":[],"class_list":["post-99286","post","type-post","status-publish","format-standard","has-post-thumbnail","hentry","category-uncategorized"],"_links":{"self":[{"href":"https:\/\/tvbrazilusa.com\/pt\/wp-json\/wp\/v2\/posts\/99286","targetHints":{"allow":["GET"]}}],"collection":[{"href":"https:\/\/tvbrazilusa.com\/pt\/wp-json\/wp\/v2\/posts"}],"about":[{"href":"https:\/\/tvbrazilusa.com\/pt\/wp-json\/wp\/v2\/types\/post"}],"author":[{"embeddable":true,"href":"https:\/\/tvbrazilusa.com\/pt\/wp-json\/wp\/v2\/users\/1"}],"replies":[{"embeddable":true,"href":"https:\/\/tvbrazilusa.com\/pt\/wp-json\/wp\/v2\/comments?post=99286"}],"version-history":[{"count":1,"href":"https:\/\/tvbrazilusa.com\/pt\/wp-json\/wp\/v2\/posts\/99286\/revisions"}],"predecessor-version":[{"id":99288,"href":"https:\/\/tvbrazilusa.com\/pt\/wp-json\/wp\/v2\/posts\/99286\/revisions\/99288"}],"wp:featuredmedia":[{"embeddable":true,"href":"https:\/\/tvbrazilusa.com\/pt\/wp-json\/wp\/v2\/media\/99287"}],"wp:attachment":[{"href":"https:\/\/tvbrazilusa.com\/pt\/wp-json\/wp\/v2\/media?parent=99286"}],"wp:term":[{"taxonomy":"category","embeddable":true,"href":"https:\/\/tvbrazilusa.com\/pt\/wp-json\/wp\/v2\/categories?post=99286"},{"taxonomy":"post_tag","embeddable":true,"href":"https:\/\/tvbrazilusa.com\/pt\/wp-json\/wp\/v2\/tags?post=99286"}],"curies":[{"name":"wp","href":"https:\/\/api.w.org\/{rel}","templated":true}]}}