{"id":99299,"date":"2025-02-04T22:01:06","date_gmt":"2025-02-04T22:01:06","guid":{"rendered":"https:\/\/tvbrazilusa.com\/2025\/02\/04\/o-ministro-flavio-dino-ira-sabatinar-os-novos-presidentes-da-camara-dos-deputados-hugo-motta-e-do-senado-davi-alcolumbre-veja-video\/"},"modified":"2025-02-04T22:01:07","modified_gmt":"2025-02-04T22:01:07","slug":"o-ministro-flavio-dino-ira-sabatinar-os-novos-presidentes-da-camara-dos-deputados-hugo-motta-e-do-senado-davi-alcolumbre-veja-video","status":"publish","type":"post","link":"https:\/\/tvbrazilusa.com\/pt\/2025\/02\/04\/o-ministro-flavio-dino-ira-sabatinar-os-novos-presidentes-da-camara-dos-deputados-hugo-motta-e-do-senado-davi-alcolumbre-veja-video\/","title":{"rendered":"O ministro Fl\u00e1vio Dino, ir\u00e1 &#8216;sabatinar&#8217; os novos presidentes da C\u00e2mara dos Deputados, Hugo Motta e do Senado, Davi Alcolumbre; VEJA V\u00cdDEO"},"content":{"rendered":"<p> <script async src=\"https:\/\/pagead2.googlesyndication.com\/pagead\/js\/adsbygoogle.js?client=ca-pub-8864793242727901\"\r\n     crossorigin=\"anonymous\"><\/script><br \/>\n<\/p>\n<div id=\"taboola-read-more\" style=\"display:block; width:100%\">\n<p>Em uma reuni\u00e3o marcada para o pr\u00f3ximo dia 27 de fevereiro, o ministro do Supremo Tribunal Federal (STF), Fl\u00e1vio Dino, ir\u00e1 &#8220;sabatinar&#8221; os novos presidentes da C\u00e2mara dos Deputados, Hugo Motta (Republicanos-PB), e do Senado, Davi Alcolumbre (Uni\u00e3o Brasil-AP). A pauta central desta audi\u00eancia ser\u00e1 o uso e a execu\u00e7\u00e3o das emendas parlamentares, um ponto de tens\u00e3o entre o Legislativo e o Judici\u00e1rio.\n<\/p>\n<p>O objetivo da reuni\u00e3o \u00e9 esclarecer e discutir o cumprimento das decis\u00f5es judiciais anteriores do STF sobre a transpar\u00eancia e a destina\u00e7\u00e3o das emendas. Dino pretende abordar como o Executivo e o Legislativo planejam assegurar o integral cumprimento dessas decis\u00f5es, al\u00e9m de tratar de quest\u00f5es pendentes e futuras a\u00e7\u00f5es.<\/p>\n<p>Os novos l\u00edderes do Congresso, Hugo Motta e Davi Alcolumbre, eleitos recentemente, v\u00eam defendendo a autonomia do Legislativo e o pagamento das emendas parlamentares, que s\u00e3o recursos destinados por parlamentares para projetos em seus estados e munic\u00edpios. A situa\u00e7\u00e3o das emendas \u00e9 delicada, especialmente ap\u00f3s decis\u00f5es judiciais que bloquearam verbas por falta de transpar\u00eancia.\n<\/p>\n<p><strong>ASSISTA:<\/strong>\n<\/p>\n<p>Fonte: @cnnbrasil \/ X              <\/p>\n<\/div>\n<p><br \/>\n<br \/><a href=\"https:\/\/diariodobrasilnoticias.com.br\/noticia\/o-ministro-flavio-dino-ira-sabatinar-os-novos-presidentes-da-camara-dos-deputados-hugo-motta-e-do-senado-davi-alcolumbre-veja-video-67a26bc216643\">Source link <\/a><\/p>","protected":false},"excerpt":{"rendered":"<p>Em uma reuni\u00e3o marcada para o pr\u00f3ximo dia 27 de fevereiro, o ministro do Supremo Tribunal Federal (STF), Fl\u00e1vio Dino, ir\u00e1 &#8220;sabatinar&#8221; os novos presidentes da C\u00e2mara dos Deputados, Hugo&hellip;<\/p>","protected":false},"author":1,"featured_media":99300,"comment_status":"closed","ping_status":"open","sticky":false,"template":"","format":"standard","meta":{"content-type":"","footnotes":""},"categories":[16],"tags":[123,2448,5313,1267],"class_list":["post-99299","post","type-post","status-publish","format-standard","has-post-thumbnail","hentry","category-noticias","tag-brasil","tag-diario","tag-noticia","tag-noticias"],"_links":{"self":[{"href":"https:\/\/tvbrazilusa.com\/pt\/wp-json\/wp\/v2\/posts\/99299","targetHints":{"allow":["GET"]}}],"collection":[{"href":"https:\/\/tvbrazilusa.com\/pt\/wp-json\/wp\/v2\/posts"}],"about":[{"href":"https:\/\/tvbrazilusa.com\/pt\/wp-json\/wp\/v2\/types\/post"}],"author":[{"embeddable":true,"href":"https:\/\/tvbrazilusa.com\/pt\/wp-json\/wp\/v2\/users\/1"}],"replies":[{"embeddable":true,"href":"https:\/\/tvbrazilusa.com\/pt\/wp-json\/wp\/v2\/comments?post=99299"}],"version-history":[{"count":1,"href":"https:\/\/tvbrazilusa.com\/pt\/wp-json\/wp\/v2\/posts\/99299\/revisions"}],"predecessor-version":[{"id":99301,"href":"https:\/\/tvbrazilusa.com\/pt\/wp-json\/wp\/v2\/posts\/99299\/revisions\/99301"}],"wp:featuredmedia":[{"embeddable":true,"href":"https:\/\/tvbrazilusa.com\/pt\/wp-json\/wp\/v2\/media\/99300"}],"wp:attachment":[{"href":"https:\/\/tvbrazilusa.com\/pt\/wp-json\/wp\/v2\/media?parent=99299"}],"wp:term":[{"taxonomy":"category","embeddable":true,"href":"https:\/\/tvbrazilusa.com\/pt\/wp-json\/wp\/v2\/categories?post=99299"},{"taxonomy":"post_tag","embeddable":true,"href":"https:\/\/tvbrazilusa.com\/pt\/wp-json\/wp\/v2\/tags?post=99299"}],"curies":[{"name":"wp","href":"https:\/\/api.w.org\/{rel}","templated":true}]}}