{"id":99314,"date":"2025-02-04T22:37:38","date_gmt":"2025-02-04T22:37:38","guid":{"rendered":"https:\/\/tvbrazilusa.com\/2025\/02\/04\/presidente-da-camara-dos-deputados-manda-recado-ao-stf-regulacao-das-redes-sociais-devem-ser-debatidos-no-congresso\/"},"modified":"2025-02-04T22:37:40","modified_gmt":"2025-02-04T22:37:40","slug":"presidente-da-camara-dos-deputados-manda-recado-ao-stf-regulacao-das-redes-sociais-devem-ser-debatidos-no-congresso","status":"publish","type":"post","link":"https:\/\/tvbrazilusa.com\/pt\/2025\/02\/04\/presidente-da-camara-dos-deputados-manda-recado-ao-stf-regulacao-das-redes-sociais-devem-ser-debatidos-no-congresso\/","title":{"rendered":"Presidente da c\u00e2mara dos deputados manda recado ao STF: Regula\u00e7\u00e3o das redes sociais devem ser debatidos no congresso"},"content":{"rendered":"<p> <script async src=\"https:\/\/pagead2.googlesyndication.com\/pagead\/js\/adsbygoogle.js?client=ca-pub-8864793242727901\"\r\n     crossorigin=\"anonymous\"><\/script><br \/>\n<\/p>\n<div id=\"taboola-read-more\" style=\"display:block; width:100%\">\n<p>Em entrevista exclusiva \u00e0 CNN nesta ter\u00e7a-feira (04), o presidente da C\u00e2mara dos Deputados, Hugo Motta (Republicanos-PB), disse considerar errado o Supremo Tribunal Federal (STF) discutir a regulamenta\u00e7\u00e3o das redes sociais.\n<\/p>\n<p>\u201cAcho um erro o Supremo Tribunal Federal entrar nesse tema. Deveria ser discutido na C\u00e2mara e no Senado Federal\u201d, afirmou.<\/p>\n<p>A regulamenta\u00e7\u00e3o pode ser analisada pelo STF neste ano. Em dezembro de 2024, os magistrados iniciaram o julgamento do tema, mas paralisaram o trabalho por conta de um pedido de vista (mais tempo para an\u00e1lise) do ministro Andr\u00e9 Mendon\u00e7a.\n<\/p>\n<p>O assunto divide os parlamentares. Enquanto parte deles defende que haja a regulamenta\u00e7\u00e3o para evitar a dissemina\u00e7\u00e3o de fake news, a oposi\u00e7\u00e3o cita uma \u201ccensura\u201d\u201d caso isso venha a ocorrer.\n<\/p>\n<p>A expectativa \u00e9 que haja a retomada do julgamento no STF em maio.\n<\/p>\n<p>A pauta ganhou ainda mais f\u00f4lego quando a Meta decidiu por encerrar a checagem de fatos nos Estados Unidos.\n<\/p>\n<p>Em janeiro deste ano, o ministro Alexandre de Moraes, do Supremo, afirmou, durante roda de conversa em mem\u00f3ria dos ataques antidemocr\u00e1ticos, que as redes sociais \u201cs\u00f3 continuar\u00e3o a operar se respeitarem a legisla\u00e7\u00e3o brasileira\u201d.\n<\/p>\n<p>Hugo Motta defendeu que este \u00e9 um assunto que deveria ser debatido pelo Congresso Nacional.\n<\/p>\n<p>\u201cA casa das leis \u00e9 o Poder Legislativo, n\u00e3o legislar tamb\u00e9m \u00e9 uma posi\u00e7\u00e3o, n\u00e3o temos que legislar sobre qualquer assunto\u201d, completou.\n<\/p>\n<p>Fonte: CNN Brasil              <\/p>\n<\/div>\n<p><br \/>\n<br \/><a href=\"https:\/\/diariodobrasilnoticias.com.br\/noticia\/presidente-da-camara-dos-deputados-manda-recado-ao-stf-regulacao-das-redes-sociais-devem-ser-debatidos-no-congresso-67a27195487ea\">Source link <\/a><\/p>","protected":false},"excerpt":{"rendered":"<p>Em entrevista exclusiva \u00e0 CNN nesta ter\u00e7a-feira (04), o presidente da C\u00e2mara dos Deputados, Hugo Motta (Republicanos-PB), disse considerar errado o Supremo Tribunal Federal (STF) discutir a regulamenta\u00e7\u00e3o das redes&hellip;<\/p>","protected":false},"author":1,"featured_media":99315,"comment_status":"closed","ping_status":"open","sticky":false,"template":"","format":"standard","meta":{"content-type":"","footnotes":""},"categories":[16],"tags":[123,2448,5313,1267],"class_list":["post-99314","post","type-post","status-publish","format-standard","has-post-thumbnail","hentry","category-noticias","tag-brasil","tag-diario","tag-noticia","tag-noticias"],"_links":{"self":[{"href":"https:\/\/tvbrazilusa.com\/pt\/wp-json\/wp\/v2\/posts\/99314","targetHints":{"allow":["GET"]}}],"collection":[{"href":"https:\/\/tvbrazilusa.com\/pt\/wp-json\/wp\/v2\/posts"}],"about":[{"href":"https:\/\/tvbrazilusa.com\/pt\/wp-json\/wp\/v2\/types\/post"}],"author":[{"embeddable":true,"href":"https:\/\/tvbrazilusa.com\/pt\/wp-json\/wp\/v2\/users\/1"}],"replies":[{"embeddable":true,"href":"https:\/\/tvbrazilusa.com\/pt\/wp-json\/wp\/v2\/comments?post=99314"}],"version-history":[{"count":1,"href":"https:\/\/tvbrazilusa.com\/pt\/wp-json\/wp\/v2\/posts\/99314\/revisions"}],"predecessor-version":[{"id":99316,"href":"https:\/\/tvbrazilusa.com\/pt\/wp-json\/wp\/v2\/posts\/99314\/revisions\/99316"}],"wp:featuredmedia":[{"embeddable":true,"href":"https:\/\/tvbrazilusa.com\/pt\/wp-json\/wp\/v2\/media\/99315"}],"wp:attachment":[{"href":"https:\/\/tvbrazilusa.com\/pt\/wp-json\/wp\/v2\/media?parent=99314"}],"wp:term":[{"taxonomy":"category","embeddable":true,"href":"https:\/\/tvbrazilusa.com\/pt\/wp-json\/wp\/v2\/categories?post=99314"},{"taxonomy":"post_tag","embeddable":true,"href":"https:\/\/tvbrazilusa.com\/pt\/wp-json\/wp\/v2\/tags?post=99314"}],"curies":[{"name":"wp","href":"https:\/\/api.w.org\/{rel}","templated":true}]}}