{"id":99317,"date":"2025-02-04T22:51:37","date_gmt":"2025-02-04T22:51:37","guid":{"rendered":"https:\/\/tvbrazilusa.com\/2025\/02\/04\/na-contra-mao-do-governo-lula-presidente-da-camara-diz-que-aumentar-tributos-nao-resolve\/"},"modified":"2025-02-04T22:51:39","modified_gmt":"2025-02-04T22:51:39","slug":"na-contra-mao-do-governo-lula-presidente-da-camara-diz-que-aumentar-tributos-nao-resolve","status":"publish","type":"post","link":"https:\/\/tvbrazilusa.com\/pt\/2025\/02\/04\/na-contra-mao-do-governo-lula-presidente-da-camara-diz-que-aumentar-tributos-nao-resolve\/","title":{"rendered":"Na contra m\u00e3o do governo Lula, presidente da C\u00e2mara diz que &#8216;aumentar tributos n\u00e3o resolve&#8217;"},"content":{"rendered":"<p> <script async src=\"https:\/\/pagead2.googlesyndication.com\/pagead\/js\/adsbygoogle.js?client=ca-pub-8864793242727901\"\r\n     crossorigin=\"anonymous\"><\/script><br \/>\n<\/p>\n<div id=\"taboola-read-more\" style=\"display:block; width:100%\">\n<p>\u00c0 CNN, o presidente da C\u00e2mara dos Deputados, Hugo Motta (Republicanos-PB), afirmou em entrevista exclusiva \u00e0 CNN nesta ter\u00e7a-feira (4) que h\u00e1 uma resist\u00eancia do Congresso Nacional em pautas de carga tribut\u00e1ria. Para o novo presidente da Casa, aumentar o encargo \u201cn\u00e3o vai resolver o problema\u201d.\n<\/p>\n<p>Questionado sobre se h\u00e1 clima para tratar novos projetos que encabe\u00e7ariam mudan\u00e7as na tributa\u00e7\u00e3o, Hugo foi claro:<\/p>\n<p>\u201cH\u00e1, no Congresso, uma certa resist\u00eancia com quem n\u00f3s conversamos, l\u00edderes e deputados, que mat\u00e9ria que venha a representar aumento de carga tribut\u00e1ria, o Congresso acredita que j\u00e1 deu a sua cota. O Congresso acredita que j\u00e1 colaborou muito com essa agenda. Seguir aumentando encargo n\u00e3o vai resolver o problema econ\u00f4mico do pa\u00eds\u201d, destacou o novo presidente da C\u00e2mara.\n<\/p>\n<p>\u201cO governo precisa reajusta a rota, rever o que tem sido feito nesse sentido, se conscientizar que precisa ter mais responsabilidade, que, a\u00ed sim, ele ter\u00e1, do Congresso, total coopera\u00e7\u00e3o do Congresso na agenda econ\u00f4mica\u201d, acrescentou.\n<\/p>\n<p>Segundo o presidente da C\u00e2mara, o Congresso hoje est\u00e1 \u201cpreocupado com a economia\u201d.\n<\/p>\n<p>\u201cEu vejo um Congresso muito mais conservador e preocupado com a economia do que um Congresso que n\u00e3o se preocuparia com a responsabilidade fiscal\u201d, disse.\n<\/p>\n<p>Hugo Motta ainda afirmou que \u00e9 necess\u00e1rio uma \u201cmudan\u00e7a no rumo das decis\u00f5es\u201d.\n<\/p>\n<p>\u201cPresidente n\u00e3o chegar\u00e1 forte na campanha em 2026 se a economia n\u00e3o tiver estabilidade, e para ter essa estabilidade, \u00e9 preciso ter uma mudan\u00e7a no rumo das decis\u00f5es\u201d, declarou.\n<\/p>\n<p>Fonte: CNN Brasil              <\/p>\n<\/div>\n<p><br \/>\n<br \/><a href=\"https:\/\/diariodobrasilnoticias.com.br\/noticia\/na-contra-mao-do-governo-lula-presidente-da-camara-diz-que-aumentar-tributos-nao-resolve-67a27079c74e3\">Source link <\/a><\/p>","protected":false},"excerpt":{"rendered":"<p>\u00c0 CNN, o presidente da C\u00e2mara dos Deputados, Hugo Motta (Republicanos-PB), afirmou em entrevista exclusiva \u00e0 CNN nesta ter\u00e7a-feira (4) que h\u00e1 uma resist\u00eancia do Congresso Nacional em pautas de&hellip;<\/p>","protected":false},"author":1,"featured_media":99318,"comment_status":"closed","ping_status":"open","sticky":false,"template":"","format":"standard","meta":{"content-type":"","footnotes":""},"categories":[16],"tags":[123,2448,5313,1267],"class_list":["post-99317","post","type-post","status-publish","format-standard","has-post-thumbnail","hentry","category-noticias","tag-brasil","tag-diario","tag-noticia","tag-noticias"],"_links":{"self":[{"href":"https:\/\/tvbrazilusa.com\/pt\/wp-json\/wp\/v2\/posts\/99317","targetHints":{"allow":["GET"]}}],"collection":[{"href":"https:\/\/tvbrazilusa.com\/pt\/wp-json\/wp\/v2\/posts"}],"about":[{"href":"https:\/\/tvbrazilusa.com\/pt\/wp-json\/wp\/v2\/types\/post"}],"author":[{"embeddable":true,"href":"https:\/\/tvbrazilusa.com\/pt\/wp-json\/wp\/v2\/users\/1"}],"replies":[{"embeddable":true,"href":"https:\/\/tvbrazilusa.com\/pt\/wp-json\/wp\/v2\/comments?post=99317"}],"version-history":[{"count":1,"href":"https:\/\/tvbrazilusa.com\/pt\/wp-json\/wp\/v2\/posts\/99317\/revisions"}],"predecessor-version":[{"id":99319,"href":"https:\/\/tvbrazilusa.com\/pt\/wp-json\/wp\/v2\/posts\/99317\/revisions\/99319"}],"wp:featuredmedia":[{"embeddable":true,"href":"https:\/\/tvbrazilusa.com\/pt\/wp-json\/wp\/v2\/media\/99318"}],"wp:attachment":[{"href":"https:\/\/tvbrazilusa.com\/pt\/wp-json\/wp\/v2\/media?parent=99317"}],"wp:term":[{"taxonomy":"category","embeddable":true,"href":"https:\/\/tvbrazilusa.com\/pt\/wp-json\/wp\/v2\/categories?post=99317"},{"taxonomy":"post_tag","embeddable":true,"href":"https:\/\/tvbrazilusa.com\/pt\/wp-json\/wp\/v2\/tags?post=99317"}],"curies":[{"name":"wp","href":"https:\/\/api.w.org\/{rel}","templated":true}]}}