{"id":99323,"date":"2025-02-04T22:55:14","date_gmt":"2025-02-04T22:55:14","guid":{"rendered":"https:\/\/tvbrazilusa.com\/2025\/02\/04\/karma-morde-trump-dando-um-orgulhoso-garotos-na-bunda\/"},"modified":"2025-02-04T23:03:34","modified_gmt":"2025-02-04T23:03:34","slug":"karma-morde-trump-dando-um-orgulhoso-garotos-na-bunda","status":"publish","type":"post","link":"https:\/\/tvbrazilusa.com\/pt\/2025\/02\/04\/karma-morde-trump-dando-um-orgulhoso-garotos-na-bunda\/","title":{"rendered":"Karma morde Trump, dando um orgulhoso garotos na bunda"},"content":{"rendered":"<script async src=\"https:\/\/pagead2.googlesyndication.com\/pagead\/js\/adsbygoogle.js?client=ca-pub-8864793242727901\"\r\n     crossorigin=\"anonymous\"><\/script>\n<div>\n<p class=\"article__paragraph article__paragraph--left\" id=\"ZBUOMBVYHBGGRPMEL7ESYANJ24\">Um juiz decidiu na segunda-feira que o grupo de extrema-direita Proud Boys n\u00e3o tem mais permiss\u00e3o legalmente para usar seu pr\u00f3prio nome. <\/p>\n<p class=\"article__paragraph article__paragraph--left\" id=\"5II4T5RKFNH67NWD4V3MIPKEGM\">A ju\u00edza de Washington, Tanya M. Jones Bosier <a href=\"https:\/\/www.washingtonian.com\/2025\/02\/04\/a-historic-dc-black-church-now-owns-the-proud-boys-name\/\" target=\"_blank\" rel=\"\" title=\"https:\/\/www.washingtonian.com\/2025\/02\/04\/a-historic-dc-black-church-now-owns-the-proud-boys-name\/\">V\u00e1rios relat\u00f3rios<\/a>. O grupo tamb\u00e9m \u00e9 impedido de vender mercadorias com seu nome ou logotipo sem a permiss\u00e3o da igreja negra alguns de seus membros<a href=\"https:\/\/www.washingtonpost.com\/local\/public-safety\/proud-boys-protest-stabbing-arrest\/2020\/12\/13\/98c0f740-3d3f-11eb-8db8-395dedaaa036_story.html\" target=\"_blank\" rel=\"\" title=\"https:\/\/www.washingtonpost.com\/local\/public-safety\/proud-boys-protest-stabbing-arrest\/2020\/12\/13\/98c0f740-3d3f-11eb-8db8-395dedaaa036_story.html\"> Vandalizado em dezembro de 2020<\/a>de acordo com <a href=\"https:\/\/www.nytimes.com\/2025\/02\/03\/us\/politics\/proud-boys.html\" target=\"_blank\" rel=\"\" title=\"https:\/\/www.nytimes.com\/2025\/02\/03\/us\/politics\/proud-boys.html\">The New York Times.<\/a><\/p>\n<p class=\"article__paragraph article__paragraph--left\" id=\"5AMZ34AKUFCCLCYDRTUN2QFJ6E\">A decis\u00e3o significa que o grupo n\u00e3o pode mais usar legalmente seu nome ou logotipo anterior sem a permiss\u00e3o da Igreja Episcopal Metodista Metropolitana Africana, segundo o The Times. A igreja anteriormente conquistou um julgamento inadimplente de US $ 2,8 milh\u00f5es contra os orgulhosos garotos em 2023 em conex\u00e3o com o vandalismo, mas o grupo n\u00e3o pagou.<\/p>\n<p class=\"article__paragraph article__paragraph--left\" id=\"VOBFO3257VGZ7KUIWA73D22SOA\">O ex-l\u00edder do grupo, Enrique Tarrio, exigiu que a igreja perdesse seu status sem fins lucrativos e pedisse que o juiz fosse impeachment.<\/p>\n<p class=\"article__paragraph article__paragraph--left\" id=\"AEXHWYXTB5AWPBXDBJACGSX524\">\u201cEsta organiza\u00e7\u00e3o, disfar\u00e7ada de igreja, deve ser submetida a uma auditoria completa e seu status sem fins lucrativos revogado imediatamente. A conduta do juiz neste caso requer impeachment e investiga\u00e7\u00e3o. Suas a\u00e7\u00f5es s\u00e3o uma trai\u00e7\u00e3o \u00e0 justi\u00e7a, lembrando a trai\u00e7\u00e3o de Judas. Eu tenho desprezo quaisquer mo\u00e7\u00f5es, julgamentos e ordens emitidas contra mim \u201d, disse ele <a href=\"https:\/\/x.com\/NobleOne\/status\/1886782313742135707\" target=\"_blank\" rel=\"\" title=\"https:\/\/x.com\/NobleOne\/status\/1886782313742135707\">em comunicado.<\/a><\/p>\n<p class=\"article__paragraph article__paragraph--left\" id=\"KSZLCCNR7BCZZPWGLUH2RY3IGA\">Tarrio foi um dos v\u00e1rios membros do Proud Boys perdoados pelo presidente Donald Trump nas primeiras horas de sua presid\u00eancia. Tarrio era <a href=\"https:\/\/www.justice.gov\/usao-dc\/pr\/proud-boys-leader-sentenced-22-years-prison-seditious-conspiracy-and-other-charges\" target=\"_blank\" rel=\"\" title=\"https:\/\/www.justice.gov\/usao-dc\/pr\/proud-boys-leader-sentenced-22-years-prison-seditious-conspiracy-and-other-charges\">condenado a 22 anos <\/a>na pris\u00e3o por conspira\u00e7\u00e3o sediciosa e outras acusa\u00e7\u00f5es relacionadas ao ataque de 6 de janeiro de 2021 ao Capit\u00f3lio. <\/p>\n<p class=\"article__paragraph article__paragraph--left\" id=\"R4K4GMAO2RDBJOWW4EJUITYWSA\">Antes do ataque do Capit\u00f3lio, The Proud Boys era um grupo mais conhecido por brigas de rua com ativistas antifascistas, quando Trump disse ao grupo que disse ao grupo para &#8220;se afastar e se apoiar&#8221; durante seu primeiro debate em 2020 com o ent\u00e3o candidato presidencial Biden.<\/p>\n<p class=\"article__paragraph article__paragraph--left\" id=\"NG2BQH45D5GDHBJZMMLYTJFORQ\">O ex -l\u00edder do grupo, Enrique Tarrio, e tr\u00eas de seus tenentes foram condenados por conspira\u00e7\u00e3o sediciosa por uma trama violenta para impedir a transfer\u00eancia pac\u00edfica do poder presidencial de Trump para Biden ap\u00f3s a elei\u00e7\u00e3o de 2020. Tarrio estava cumprindo uma senten\u00e7a de 22 anos de pris\u00e3o, a mais longa de qualquer caso de Riot Capitol, antes de Trump o perdoar. Alguns membros do grupo marcharam em Washington quando Trump assumiu outro mandato.<\/p>\n<p class=\"article__paragraph article__paragraph--left\" id=\"FYB4X2Q4ONFUHB7P7JKF7MEE2Q\">Quando pressionado por um rep\u00f3rter sobre os orgulhosos garotos e juradores de juramento e se havia um lugar para eles na pol\u00edtica, Trump disse: \u201cBem, temos que ver. Eles receberam perd\u00e3o. Eu pensei que suas frases eram rid\u00edculas e excessivas. \u201d<\/p>\n<p class=\"article__paragraph article__paragraph--left\" id=\"D3M2YR6IFRFHLHR6O44KGERDWA\"><i>A Associated Press contribuiu para este relat\u00f3rio.<\/i><\/p>\n<section class=\"Stories-By-Author-module_wrapper__ezbcK Stories-By-Author-module_nj__Ap1-Y\"\/>\n<p class=\"article__paragraph article__paragraph--left\" id=\"JP4AF6D2XFCFDAD2VS46VALOJU\"><i>Nosso jornalismo precisa do seu apoio. Por favor, inscreva -se hoje em <\/i><a href=\"https:\/\/www.nj.com\/\" target=\"_blank\" rel=\"\"><i><u>Nj.com<\/u><\/i><\/a><i>.<\/i><\/p>\n<\/div>\n<p><br \/>\n<br \/><a href=\"https:\/\/www.nj.com\/politics\/2025\/02\/karma-bites-trump-aiding-proud-boys-in-the-butt.html\">Source link <\/a><\/p>","protected":false},"excerpt":{"rendered":"<p>Um juiz decidiu na segunda-feira que o grupo de extrema-direita Proud Boys n\u00e3o tem mais permiss\u00e3o legalmente para usar seu pr\u00f3prio nome. A ju\u00edza de Washington, Tanya M. Jones Bosier&hellip;<\/p>","protected":false},"author":1,"featured_media":99324,"comment_status":"closed","ping_status":"open","sticky":false,"template":"","format":"standard","meta":{"content-type":"","footnotes":""},"categories":[1],"tags":[],"class_list":["post-99323","post","type-post","status-publish","format-standard","has-post-thumbnail","hentry","category-uncategorized"],"_links":{"self":[{"href":"https:\/\/tvbrazilusa.com\/pt\/wp-json\/wp\/v2\/posts\/99323","targetHints":{"allow":["GET"]}}],"collection":[{"href":"https:\/\/tvbrazilusa.com\/pt\/wp-json\/wp\/v2\/posts"}],"about":[{"href":"https:\/\/tvbrazilusa.com\/pt\/wp-json\/wp\/v2\/types\/post"}],"author":[{"embeddable":true,"href":"https:\/\/tvbrazilusa.com\/pt\/wp-json\/wp\/v2\/users\/1"}],"replies":[{"embeddable":true,"href":"https:\/\/tvbrazilusa.com\/pt\/wp-json\/wp\/v2\/comments?post=99323"}],"version-history":[{"count":1,"href":"https:\/\/tvbrazilusa.com\/pt\/wp-json\/wp\/v2\/posts\/99323\/revisions"}],"predecessor-version":[{"id":99325,"href":"https:\/\/tvbrazilusa.com\/pt\/wp-json\/wp\/v2\/posts\/99323\/revisions\/99325"}],"wp:featuredmedia":[{"embeddable":true,"href":"https:\/\/tvbrazilusa.com\/pt\/wp-json\/wp\/v2\/media\/99324"}],"wp:attachment":[{"href":"https:\/\/tvbrazilusa.com\/pt\/wp-json\/wp\/v2\/media?parent=99323"}],"wp:term":[{"taxonomy":"category","embeddable":true,"href":"https:\/\/tvbrazilusa.com\/pt\/wp-json\/wp\/v2\/categories?post=99323"},{"taxonomy":"post_tag","embeddable":true,"href":"https:\/\/tvbrazilusa.com\/pt\/wp-json\/wp\/v2\/tags?post=99323"}],"curies":[{"name":"wp","href":"https:\/\/api.w.org\/{rel}","templated":true}]}}