{"id":99338,"date":"2025-02-04T23:46:34","date_gmt":"2025-02-04T23:46:34","guid":{"rendered":"https:\/\/tvbrazilusa.com\/2025\/02\/04\/homem-sofre-mal-estar-e-morre-dentro-de-motel\/"},"modified":"2025-02-04T23:46:36","modified_gmt":"2025-02-04T23:46:36","slug":"homem-sofre-mal-estar-e-morre-dentro-de-motel","status":"publish","type":"post","link":"https:\/\/tvbrazilusa.com\/pt\/2025\/02\/04\/homem-sofre-mal-estar-e-morre-dentro-de-motel\/","title":{"rendered":"Homem sofre mal-estar e morre dentro de motel"},"content":{"rendered":"<p> <script async src=\"https:\/\/pagead2.googlesyndication.com\/pagead\/js\/adsbygoogle.js?client=ca-pub-8864793242727901\"\r\n     crossorigin=\"anonymous\"><\/script><br \/>\n<\/p>\n<div id=\"taboola-read-more\" style=\"display:block; width:100%\">\n<p>A noite que prometia ser de prazer e divers\u00e3o terminou em trag\u00e9dia em um motel localizado pr\u00f3ximo da rodovi\u00e1ria do bairro de S\u00e3o Br\u00e1s, em Bel\u00e9m. O epis\u00f3dio chocante aconteceu na noite do \u00faltimo domingo, 3. Clientes e funcion\u00e1rios ficaram assustados com a cena inesperada.\n<\/p>\n<p>Continua ap\u00f3s a publicidade<br \/>De acordo com informa\u00e7\u00f5es preliminares, um homem de 49 anos, cuja identidade n\u00e3o foi divulgada, deu entrada no estabelecimento por volta das 19h. Aparentemente bem, ele seguiu para um dos quartos acompanhado, mas, em determinado momento da noite, come\u00e7ou a passar mal.<\/p>\n<p>Continua ap\u00f3s a publicidade<br \/>A acompanhante, percebendo a gravidade da situa\u00e7\u00e3o, tentou agir rapidamente e o levou at\u00e9 a recep\u00e7\u00e3o do motel em busca de ajuda. No entanto, apesar dos esfor\u00e7os, o homem n\u00e3o resistiu e morreu no local, antes da chegada do socorro m\u00e9dico.\n<\/p>\n<p>Por meio de nota, a Pol\u00edcia Civil do Par\u00e1 informou que o caso foi registrado na Seccional de S\u00e3o Br\u00e1s.\n<\/p>\n<p>Peritos da Pol\u00edcia Cient\u00edfica do Par\u00e1 foram acionados para realizar a remo\u00e7\u00e3o do corpo. At\u00e9 o momento, as causas da morte n\u00e3o foram esclarecidas, mas o caso segue sob apura\u00e7\u00e3o da Pol\u00edcia Civil.\n<\/p>\n<p>Fonte: Portal do Ancorador              <\/p>\n<\/div>\n<p><br \/>\n<br \/><a href=\"https:\/\/diariodobrasilnoticias.com.br\/noticia\/homem-sofre-mal-estar-e-morre-dentro-de-motel-67a28398b96a4\">Source link <\/a><\/p>","protected":false},"excerpt":{"rendered":"<p>A noite que prometia ser de prazer e divers\u00e3o terminou em trag\u00e9dia em um motel localizado pr\u00f3ximo da rodovi\u00e1ria do bairro de S\u00e3o Br\u00e1s, em Bel\u00e9m. O epis\u00f3dio chocante aconteceu&hellip;<\/p>","protected":false},"author":1,"featured_media":99339,"comment_status":"closed","ping_status":"open","sticky":false,"template":"","format":"standard","meta":{"content-type":"","footnotes":""},"categories":[16],"tags":[123,2448,5313,1267],"class_list":["post-99338","post","type-post","status-publish","format-standard","has-post-thumbnail","hentry","category-noticias","tag-brasil","tag-diario","tag-noticia","tag-noticias"],"_links":{"self":[{"href":"https:\/\/tvbrazilusa.com\/pt\/wp-json\/wp\/v2\/posts\/99338","targetHints":{"allow":["GET"]}}],"collection":[{"href":"https:\/\/tvbrazilusa.com\/pt\/wp-json\/wp\/v2\/posts"}],"about":[{"href":"https:\/\/tvbrazilusa.com\/pt\/wp-json\/wp\/v2\/types\/post"}],"author":[{"embeddable":true,"href":"https:\/\/tvbrazilusa.com\/pt\/wp-json\/wp\/v2\/users\/1"}],"replies":[{"embeddable":true,"href":"https:\/\/tvbrazilusa.com\/pt\/wp-json\/wp\/v2\/comments?post=99338"}],"version-history":[{"count":1,"href":"https:\/\/tvbrazilusa.com\/pt\/wp-json\/wp\/v2\/posts\/99338\/revisions"}],"predecessor-version":[{"id":99340,"href":"https:\/\/tvbrazilusa.com\/pt\/wp-json\/wp\/v2\/posts\/99338\/revisions\/99340"}],"wp:featuredmedia":[{"embeddable":true,"href":"https:\/\/tvbrazilusa.com\/pt\/wp-json\/wp\/v2\/media\/99339"}],"wp:attachment":[{"href":"https:\/\/tvbrazilusa.com\/pt\/wp-json\/wp\/v2\/media?parent=99338"}],"wp:term":[{"taxonomy":"category","embeddable":true,"href":"https:\/\/tvbrazilusa.com\/pt\/wp-json\/wp\/v2\/categories?post=99338"},{"taxonomy":"post_tag","embeddable":true,"href":"https:\/\/tvbrazilusa.com\/pt\/wp-json\/wp\/v2\/tags?post=99338"}],"curies":[{"name":"wp","href":"https:\/\/api.w.org\/{rel}","templated":true}]}}