{"id":9936,"date":"2024-07-27T11:59:33","date_gmt":"2024-07-27T11:59:33","guid":{"rendered":"https:\/\/tvbrazilusa.com\/2024\/07\/27\/ex-medico-e-indiciado-por-incendiar-a-propria-mae-viva\/"},"modified":"2024-07-27T12:03:01","modified_gmt":"2024-07-27T12:03:01","slug":"ex-medico-e-indiciado-por-incendiar-a-propria-mae-viva","status":"publish","type":"post","link":"https:\/\/tvbrazilusa.com\/pt\/2024\/07\/27\/ex-medico-e-indiciado-por-incendiar-a-propria-mae-viva\/","title":{"rendered":"Ex-m\u00e9dico \u00e9 indiciado por incendiar a pr\u00f3pria m\u00e3e viva"},"content":{"rendered":"<p> <script async src=\"https:\/\/pagead2.googlesyndication.com\/pagead\/js\/adsbygoogle.js?client=ca-pub-8864793242727901\"\r\n     crossorigin=\"anonymous\"><\/script><br \/>\n<\/p>\n<div>\n<p>Foto: Reprodu\u00e7\u00e3o.<\/p>\n<p>O ex-m\u00e9dico Lauro Estev\u00e3o Vaz Curvo est\u00e1 sendo acusado de um crime chocante: atear fogo na maca onde sua m\u00e3e, Zely Alves Curvo, de 94 anos, estava deitada. A Pol\u00edcia Civil do Distrito Federal (PCDF) concluiu que o inc\u00eandio no Residencial Monet, em \u00c1guas Claras, foi intencional e provocado por Lauro. Este caso levantou muitas quest\u00f5es sobre viol\u00eancia dom\u00e9stica e cuidados com idosos.<\/p>\n<p>As investiga\u00e7\u00f5es periciais descartaram outras causas, como acidentes el\u00e9tricos ou causas naturais, confirmando que o fogo come\u00e7ou no m\u00f3vel onde a idosa estava deitada. Essa tr\u00e1gica situa\u00e7\u00e3o ocorreu no momento em que Zely estava imobilizada devido a um AVC que sofrera em janeiro de 2024.<\/p>\n<h2 class=\"wp-block-heading\">Inc\u00eandio criminoso em \u00c1guas Claras<\/h2>\n<p>Na noite do incidente, Lauro saiu do apartamento no exato momento em que as chamas come\u00e7aram a se espalhar. Ele morava sozinho com a m\u00e3e, que dependia de cuidados constantes. O Corpo de Bombeiros Militar do Distrito Federal (CBMDF) chegou rapidamente ao local, mas encontraram o corpo da idosa carbonizado.<\/p>\n<p>O CBMDF conseguiu conter rapidamente as chamas, limitando o inc\u00eandio ao quarto. No entanto, a perda de Zely provocou uma como\u00e7\u00e3o na comunidade local e entre os familiares, gerando uma investiga\u00e7\u00e3o detalhada para entender como o fogo foi iniciado.<\/p>\n<h2 class=\"wp-block-heading\">Acusa\u00e7\u00e3o<\/h2>\n<p>Lauro Estev\u00e3o Vaz Curvo, que foi preso temporariamente em 14 de junho de 2024, teve a pris\u00e3o preventiva solicitada e foi indiciado por feminic\u00eddio triplamente qualificado e fraude processual. Segundo parentes e testemunhas, Lauro isolou a m\u00e3e da fam\u00edlia, trocando seu n\u00famero de celular e desativando o telefone fixo.<\/p>\n<p>Testemunhas e familiares relataram ainda que ele deixava a m\u00e3e sozinha por longos per\u00edodos e n\u00e3o arcava com os custos de cuidadores, utilizando os recursos financeiros dela para despesas pessoais. Esses relatos foram fundamentais para a conclus\u00e3o da PCDF de que o inc\u00eandio foi provocado intencionalmente.<\/p>\n<figure class=\"wp-block-image size-full\"><picture decoding=\"async\" class=\"wp-image-162540\"><source type=\"image\/webp\" srcset=\"https:\/\/terrabrasilnoticias.com\/wp-content\/uploads\/2024\/07\/image-836.png.webp 600w, https:\/\/terrabrasilnoticias.com\/wp-content\/uploads\/2024\/07\/image-836-300x200.png.webp 300w\" sizes=\"(max-width: 600px) 100vw, 600px\"\/><\/picture>\n<\/figure>\n<h2 class=\"wp-block-heading\">Rea\u00e7\u00e3o da comunidade<\/h2>\n<p>Este caso tem repercutido fortemente na comunidade de \u00c1guas Claras e entre os famili\u00e1res de Zely Alves Curvo. A not\u00edcia de que o inc\u00eandio foi causado intencionalmente pelo pr\u00f3prio filho gerou indigna\u00e7\u00e3o e pedidos de justi\u00e7a. O feminic\u00eddio de uma idosa, especialmente numa situa\u00e7\u00e3o de vulnerabilidade, levanta quest\u00f5es importantes sobre prote\u00e7\u00e3o e cuidados com idosos.<\/p>\n<p>Autoridades e organiza\u00e7\u00f5es de direitos humanos t\u00eam utilizado este caso como um exemplo da necessidade de pol\u00edticas mais robustas de prote\u00e7\u00e3o a idosos e medidas contra a viol\u00eancia dom\u00e9stica. A comunidade continua a acompanhar de perto o desenrolar do caso, esperando por justi\u00e7a.<\/p>\n<h2 class=\"wp-block-heading\">Repercuss\u00f5es<\/h2>\n<p>Lauro poder\u00e1 enfrentar penas de 12 a 30 anos de pris\u00e3o se condenado pelos crimes de que \u00e9 acusado. A acusa\u00e7\u00e3o de feminic\u00eddio triplamente qualificado enfatiza a gravidade do crime. A fraude processual adiciona uma dimens\u00e3o extra ao caso, sugerindo tentativas de oculta\u00e7\u00e3o ou distor\u00e7\u00e3o dos fatos.<\/p>\n<p>As autoridades est\u00e3o empenhadas em garantir que a justi\u00e7a seja feita. A pris\u00e3o preventiva de Lauro indica que h\u00e1 fortes evid\u00eancias contra ele e que as investiga\u00e7\u00f5es est\u00e3o em andamento para assegurar um julgamento justo e transparente.<\/p>\n<p>Este caso serve como um triste lembrete da import\u00e2ncia dos cuidados com idosos e da necessidade de prote\u00e7\u00e3o legal robusta para os membros vulner\u00e1veis da sociedade. O desfecho do julgamento de Lauro Estev\u00e3o Vaz Curvo ser\u00e1 acompanhado de perto pela comunidade e por autoridades.<\/p>\n<\/p><\/div>\n<p><br \/>\n<br \/><a href=\"https:\/\/terrabrasilnoticias.com\/2024\/07\/ex-medico-e-indiciado-por-incendiar-a-propria-mae-viva\/\">Source link <\/a><\/p>","protected":false},"excerpt":{"rendered":"<p>Foto: Reprodu\u00e7\u00e3o. O ex-m\u00e9dico Lauro Estev\u00e3o Vaz Curvo est\u00e1 sendo acusado de um crime chocante: atear fogo na maca onde sua m\u00e3e, Zely Alves Curvo, de 94 anos, estava deitada.&hellip;<\/p>","protected":false},"author":1,"featured_media":9937,"comment_status":"closed","ping_status":"open","sticky":false,"template":"","format":"standard","meta":{"content-type":"","footnotes":""},"categories":[16],"tags":[],"class_list":["post-9936","post","type-post","status-publish","format-standard","has-post-thumbnail","hentry","category-noticias"],"_links":{"self":[{"href":"https:\/\/tvbrazilusa.com\/pt\/wp-json\/wp\/v2\/posts\/9936","targetHints":{"allow":["GET"]}}],"collection":[{"href":"https:\/\/tvbrazilusa.com\/pt\/wp-json\/wp\/v2\/posts"}],"about":[{"href":"https:\/\/tvbrazilusa.com\/pt\/wp-json\/wp\/v2\/types\/post"}],"author":[{"embeddable":true,"href":"https:\/\/tvbrazilusa.com\/pt\/wp-json\/wp\/v2\/users\/1"}],"replies":[{"embeddable":true,"href":"https:\/\/tvbrazilusa.com\/pt\/wp-json\/wp\/v2\/comments?post=9936"}],"version-history":[{"count":1,"href":"https:\/\/tvbrazilusa.com\/pt\/wp-json\/wp\/v2\/posts\/9936\/revisions"}],"predecessor-version":[{"id":9938,"href":"https:\/\/tvbrazilusa.com\/pt\/wp-json\/wp\/v2\/posts\/9936\/revisions\/9938"}],"wp:featuredmedia":[{"embeddable":true,"href":"https:\/\/tvbrazilusa.com\/pt\/wp-json\/wp\/v2\/media\/9937"}],"wp:attachment":[{"href":"https:\/\/tvbrazilusa.com\/pt\/wp-json\/wp\/v2\/media?parent=9936"}],"wp:term":[{"taxonomy":"category","embeddable":true,"href":"https:\/\/tvbrazilusa.com\/pt\/wp-json\/wp\/v2\/categories?post=9936"},{"taxonomy":"post_tag","embeddable":true,"href":"https:\/\/tvbrazilusa.com\/pt\/wp-json\/wp\/v2\/tags?post=9936"}],"curies":[{"name":"wp","href":"https:\/\/api.w.org\/{rel}","templated":true}]}}