{"id":99368,"date":"2025-02-05T01:35:45","date_gmt":"2025-02-05T01:35:45","guid":{"rendered":"https:\/\/tvbrazilusa.com\/2025\/02\/05\/oab-arquiva-representacao-contra-ives-gandra-por-incitar-suposto-golpe-militar\/"},"modified":"2025-02-05T01:35:46","modified_gmt":"2025-02-05T01:35:46","slug":"oab-arquiva-representacao-contra-ives-gandra-por-incitar-suposto-golpe-militar","status":"publish","type":"post","link":"https:\/\/tvbrazilusa.com\/pt\/2025\/02\/05\/oab-arquiva-representacao-contra-ives-gandra-por-incitar-suposto-golpe-militar\/","title":{"rendered":"OAB arquiva representa\u00e7\u00e3o contra Ives Gandra por incitar suposto golpe militar"},"content":{"rendered":"<p> <script async src=\"https:\/\/pagead2.googlesyndication.com\/pagead\/js\/adsbygoogle.js?client=ca-pub-8864793242727901\"\r\n     crossorigin=\"anonymous\"><\/script><br \/>\n<\/p>\n<div id=\"taboola-read-more\" style=\"display:block; width:100%\">\n<p>A Ordem dos Advogados do Brasil (OAB-SP) recusou um recurso e arquivou a representa\u00e7\u00e3o \u00e9tico-disciplinar movida contra o advogado constitucionalista Ives Gandra Martins por incitar as For\u00e7as Armadas a atos golpistas. A decis\u00e3o foi proferida em dezembro passado e publicada no Di\u00e1rio Oficial nessa segunda-feira (3\/2).\n<\/p>\n<p>A 6\u00aa Turma Disciplinar do Tribunal de \u00c9tica entende que o jurista n\u00e3o cometeu infra\u00e7\u00e3o. A relatora, Maria Isabel Stradiotto Sampaio, relatora do caso, destacou que ele \u201cagiu em conformidade com as convic\u00e7\u00f5es jur\u00eddicas\u201d.<\/p>\n<p><strong>Entenda o caso<\/strong><br \/>Ives Gandra se tornou alvo de uma representa\u00e7\u00e3o movida pela Associa\u00e7\u00e3o Brasileira de Imprensa (ABI) e pelo Movimento Nacional dos Direitos Humanos (MNDH) devido a um arquivo encontrado pela Pol\u00edcia Federal (PF) no celular de Mauro Cid, ex-ajudante de ordens de Jair Bolsonaro (PL).\n<\/p>\n<p>Intitulado \u201cAn\u00e1lise Ideia Ives Gandra\u201d, o documento engloba uma interpreta\u00e7\u00e3o jur\u00eddica do advogado sobre o artigo 142 da Constitui\u00e7\u00e3o, que sugere o papel das For\u00e7as Armadas como poss\u00edveis garantidoras dos poderes constitucionais.<br \/>O conte\u00fado foi difundido por apoiadores do ex-presidente.\n<\/p>\n<p>O arquivo teria sido enviado pelo constitucionalista a um ex-aluno do o do curso de Comando e Estado-Maior do Ex\u00e9rcito, ao ser questionado se as For\u00e7as Armadas poderiam atuar como poder moderador em caso de conflito entre os poderes.\n<\/p>\n<p><strong>Interpreta\u00e7\u00e3o de Ives Gandra<\/strong><br \/>De acordo com o processo, Gandra disse que o emprego das For\u00e7as Armadas \u201cpoderia ocorrer em situa\u00e7\u00e3o de normalidade caso, no conflito em quest\u00e3o, um dos poderes apelassem a eles, no caso de n\u00e3o haver outra solu\u00e7\u00e3o\u201d. A representa\u00e7\u00e3o argumenta que essa interpreta\u00e7\u00e3o foi difundida por golpistas, e seria uma forma de incitar atos contra a democracia.\n<\/p>\n<p>No entanto, o entendimento n\u00e3o foi acolhido pelo o Tribunal de \u00c9tica e Disciplina da OAB de S\u00e3o Paulo. Em dezembro de 2023, pediu o arquivamento do caso sob o argumento de que a fala do advogado constitucionalista era contemplada pelo \u201cdireito \u00e0 liberdade\u201d de defender as pr\u00f3prias interpreta\u00e7\u00f5es sobre a legisla\u00e7\u00e3o.\n<\/p>\n<p>Fonte: Metr\u00f3poles              <\/p>\n<\/div>\n<p><br \/>\n<br \/><a href=\"https:\/\/diariodobrasilnoticias.com.br\/noticia\/oab-arquiva-representacao-contra-ives-gandra-por-incitar-suposto-golpe-militar-67a28c7d0c6e9\">Source link <\/a><\/p>","protected":false},"excerpt":{"rendered":"<p>A Ordem dos Advogados do Brasil (OAB-SP) recusou um recurso e arquivou a representa\u00e7\u00e3o \u00e9tico-disciplinar movida contra o advogado constitucionalista Ives Gandra Martins por incitar as For\u00e7as Armadas a atos&hellip;<\/p>","protected":false},"author":1,"featured_media":99369,"comment_status":"closed","ping_status":"open","sticky":false,"template":"","format":"standard","meta":{"content-type":"","footnotes":""},"categories":[16],"tags":[123,2448,5313,1267],"class_list":["post-99368","post","type-post","status-publish","format-standard","has-post-thumbnail","hentry","category-noticias","tag-brasil","tag-diario","tag-noticia","tag-noticias"],"_links":{"self":[{"href":"https:\/\/tvbrazilusa.com\/pt\/wp-json\/wp\/v2\/posts\/99368","targetHints":{"allow":["GET"]}}],"collection":[{"href":"https:\/\/tvbrazilusa.com\/pt\/wp-json\/wp\/v2\/posts"}],"about":[{"href":"https:\/\/tvbrazilusa.com\/pt\/wp-json\/wp\/v2\/types\/post"}],"author":[{"embeddable":true,"href":"https:\/\/tvbrazilusa.com\/pt\/wp-json\/wp\/v2\/users\/1"}],"replies":[{"embeddable":true,"href":"https:\/\/tvbrazilusa.com\/pt\/wp-json\/wp\/v2\/comments?post=99368"}],"version-history":[{"count":1,"href":"https:\/\/tvbrazilusa.com\/pt\/wp-json\/wp\/v2\/posts\/99368\/revisions"}],"predecessor-version":[{"id":99370,"href":"https:\/\/tvbrazilusa.com\/pt\/wp-json\/wp\/v2\/posts\/99368\/revisions\/99370"}],"wp:featuredmedia":[{"embeddable":true,"href":"https:\/\/tvbrazilusa.com\/pt\/wp-json\/wp\/v2\/media\/99369"}],"wp:attachment":[{"href":"https:\/\/tvbrazilusa.com\/pt\/wp-json\/wp\/v2\/media?parent=99368"}],"wp:term":[{"taxonomy":"category","embeddable":true,"href":"https:\/\/tvbrazilusa.com\/pt\/wp-json\/wp\/v2\/categories?post=99368"},{"taxonomy":"post_tag","embeddable":true,"href":"https:\/\/tvbrazilusa.com\/pt\/wp-json\/wp\/v2\/tags?post=99368"}],"curies":[{"name":"wp","href":"https:\/\/api.w.org\/{rel}","templated":true}]}}