{"id":99371,"date":"2025-02-05T01:48:05","date_gmt":"2025-02-05T01:48:05","guid":{"rendered":"https:\/\/tvbrazilusa.com\/2025\/02\/05\/declaracao-de-motta-nas-redes-sociais-provoca-desconforto-na-esquerda-apos-indicar-efeito-trump\/"},"modified":"2025-02-05T01:48:07","modified_gmt":"2025-02-05T01:48:07","slug":"declaracao-de-motta-nas-redes-sociais-provoca-desconforto-na-esquerda-apos-indicar-efeito-trump","status":"publish","type":"post","link":"https:\/\/tvbrazilusa.com\/pt\/2025\/02\/05\/declaracao-de-motta-nas-redes-sociais-provoca-desconforto-na-esquerda-apos-indicar-efeito-trump\/","title":{"rendered":"Declara\u00e7\u00e3o de Motta nas redes sociais provoca desconforto na esquerda ap\u00f3s indicar &#8216;efeito Trump&#8217;"},"content":{"rendered":"<p> <script async src=\"https:\/\/pagead2.googlesyndication.com\/pagead\/js\/adsbygoogle.js?client=ca-pub-8864793242727901\"\r\n     crossorigin=\"anonymous\"><\/script><br \/>\n<\/p>\n<div id=\"taboola-read-more\" style=\"display:block; width:100%\">\n<p>O presidente da C\u00e2mara dos Deputados, Hugo Motta (Republicanos-PB), evitou assumir um compromisso pessoal favor\u00e1vel ao avan\u00e7o da chamada \u2018regula\u00e7\u00e3o\u2019 das redes sociais e afirmou que a discuss\u00e3o se tornou mais pol\u00eamica ap\u00f3s a volta de Donald Trump \u00e0 presid\u00eancia dos Estados Unidos. A declara\u00e7\u00e3o, dada nesta ter\u00e7a-feira (4), gerou insatisfa\u00e7\u00e3o entre setores da esquerda mais alinhados ao Pal\u00e1cio do Planalto, que pressionam pela aprova\u00e7\u00e3o de uma proposta sobre o tema.\n<\/p>\n<p>O governo federal deve enviar ao Congresso, nas pr\u00f3ximas semanas, um projeto que obriga plataformas a removerem conte\u00fados considerados ilegais com base na legisla\u00e7\u00e3o vigente. Questionado pela imprensa sobre o avan\u00e7o dessa pauta, Motta desconversou e n\u00e3o indicou um prazo para an\u00e1lise da mat\u00e9ria.<\/p>\n<p>\u201cVamos aguardar, o col\u00e9gio de l\u00edderes se reuniu pela primeira vez na noite de ontem [segunda, 3], teremos uma pauta tranquila nesta semana, [\u2026] deve se reunir na manh\u00e3 de amanh\u00e3 [quarta, 5] novamente para tratar das pautas das pr\u00f3ximas semanas\u201d, afirmou em entrevista \u00e0 GloboNews.\n<\/p>\n<p>O presidente da C\u00e2mara citou ainda o Projeto de Lei das Fake News, do deputado Orlando Silva (PCdoB-SP), que foi debatido na legislatura passada, mas n\u00e3o prosseguiu. Segundo Motta, o texto enfrentou resist\u00eancia devido a uma \u201cnarrativa de censura\u201d.\n<\/p>\n<p>\u201cDe que estaria se criando um projeto da morda\u00e7a, onde o direito de opini\u00e3o, de se expressar da sociedade estaria sendo tolhido. Estamos vendo esse assunto ser muito debatido agora com a chegada do Trump nos Estados Unidos, [com] as plataformas mudando inclusive o comportamento\u201d, disse.\n<\/p>\n<p>O parlamentar classificou a regula\u00e7\u00e3o das redes como um tema sens\u00edvel, marcado por diverg\u00eancias pol\u00edticas. Segundo ele, o debate se d\u00e1 \u201cde um polo por um caminho e outro polo por outro\u201d, em refer\u00eancia \u00e0 disputa entre setores governistas favor\u00e1veis \u00e0 proposta e grupos de oposi\u00e7\u00e3o que veem risco \u00e0 liberdade de express\u00e3o. At\u00e9 o momento, n\u00e3o h\u00e1 previs\u00e3o para que a C\u00e2mara paute a mat\u00e9ria.\n<\/p>\n<p>Fonte: Conex\u00e3o Pol\u00edtica              <\/p>\n<\/div>\n<p><br \/>\n<br \/><a href=\"https:\/\/diariodobrasilnoticias.com.br\/noticia\/declaracao-de-motta-nas-redes-sociais-provoca-desconforto-na-esquerda-apos-indicar-efeito-trump-67a299ac721dd\">Source link <\/a><\/p>","protected":false},"excerpt":{"rendered":"<p>O presidente da C\u00e2mara dos Deputados, Hugo Motta (Republicanos-PB), evitou assumir um compromisso pessoal favor\u00e1vel ao avan\u00e7o da chamada \u2018regula\u00e7\u00e3o\u2019 das redes sociais e afirmou que a discuss\u00e3o se tornou&hellip;<\/p>","protected":false},"author":1,"featured_media":99372,"comment_status":"closed","ping_status":"open","sticky":false,"template":"","format":"standard","meta":{"content-type":"","footnotes":""},"categories":[16],"tags":[123,2448,5313,1267],"class_list":["post-99371","post","type-post","status-publish","format-standard","has-post-thumbnail","hentry","category-noticias","tag-brasil","tag-diario","tag-noticia","tag-noticias"],"_links":{"self":[{"href":"https:\/\/tvbrazilusa.com\/pt\/wp-json\/wp\/v2\/posts\/99371","targetHints":{"allow":["GET"]}}],"collection":[{"href":"https:\/\/tvbrazilusa.com\/pt\/wp-json\/wp\/v2\/posts"}],"about":[{"href":"https:\/\/tvbrazilusa.com\/pt\/wp-json\/wp\/v2\/types\/post"}],"author":[{"embeddable":true,"href":"https:\/\/tvbrazilusa.com\/pt\/wp-json\/wp\/v2\/users\/1"}],"replies":[{"embeddable":true,"href":"https:\/\/tvbrazilusa.com\/pt\/wp-json\/wp\/v2\/comments?post=99371"}],"version-history":[{"count":1,"href":"https:\/\/tvbrazilusa.com\/pt\/wp-json\/wp\/v2\/posts\/99371\/revisions"}],"predecessor-version":[{"id":99373,"href":"https:\/\/tvbrazilusa.com\/pt\/wp-json\/wp\/v2\/posts\/99371\/revisions\/99373"}],"wp:featuredmedia":[{"embeddable":true,"href":"https:\/\/tvbrazilusa.com\/pt\/wp-json\/wp\/v2\/media\/99372"}],"wp:attachment":[{"href":"https:\/\/tvbrazilusa.com\/pt\/wp-json\/wp\/v2\/media?parent=99371"}],"wp:term":[{"taxonomy":"category","embeddable":true,"href":"https:\/\/tvbrazilusa.com\/pt\/wp-json\/wp\/v2\/categories?post=99371"},{"taxonomy":"post_tag","embeddable":true,"href":"https:\/\/tvbrazilusa.com\/pt\/wp-json\/wp\/v2\/tags?post=99371"}],"curies":[{"name":"wp","href":"https:\/\/api.w.org\/{rel}","templated":true}]}}