{"id":99374,"date":"2025-02-05T01:59:56","date_gmt":"2025-02-05T01:59:56","guid":{"rendered":"https:\/\/tvbrazilusa.com\/2025\/02\/05\/prouni-2025-resultado-da-1a-chamada-e-liberado-veja-como-consultar\/"},"modified":"2025-02-05T01:59:57","modified_gmt":"2025-02-05T01:59:57","slug":"prouni-2025-resultado-da-1a-chamada-e-liberado-veja-como-consultar","status":"publish","type":"post","link":"https:\/\/tvbrazilusa.com\/pt\/2025\/02\/05\/prouni-2025-resultado-da-1a-chamada-e-liberado-veja-como-consultar\/","title":{"rendered":"ProUni 2025: resultado da 1\u00aa chamada \u00e9 liberado; veja como consultar"},"content":{"rendered":"<p> <script async src=\"https:\/\/pagead2.googlesyndication.com\/pagead\/js\/adsbygoogle.js?client=ca-pub-8864793242727901\"\r\n     crossorigin=\"anonymous\"><\/script><br \/>\n<\/p>\n<div id=\"taboola-read-more\" style=\"display:block; width:100%\">\n<p>O MEC (Minist\u00e9rio da Educa\u00e7\u00e3o) divulgou, nesta ter\u00e7a-feira (4), a primeira chamada do ProUni (Programa Universidade para Todos), referente aos estudantes pr\u00e9-selecionados no primeiro semestre de 2025.\n<\/p>\n<p>Os candidatos podem conferir a lista pelo\u202fPortal \u00danico de Acesso ao Ensino Superior. O programa oferece mais de 338 mil bolsas em 403 cursos de 1.031 institui\u00e7\u00f5es privadas em todo o pa\u00eds. Dessas bolsas, 203.539 s\u00e3o integrais e 134.905 s\u00e3o parciais.<\/p>\n<p>De acordo com o edital, que foi publicado no dia 16 de janeiro, ser\u00e3o realizadas duas chamadas. A cada chamada, os candidatos pr\u00e9-selecionados t\u00eam um prazo para comparecer \u00e0 institui\u00e7\u00e3o de ensino e apresentar os documentos que comprovem as informa\u00e7\u00f5es colocadas na ficha de inscri\u00e7\u00e3o.\n<\/p>\n<p>Depois das duas chamadas, o candidato que ainda n\u00e3o foi pr\u00e9-selecionado ou teve sua reprova\u00e7\u00e3o por n\u00e3o forma\u00e7\u00e3o de turma pode manifestar interesse em participar da lista de espera do ProUni.\n<\/p>\n<p>Calend\u00e1rio do ProUni<br \/>Primeira chamada: 4 de fevereiro<br \/>Comprova\u00e7\u00e3o de informa\u00e7\u00f5es da 1\u00aa chamada: 4 a 17 de fevereiro<br \/>Segunda chamada: 28 de fevereiro<br \/>Comprova\u00e7\u00e3o de informa\u00e7\u00f5es da 2\u00aa chamada: 28 de fevereiro a 17 de mar\u00e7o<br \/>Prazo para participar da lista de espera: 26 a 27 de mar\u00e7o<br \/>Divulga\u00e7\u00e3o da lista de espera: 1 de abril<br \/>Comprova\u00e7\u00e3o de informa\u00e7\u00f5es da lista de espera: 1 a 11 de abril<br \/>Como funciona o ProUni?<br \/>Para pleitear uma das bolsas em institui\u00e7\u00f5es privadas, \u00e9 preciso ter realizado pelo menos uma das duas \u00faltimas edi\u00e7\u00f5es do Enem (Exame Nacional do Ensino M\u00e9dio).\n<\/p>\n<p>O candidato dever\u00e1 ter tirado, no m\u00ednimo, 450 pontos na m\u00e9dia das cinco notas do exame e n\u00e3o ter zerado a reda\u00e7\u00e3o.\n<\/p>\n<p>Quais os crit\u00e9rios para cada tipo de bolsa:<br \/>Bolsa integral: para estudantes que comprovem renda familiar bruta mensal, por pessoa, de at\u00e9 um sal\u00e1rio m\u00ednimo e meio.<br \/>Bolsa parcial de 50%: para estudantes que comprovem renda familiar bruta mensal, por pessoa, de at\u00e9 tr\u00eas sal\u00e1rios m\u00ednimos.<br \/>De acordo com o MEC, o candidato para ambas as bolsas deve atender a pelo menos uma das condi\u00e7\u00f5es abaixo:\n<\/p>\n<p>Ter cursado o ensino m\u00e9dio integralmente em escola da rede p\u00fablica;<br \/>Ter cursado o ensino m\u00e9dio integralmente em escola da rede particular, na condi\u00e7\u00e3o de bolsista integral da pr\u00f3pria escola;<br \/>Ter cursado o ensino m\u00e9dio parcialmente em escola da rede p\u00fablica e parcialmente em escola da rede particular, na condi\u00e7\u00e3o de bolsista integral da pr\u00f3pria escola privada;<br \/>Ter cursado o ensino m\u00e9dio parcialmente em escola da rede p\u00fablica e parcialmente em escola da rede particular, na condi\u00e7\u00e3o de bolsista parcial da pr\u00f3pria escola ou sem a condi\u00e7\u00e3o de bolsista;<br \/>Ter cursado o ensino m\u00e9dio integralmente em institui\u00e7\u00e3o da rede particular, na condi\u00e7\u00e3o de bolsista parcial da respectiva institui\u00e7\u00e3o ou sem a condi\u00e7\u00e3o de bolsista;<br \/>Ser pessoa com defici\u00eancia;<br \/>Ser professor da rede p\u00fablica de ensino, no efetivo exerc\u00edcio do magist\u00e9rio da educa\u00e7\u00e3o b\u00e1sica, integrante de quadro de pessoal permanente de institui\u00e7\u00e3o p\u00fablica e concorrer a bolsas exclusivamente nos cursos de licenciatura e pedagogia \u2014 esses casos, n\u00e3o h\u00e1 requisitos de renda.<br \/>O programa ainda reserva uma quantidade de bolsas para pessoas com defici\u00eancia e aos autodeclarados ind\u00edgenas, pardos ou pretos.\n<\/p>\n<p>Confira o edital do ProUni na \u00edntegra\n<\/p>\n<p>Fonte: CNN Brasil              <\/p>\n<\/div>\n<p><br \/>\n<br \/><a href=\"https:\/\/diariodobrasilnoticias.com.br\/noticia\/prouni-2025-resultado-da-1-chamada-e-liberado-veja-como-consultar-67a2993583c6d\">Source link <\/a><\/p>","protected":false},"excerpt":{"rendered":"<p>O MEC (Minist\u00e9rio da Educa\u00e7\u00e3o) divulgou, nesta ter\u00e7a-feira (4), a primeira chamada do ProUni (Programa Universidade para Todos), referente aos estudantes pr\u00e9-selecionados no primeiro semestre de 2025. Os candidatos podem&hellip;<\/p>","protected":false},"author":1,"featured_media":99375,"comment_status":"closed","ping_status":"open","sticky":false,"template":"","format":"standard","meta":{"content-type":"","footnotes":""},"categories":[16],"tags":[123,2448,5313,1267],"class_list":["post-99374","post","type-post","status-publish","format-standard","has-post-thumbnail","hentry","category-noticias","tag-brasil","tag-diario","tag-noticia","tag-noticias"],"_links":{"self":[{"href":"https:\/\/tvbrazilusa.com\/pt\/wp-json\/wp\/v2\/posts\/99374","targetHints":{"allow":["GET"]}}],"collection":[{"href":"https:\/\/tvbrazilusa.com\/pt\/wp-json\/wp\/v2\/posts"}],"about":[{"href":"https:\/\/tvbrazilusa.com\/pt\/wp-json\/wp\/v2\/types\/post"}],"author":[{"embeddable":true,"href":"https:\/\/tvbrazilusa.com\/pt\/wp-json\/wp\/v2\/users\/1"}],"replies":[{"embeddable":true,"href":"https:\/\/tvbrazilusa.com\/pt\/wp-json\/wp\/v2\/comments?post=99374"}],"version-history":[{"count":1,"href":"https:\/\/tvbrazilusa.com\/pt\/wp-json\/wp\/v2\/posts\/99374\/revisions"}],"predecessor-version":[{"id":99376,"href":"https:\/\/tvbrazilusa.com\/pt\/wp-json\/wp\/v2\/posts\/99374\/revisions\/99376"}],"wp:featuredmedia":[{"embeddable":true,"href":"https:\/\/tvbrazilusa.com\/pt\/wp-json\/wp\/v2\/media\/99375"}],"wp:attachment":[{"href":"https:\/\/tvbrazilusa.com\/pt\/wp-json\/wp\/v2\/media?parent=99374"}],"wp:term":[{"taxonomy":"category","embeddable":true,"href":"https:\/\/tvbrazilusa.com\/pt\/wp-json\/wp\/v2\/categories?post=99374"},{"taxonomy":"post_tag","embeddable":true,"href":"https:\/\/tvbrazilusa.com\/pt\/wp-json\/wp\/v2\/tags?post=99374"}],"curies":[{"name":"wp","href":"https:\/\/api.w.org\/{rel}","templated":true}]}}