{"id":99408,"date":"2025-02-05T06:15:20","date_gmt":"2025-02-05T06:15:20","guid":{"rendered":"https:\/\/tvbrazilusa.com\/2025\/02\/05\/%f0%9f%8c%b1-descubra-o-legado-da-historia-negra-de-fort-myers\/"},"modified":"2025-02-05T06:16:51","modified_gmt":"2025-02-05T06:16:51","slug":"%f0%9f%8c%b1-descubra-o-legado-da-historia-negra-de-fort-myers","status":"publish","type":"post","link":"https:\/\/tvbrazilusa.com\/pt\/2025\/02\/05\/%f0%9f%8c%b1-descubra-o-legado-da-historia-negra-de-fort-myers\/","title":{"rendered":"\ud83c\udf31 Descubra o legado da hist\u00f3ria negra de Fort Myers"},"content":{"rendered":"<p> <script async src=\"https:\/\/pagead2.googlesyndication.com\/pagead\/js\/adsbygoogle.js?client=ca-pub-8864793242727901\"\r\n     crossorigin=\"anonymous\"><\/script><br \/>\n<\/p>\n<div>\n<p>Ol\u00e1 Fort Myers! Fique conectado com as atualiza\u00e7\u00f5es mais recentes da cidade. Vamos mergulhar! \u2615\ufe0f\ufe0f <strong>No boletim informativo de hoje:<\/strong><\/p>\n<\/div>\n<div>\n<ul>\n<li>Descubra o legado da hist\u00f3ria negra de Fort Myers<\/li>\n<li>Annette Trossbach se aposenta do teatro de laborat\u00f3rio<\/li>\n<li>Em emocionantes partidas de basquete distrital em Fort Myers<\/li>\n<\/ul>\n<p>Tamb\u00e9m no calend\u00e1rio de hoje: <strong>Festival de Artes e Artesanato <\/strong> e 12 outros eventos.<\/p>\n<p><em>Riddle de hoje:<\/em> Como voc\u00ea chama um bumerangue que n\u00e3o vai voltar? \ud83e\udd14 Continue lendo para descobrir.<\/p>\n<\/div>\n<div>\n<hr\/>\n<p> <a href=\"https:\/\/patch.com\/florida\/fort-myers\/weather\"><strong>Previs\u00e3o do tempo:<\/strong><\/a> <\/p>\n<ul>\n<li class=\"sans\"><strong>Quarta-feira:<\/strong> \u00c1reas de nevoeiro matinal, com uma alta de 84 e baixa de 62 graus. <\/li>\n<li class=\"sans\"><strong>Quinta-feira:<\/strong> Sunny, Temps: High: 83, Low: 61. <\/li>\n<li class=\"sans\"><strong>Sexta-feira:<\/strong> Principalmente ensolarado, com uma alta de 84 e baixa de 63 graus. <\/li>\n<\/ul>\n<hr\/>\n<h4>\ud83d\udcf0 <strong>Not\u00edcias estamos lendo<\/strong><\/h4>\n<p><b>1. Momentos no sudoeste da hist\u00f3ria negra da Fl\u00f3rida<\/b> (<a href=\"https:\/\/news.wgcu.org\/section\/human-interest\/2025-02-03\/moments-in-southwest-florida-black-history-week-1\" target=\"_blank\" rel=\"nofollow\">wgcu.org<\/a>) &#8211; Em homenagem ao m\u00eas da hist\u00f3ria negra, o legado de Nelson Tillis, um dos primeiros colonos afro -americanos de Fort Myers, \u00e9 comemorado. A Sociedade de Hist\u00f3ria Negra do Condado de Lee, localizada em <b>Fort Myers<\/b>continua a preservar e mostrar a rica hist\u00f3ria da comunidade afro -americana. <br \/><a href=\"https:\/\/fort-myers-fl.patch.am\/rate-item?d=u&#038;h=eyJsb2MiOiI3NjkyIiwic291cmNlIjoid2djdS5vcmciLCJ0aXRsZSI6Ik1vbWVudHMgaW4gU291dGh3ZXN0IEZsb3JpZGEgQmxhY2sgSGlzdG9yeSIsInVybCI6Imh0dHBzOlwvXC9uZXdzLndnY3Uub3JnXC9zZWN0aW9uXC9odW1hbi1pbnRlcmVzdFwvMjAyNS0wMi0wM1wvbW9tZW50cy1pbi1zb3V0aHdlc3QtZmxvcmlkYS1ibGFjay1oaXN0b3J5LXdlZWstMSIsImFydGlkIjoiNjE5YTFkMDY0ZmM3NmY0MGE4MDY5MDJkZWUwYzRkMTEifQ==\" target=\"_blank\" rel=\"nofollow\"><\/a>   <a href=\"https:\/\/fort-myers-fl.patch.am\/rate-item?d=d&#038;h=eyJsb2MiOiI3NjkyIiwic291cmNlIjoid2djdS5vcmciLCJ0aXRsZSI6Ik1vbWVudHMgaW4gU291dGh3ZXN0IEZsb3JpZGEgQmxhY2sgSGlzdG9yeSIsInVybCI6Imh0dHBzOlwvXC9uZXdzLndnY3Uub3JnXC9zZWN0aW9uXC9odW1hbi1pbnRlcmVzdFwvMjAyNS0wMi0wM1wvbW9tZW50cy1pbi1zb3V0aHdlc3QtZmxvcmlkYS1ibGFjay1oaXN0b3J5LXdlZWstMSIsImFydGlkIjoiNjE5YTFkMDY0ZmM3NmY0MGE4MDY5MDJkZWUwYzRkMTEifQ==\" target=\"_blank\" rel=\"nofollow\"><img decoding=\"async\" class=\"thumbs\" width=\"16\" height=\"16\" src=\"https:\/\/patch.com\/img\/cdn\/assets\/layout\/thumb_down_16x16.png\" data-sizes=\"(min-width: 780px) 726px, 100vw\" srcset=\"https:\/\/patch.com\/img\/cdn\/assets\/layout\/thumb_down_16x16.png?width=640 640w, https:\/\/patch.com\/img\/cdn\/assets\/layout\/thumb_down_16x16.png?width=726 726w\"\/><\/a><\/p>\n<\/div>\n<div>\n<p><b>2. Fundadora de teatro de laborat\u00f3rio Annette Trossbach desce, escolhe o novo diretor art\u00edstico<\/b> (<a href=\"https:\/\/www.news-press.com\/story\/life\/2025\/02\/04\/laboratory-theater-of-florida-fort-myers-annette-trossbach-steps-down-picks-new-director-todd-lyman\/78176769007\" target=\"_blank\" rel=\"nofollow\">News-Press.com<\/a>)-Annette Trossbach, co-fundadora do teatro de laborat\u00f3rio da Fl\u00f3rida, no centro de Fort Myers, deixou o cargo ap\u00f3s 16 anos como diretor art\u00edstico produtor. Ela deixa para tr\u00e1s um legado de produ\u00e7\u00f5es inovadoras e envolvimento da comunidade, passando a tocha para Todd Lyman. <br \/><a href=\"https:\/\/fort-myers-fl.patch.am\/rate-item?d=u&#038;h=eyJsb2MiOiI3NjkyIiwic291cmNlIjoibmV3cy1wcmVzcy5jb20iLCJ0aXRsZSI6IkxhYiBUaGVhdGVyIGZvdW5kZXIgQW5uZXR0ZSBUcm9zc2JhY2ggc3RlcHMgZG93biwgaGFuZC1waWNrcyBuZXcgYXJ0aXN0aWMgZGlyZWN0b3IiLCJ1cmwiOiJodHRwczpcL1wvd3d3Lm5ld3MtcHJlc3MuY29tXC9zdG9yeVwvbGlmZVwvMjAyNVwvMDJcLzA0XC9sYWJvcmF0b3J5LXRoZWF0ZXItb2YtZmxvcmlkYS1mb3J0LW15ZXJzLWFubmV0dGUtdHJvc3NiYWNoLXN0ZXBzLWRvd24tcGlja3MtbmV3LWRpcmVjdG9yLXRvZGQtbHltYW5cLzc4MTc2NzY5MDA3IiwiYXJ0aWQiOiI3ZjhkODU5MjBmMzgxMjM0ZmY2NDgyN2MwMDNhNjMxNyJ9\" target=\"_blank\" rel=\"nofollow\"><img decoding=\"async\" class=\"thumbs\" width=\"16\" height=\"16\" src=\"https:\/\/patch.com\/img\/cdn\/assets\/layout\/thumb_up_16x16.png\" data-rel=\"penci-gallery-image-content\"  data-sizes=\"(min-width: 780px) 726px, 100vw\" srcset=\"https:\/\/patch.com\/img\/cdn\/assets\/layout\/thumb_up_16x16.png?width=640 640w, https:\/\/patch.com\/img\/cdn\/assets\/layout\/thumb_up_16x16.png?width=726 726w\"\/><\/a>   <a href=\"https:\/\/fort-myers-fl.patch.am\/rate-item?d=d&#038;h=eyJsb2MiOiI3NjkyIiwic291cmNlIjoibmV3cy1wcmVzcy5jb20iLCJ0aXRsZSI6IkxhYiBUaGVhdGVyIGZvdW5kZXIgQW5uZXR0ZSBUcm9zc2JhY2ggc3RlcHMgZG93biwgaGFuZC1waWNrcyBuZXcgYXJ0aXN0aWMgZGlyZWN0b3IiLCJ1cmwiOiJodHRwczpcL1wvd3d3Lm5ld3MtcHJlc3MuY29tXC9zdG9yeVwvbGlmZVwvMjAyNVwvMDJcLzA0XC9sYWJvcmF0b3J5LXRoZWF0ZXItb2YtZmxvcmlkYS1mb3J0LW15ZXJzLWFubmV0dGUtdHJvc3NiYWNoLXN0ZXBzLWRvd24tcGlja3MtbmV3LWRpcmVjdG9yLXRvZGQtbHltYW5cLzc4MTc2NzY5MDA3IiwiYXJ0aWQiOiI3ZjhkODU5MjBmMzgxMjM0ZmY2NDgyN2MwMDNhNjMxNyJ9\" target=\"_blank\" rel=\"nofollow\"><img decoding=\"async\" class=\"thumbs\" width=\"16\" height=\"16\" src=\"https:\/\/patch.com\/img\/cdn\/assets\/layout\/thumb_down_16x16.png\" data-sizes=\"(min-width: 780px) 726px, 100vw\" srcset=\"https:\/\/patch.com\/img\/cdn\/assets\/layout\/thumb_down_16x16.png?width=640 640w, https:\/\/patch.com\/img\/cdn\/assets\/layout\/thumb_down_16x16.png?width=726 726w\"\/><\/a><\/p>\n<p><b>3. SW Florida Boys and Girls District Basketball Tournament notas, resultados<\/b> (<a href=\"https:\/\/www.news-press.com\/story\/sports\/high-school\/basketball\/2025\/02\/04\/sw-fl-boys-and-girls-district-basketball-tournament-results-for-lee-and-collier-counties\/78179562007\" target=\"_blank\" rel=\"nofollow\">News-Press.com<\/a>) &#8211; Os torneios de basquete do sudoeste do distrito da Fl\u00f3rida est\u00e3o em pleno andamento, com o norte de Myers derrotando Mariner e Dunbar superando o sul de Fort Myers. O torneio acontece de 3 a 8 de fevereiro, apresentando partidas emocionantes em v\u00e1rios distritos. <br \/><a href=\"https:\/\/fort-myers-fl.patch.am\/rate-item?d=u&#038;h=eyJsb2MiOiI3NjkyIiwic291cmNlIjoibmV3cy1wcmVzcy5jb20iLCJ0aXRsZSI6IlNXIEZsb3JpZGEgYm95cyBhbmQgZ2lybHMgZGlzdHJpY3QgYmFza2V0YmFsbCB0b3VybmFtZW50IHNjb3JlcywgcmVzdWx0cyIsInVybCI6Imh0dHBzOlwvXC93d3cubmV3cy1wcmVzcy5jb21cL3N0b3J5XC9zcG9ydHNcL2hpZ2gtc2Nob29sXC9iYXNrZXRiYWxsXC8yMDI1XC8wMlwvMDRcL3N3LWZsLWJveXMtYW5kLWdpcmxzLWRpc3RyaWN0LWJhc2tldGJhbGwtdG91cm5hbWVudC1yZXN1bHRzLWZvci1sZWUtYW5kLWNvbGxpZXItY291bnRpZXNcLzc4MTc5NTYyMDA3IiwiYXJ0aWQiOiJhMzA1ZDI3M2UxZmY1MmUxMjM5Y2NhM2MwZWU1NzhmNCJ9\" target=\"_blank\" rel=\"nofollow\"><img decoding=\"async\" class=\"thumbs\" width=\"16\" height=\"16\" src=\"https:\/\/patch.com\/img\/cdn\/assets\/layout\/thumb_up_16x16.png\" data-rel=\"penci-gallery-image-content\"  data-sizes=\"(min-width: 780px) 726px, 100vw\" srcset=\"https:\/\/patch.com\/img\/cdn\/assets\/layout\/thumb_up_16x16.png?width=640 640w, https:\/\/patch.com\/img\/cdn\/assets\/layout\/thumb_up_16x16.png?width=726 726w\"\/><\/a>   <a href=\"https:\/\/fort-myers-fl.patch.am\/rate-item?d=d&#038;h=eyJsb2MiOiI3NjkyIiwic291cmNlIjoibmV3cy1wcmVzcy5jb20iLCJ0aXRsZSI6IlNXIEZsb3JpZGEgYm95cyBhbmQgZ2lybHMgZGlzdHJpY3QgYmFza2V0YmFsbCB0b3VybmFtZW50IHNjb3JlcywgcmVzdWx0cyIsInVybCI6Imh0dHBzOlwvXC93d3cubmV3cy1wcmVzcy5jb21cL3N0b3J5XC9zcG9ydHNcL2hpZ2gtc2Nob29sXC9iYXNrZXRiYWxsXC8yMDI1XC8wMlwvMDRcL3N3LWZsLWJveXMtYW5kLWdpcmxzLWRpc3RyaWN0LWJhc2tldGJhbGwtdG91cm5hbWVudC1yZXN1bHRzLWZvci1sZWUtYW5kLWNvbGxpZXItY291bnRpZXNcLzc4MTc5NTYyMDA3IiwiYXJ0aWQiOiJhMzA1ZDI3M2UxZmY1MmUxMjM5Y2NhM2MwZWU1NzhmNCJ9\" target=\"_blank\" rel=\"nofollow\"><img decoding=\"async\" class=\"thumbs\" width=\"16\" height=\"16\" src=\"https:\/\/patch.com\/img\/cdn\/assets\/layout\/thumb_down_16x16.png\" data-sizes=\"(min-width: 780px) 726px, 100vw\" srcset=\"https:\/\/patch.com\/img\/cdn\/assets\/layout\/thumb_down_16x16.png?width=640 640w, https:\/\/patch.com\/img\/cdn\/assets\/layout\/thumb_down_16x16.png?width=726 726w\"\/><\/a><\/p>\n<\/div>\n<div>\n<p><b>4. Fazendo hist\u00f3ria: Departamento de Pol\u00edcia de Fort Myers jura no primeiro sargento negro<\/b> (<a href=\"https:\/\/www.fox4now.com\/downtown-fort-myers\/making-history-fort-myers-police-dept-swears-in-first-black-female-sergeant\" target=\"_blank\" rel=\"nofollow\">Fox4now.com<\/a>) &#8211; O oficial Yvette Dominique fez hist\u00f3ria como a primeira sargento afro -americana no Departamento de Pol\u00edcia de Fort Myers. Sua promo\u00e7\u00e3o marca um passo significativo em dire\u00e7\u00e3o \u00e0 diversidade e representa\u00e7\u00e3o na aplica\u00e7\u00e3o da lei local. <br \/><a href=\"https:\/\/fort-myers-fl.patch.am\/rate-item?d=u&#038;h=eyJsb2MiOiI3NjkyIiwic291cmNlIjoiZm94NG5vdy5jb20iLCJ0aXRsZSI6Ik1BS0lORyBISVNUT1JZOiBGb3J0IE15ZXJzIFBvbGljZSBEZXB0LiBzd2VhcnMgaW4gZmlyc3QgYmxhY2sgZmVtYWxlIFNlcmdlYW50IiwidXJsIjoiaHR0cHM6XC9cL3d3dy5mb3g0bm93LmNvbVwvZG93bnRvd24tZm9ydC1teWVyc1wvbWFraW5nLWhpc3RvcnktZm9ydC1teWVycy1wb2xpY2UtZGVwdC1zd2VhcnMtaW4tZmlyc3QtYmxhY2stZmVtYWxlLXNlcmdlYW50IiwiYXJ0aWQiOiIyM2UxMzQ0YmQ4MDUxY2Y2N2QzMjkxYjA5N2RlMTA2OCJ9\" target=\"_blank\" rel=\"nofollow\"><img decoding=\"async\" class=\"thumbs\" width=\"16\" height=\"16\" src=\"https:\/\/patch.com\/img\/cdn\/assets\/layout\/thumb_up_16x16.png\" data-rel=\"penci-gallery-image-content\"  data-sizes=\"(min-width: 780px) 726px, 100vw\" srcset=\"https:\/\/patch.com\/img\/cdn\/assets\/layout\/thumb_up_16x16.png?width=640 640w, https:\/\/patch.com\/img\/cdn\/assets\/layout\/thumb_up_16x16.png?width=726 726w\"\/><\/a>   <a href=\"https:\/\/fort-myers-fl.patch.am\/rate-item?d=d&#038;h=eyJsb2MiOiI3NjkyIiwic291cmNlIjoiZm94NG5vdy5jb20iLCJ0aXRsZSI6Ik1BS0lORyBISVNUT1JZOiBGb3J0IE15ZXJzIFBvbGljZSBEZXB0LiBzd2VhcnMgaW4gZmlyc3QgYmxhY2sgZmVtYWxlIFNlcmdlYW50IiwidXJsIjoiaHR0cHM6XC9cL3d3dy5mb3g0bm93LmNvbVwvZG93bnRvd24tZm9ydC1teWVyc1wvbWFraW5nLWhpc3RvcnktZm9ydC1teWVycy1wb2xpY2UtZGVwdC1zd2VhcnMtaW4tZmlyc3QtYmxhY2stZmVtYWxlLXNlcmdlYW50IiwiYXJ0aWQiOiIyM2UxMzQ0YmQ4MDUxY2Y2N2QzMjkxYjA5N2RlMTA2OCJ9\" target=\"_blank\" rel=\"nofollow\"><img decoding=\"async\" class=\"thumbs\" width=\"16\" height=\"16\" src=\"https:\/\/patch.com\/img\/cdn\/assets\/layout\/thumb_down_16x16.png\" data-sizes=\"(min-width: 780px) 726px, 100vw\" srcset=\"https:\/\/patch.com\/img\/cdn\/assets\/layout\/thumb_down_16x16.png?width=640 640w, https:\/\/patch.com\/img\/cdn\/assets\/layout\/thumb_down_16x16.png?width=726 726w\"\/><\/a><\/p>\n<p><b>5. Casal de North Fort Myers se recuperando depois de perder duas casas em tr\u00eas anos<\/b> (<a href=\"https:\/\/www.nbc-2.com\/article\/north-fort-myers-couple-recovering-losing-two-homes\/63668194\" target=\"_blank\" rel=\"nofollow\">NBC-2.com<\/a>) &#8211; Um casal de North Fort Myers est\u00e1 se recuperando depois que a casa m\u00f3vel pegou fogo, marcando sua segunda derrota em casa em tr\u00eas anos. A comunidade est\u00e1 se unindo ao seu redor enquanto enfrentam os desafios da recupera\u00e7\u00e3o. <br \/><a href=\"https:\/\/fort-myers-fl.patch.am\/rate-item?d=u&#038;h=eyJsb2MiOiI3NjkyIiwic291cmNlIjoibmJjLTIuY29tIiwidGl0bGUiOiJOb3J0aCBGb3J0IE15ZXJzIGNvdXBsZSByZWNvdmVyaW5nIGFmdGVyIGxvc2luZyB0d28gaG9tZXMgaW4gdGhyZWUgeWVhcnMiLCJ1cmwiOiJodHRwczpcL1wvd3d3Lm5iYy0yLmNvbVwvYXJ0aWNsZVwvbm9ydGgtZm9ydC1teWVycy1jb3VwbGUtcmVjb3ZlcmluZy1sb3NpbmctdHdvLWhvbWVzXC82MzY2ODE5NCIsImFydGlkIjoiNTYwY2JkYTRkZWY1YTJhOTRjMzE0YTgyYmQyMDUxZjIifQ==\" target=\"_blank\" rel=\"nofollow\"><img decoding=\"async\" class=\"thumbs\" width=\"16\" height=\"16\" src=\"https:\/\/patch.com\/img\/cdn\/assets\/layout\/thumb_up_16x16.png\" data-rel=\"penci-gallery-image-content\"  data-sizes=\"(min-width: 780px) 726px, 100vw\" srcset=\"https:\/\/patch.com\/img\/cdn\/assets\/layout\/thumb_up_16x16.png?width=640 640w, https:\/\/patch.com\/img\/cdn\/assets\/layout\/thumb_up_16x16.png?width=726 726w\"\/><\/a>   <a href=\"https:\/\/fort-myers-fl.patch.am\/rate-item?d=d&#038;h=eyJsb2MiOiI3NjkyIiwic291cmNlIjoibmJjLTIuY29tIiwidGl0bGUiOiJOb3J0aCBGb3J0IE15ZXJzIGNvdXBsZSByZWNvdmVyaW5nIGFmdGVyIGxvc2luZyB0d28gaG9tZXMgaW4gdGhyZWUgeWVhcnMiLCJ1cmwiOiJodHRwczpcL1wvd3d3Lm5iYy0yLmNvbVwvYXJ0aWNsZVwvbm9ydGgtZm9ydC1teWVycy1jb3VwbGUtcmVjb3ZlcmluZy1sb3NpbmctdHdvLWhvbWVzXC82MzY2ODE5NCIsImFydGlkIjoiNTYwY2JkYTRkZWY1YTJhOTRjMzE0YTgyYmQyMDUxZjIifQ==\" target=\"_blank\" rel=\"nofollow\"><img decoding=\"async\" class=\"thumbs\" width=\"16\" height=\"16\" src=\"https:\/\/patch.com\/img\/cdn\/assets\/layout\/thumb_down_16x16.png\" data-sizes=\"(min-width: 780px) 726px, 100vw\" srcset=\"https:\/\/patch.com\/img\/cdn\/assets\/layout\/thumb_down_16x16.png?width=640 640w, https:\/\/patch.com\/img\/cdn\/assets\/layout\/thumb_down_16x16.png?width=726 726w\"\/><\/a><\/p>\n<\/div>\n<div>\n<hr\/>\n<h4>\ud83d\uddd3 <strong>Pr\u00f3ximos eventos em Fort Myers<\/strong><br \/><\/h4>\n<p><a href=\"https:\/\/patch.com\/florida\/fort-myers\/compose\/event\">  Adicione seu evento ao nosso calend\u00e1rio e boletim informativo! <\/a><\/p>\n<ul>\n<h5><span class=\"text-green-8\"><b>Quarta -feira, 5 de fevereiro<\/b><\/span><\/h5>\n<li> <span> <a href=\"https:\/\/www.yoursun.com\/local-events\/?_evDiscoveryPath=\/event\/106209078n-virgil-cain\" target=\"_blank\" rel=\"nofollow\"><b>Virgil Caim<\/b><\/a> <\/span> <br \/>Backyard Social, 16371 Way de Com\u00e9rcio Corporativo, Fort Myers <br \/>18:00 <\/li>\n<h5><span class=\"text-green-8\"><b>Quinta -feira, 6 de fevereiro<\/b><\/span><\/h5>\n<li> <span> <a href=\"https:\/\/patch.com\/florida\/fort-myers\/calendar\/event\/20250206\/2937f9a1-7eb7-4e43-be3f-0cd2c8a37f1f\/arts-crafts-festival\" rel=\"ugc\"><b>Festival de Artes e Artesanato <\/b><\/a> <\/span> <br \/>110 N Collier Blvd, Marco Island <br \/>10:00 <\/li>\n<h5><span class=\"text-green-8\"><b>S\u00e1bado, 8 de fevereiro<\/b><\/span><\/h5>\n<li> <span> <a href=\"https:\/\/bocabeacon.com\/local-events\/#!\/details\/spring-garden-festival\/14859876\/2025-02-08T09\" target=\"_blank\" rel=\"nofollow\"><b>Spring Garden Festival<\/b><\/a> <\/span> <br \/>Edison &#038; Ford Winter Estates, 2350 McGregor Blvd, Fort Myers <br \/>9:00 <\/li>\n<li> <span> <a href=\"https:\/\/patch.com\/florida\/fort-myers\/calendar\/event\/20250208\/1f6d39ac-0c03-4c41-a1b3-32e4b254ba4a\/goodwill-vip-perk-sale-50-off-donated\" rel=\"ugc\"><b>VENDA VIP PIP GOODWILL (50% de desconto doado)<\/b><\/a> <\/span> <br \/>Southwest Florida, <br \/>9:00 <\/li>\n<li> <span> <a href=\"https:\/\/patch.com\/florida\/fort-myers\/calendar\/event\/20250208\/c89be506-aeef-41ea-8c1c-a8d85df2056a\/spring-garden-festival\" rel=\"ugc\"><b>Spring Garden Festival <\/b><\/a> <\/span> <br \/>Edison &#038; Ford Winter Estates, 2350 McGregor Blvd, Fort Myers <br \/>9:00 <\/li>\n<li> <span> <a href=\"https:\/\/patch.com\/florida\/fort-myers\/calendar\/event\/20250208\/b0ac20cd-350c-400c-ba18-fe3fe0b10ff5\/paint-sip-sundaes\" rel=\"ugc\"><b>Tinta, gole e sundaes<\/b><\/a> <\/span> <br \/>Igreja Episcopal de S\u00e3o Hilary, 5011 McGregor Blvd, Fort Myers <br \/>13:00 <\/li>\n<li> <span> <a href=\"https:\/\/dothecrawl.com\/fort-myers\" target=\"_blank\" rel=\"nofollow\"><b>Fa\u00e7a o pub \u00fanico dos namorados em Fort Myers<\/b><\/a> <\/span> <br \/>City Tavern, 2206 Bay St, Fort Myers <br \/>16:30 <\/li>\n<li> <span> <a href=\"https:\/\/patch.com\/florida\/fort-myers\/calendar\/event\/20250208\/21e631e1-c56c-4698-a934-cfdeb3bcdf46\/candlelight-featuring-vivaldi-s-four-seasons-more\" rel=\"ugc\"><b>Light \u00e0 luz de velas: Apresentando o Four Seasons de Vivaldi<\/b><\/a> <\/span> <br \/>Naples United Church of Christ, 5200 Crayton Rd, N\u00e1poles <br \/>18:00 <\/li>\n<li> <span> <a href=\"https:\/\/patch.com\/florida\/fort-myers\/calendar\/event\/20250208\/ac7631d0-5ad9-4771-9aaa-c928ac1126a2\/candlelight-tribute-to-adele\" rel=\"ugc\"><b>Light CandleLight: Tribute to Adele<\/b><\/a> <\/span> <br \/>Naples United Church of Christ, 5200 Crayton Rd, N\u00e1poles <br \/>20:30 <\/li>\n<h5><span class=\"text-green-8\"><b>Domingo, 9 de fevereiro<\/b><\/span><\/h5>\n<li> <span> <a href=\"https:\/\/patch.com\/florida\/fort-myers\/calendar\/event\/20250209\/e337eb09-b2e8-4783-8746-318b40e79585\/spring-garden-festival\" rel=\"ugc\"><b>Spring Garden Festival <\/b><\/a> <\/span> <br \/>Edison &#038; Ford Winter Estates, 2350 McGregor Blvd, Fort Myers <br \/>9:00 <\/li>\n<li> <span> <a href=\"https:\/\/www.fmbrew.com\/event\/sunday-music-food-trucks-7\/\" target=\"_blank\" rel=\"nofollow\"><b>M\u00fasica de domingo e caminh\u00f5es de comida<\/b><\/a> <\/span> <br \/>Fort Myers Brewing Company, 12811 Commerce Lakes DR #28, Fort Myers <br \/>12:00 <\/li>\n<h5><span class=\"text-green-8\"><b>Segunda -feira, 10 de fevereiro<\/b><\/span><\/h5>\n<li> <span> <a href=\"https:\/\/patch.com\/florida\/fort-myers\/calendar\/event\/20250210\/3bc5f025-4538-4018-abdf-a270f668530f\/yoga-by-the-river\" rel=\"ugc\"><b>Yoga ao lado do rio <\/b><\/a> <\/span> <br \/>Edison &#038; Ford Winter Estates, 2350 McGregor Blvd, Fort Myers <br \/>10:00 <\/li>\n<\/ul>\n<hr\/>\n<h4>\ud83d\uddd3 <strong>Eventos pr\u00f3ximos<\/strong><\/h4>\n<ul>\n<h5> <span class=\"text-green-8\"><b>Quarta -feira, 5 de fevereiro<\/b><\/span> <\/h5>\n<li><span> <a href=\"https:\/\/www.aplaceformom.com\/community\/shalimare-inc-1475441\" target=\"_blank\" rel=\"nofollow\"><b>Tour no local das 9h \u00e0s 19h<\/b><\/a>  (Tice) 613 Carolina Ave, Fort Myers <\/span><br \/>14:00 <\/li>\n<h5> <span class=\"text-green-8\"><b>Quinta -feira, 6 de fevereiro<\/b><\/span> <\/h5>\n<li><span> <a href=\"https:\/\/bocabeacon.com\/local-events\/#!\/details\/storytime-in-lakes-park\/14567515\/2025-02-06T10\" target=\"_blank\" rel=\"nofollow\"><b>Storytime em Lakes Park<\/b><\/a>  (Page Park) Lakes Park, 7330 Gladiolus DR, Fort Myers <\/span><br \/>10:30 <\/li>\n<li><span> <a href=\"https:\/\/bocabeacon.com\/local-events\/#!\/details\/top-notch-dinner-and-concert\/14095629\/2025-02-06T18\" target=\"_blank\" rel=\"nofollow\"><b>Jantar e concerto de primeira qualidade<\/b><\/a>  (Page Park) Primeira assembl\u00e9ia de Deus, 4701 Summerlin Rd, Fort Myers <\/span><br \/>18:00 <\/li>\n<h5> <span class=\"text-green-8\"><b>Sexta -feira, 7 de fevereiro<\/b><\/span> <\/h5>\n<li><span> <a href=\"https:\/\/m.facebook.com\/events\/1369921260637438\/?acontext=%7B%22action_history%22%3A%22null%22%7D&#038;ref_source=newsfeed&#038;ref_mechanism=feed_attachment\" target=\"_blank\" rel=\"nofollow\"><b>Cuide do seu neg\u00f3cio<\/b><\/a>  (Page Park) Luminary Hotel &#038; Co., cole\u00e7\u00e3o de aut\u00f3grafos, 2200 Edwards DR, Fort Myers <\/span><br \/>10:00 <\/li>\n<li><span> <a href=\"https:\/\/shoeless-joes.com\/event\/mondays-fridays-happy-hour-specials\/2025-02-07\/\" target=\"_blank\" rel=\"nofollow\"><b>Segunda -feira &#8211; sextas -feiras | Especiais de happy hour<\/b><\/a>  (Tice) Shoeless Joe&#8217;s Sports Cafe, 13051 Bell Tower Dr, Fort Myers <\/span><br \/>11:00 <\/li>\n<li><span> <a href=\"https:\/\/open.spotify.com\/concert\/4fixcZMOr8KirN7yXofnsU\" target=\"_blank\" rel=\"nofollow\"><b>Alice Cooper<\/b><\/a>  (Pine Manor) Barbara B. Mann Performing Arts Hall em FSW, 13350 FSW PKWY, Fort Myers <\/span><br \/>19:00 <\/li>\n<li><span> <a href=\"https:\/\/swfl.life\/event\/fort-myers-art-walk\/2025-02-07\/\" target=\"_blank\" rel=\"nofollow\"><b>Caminhada de arte de Fort Myers<\/b><\/a>  (Pine Manor) 2247 Primeiro St, Fort Myers <\/span><br \/>23:00 <\/li>\n<h5> <span class=\"text-green-8\"><b>S\u00e1bado, 8 de fevereiro<\/b><\/span> <\/h5>\n<li><span> <a href=\"https:\/\/www.kimmiesrecoveryzone.org\/event-details-registration\/kimmies-kids-2025-02-08-10-00\" target=\"_blank\" rel=\"nofollow\"><b>Os filhos de Kimmie<\/b><\/a>  (Page Park) 507 Center Rd, Fort Myers <\/span><br \/>15:00 <\/li>\n<\/ul>\n<p> <em>Perdemos algo em nosso calend\u00e1rio? <a href=\"https:\/\/patch.com\/florida\/fort-myers\/compose\/event\">Adicione um evento voc\u00ea mesmo<\/a>! <\/em> Como sempre, antes de participar, confirme os detalhes do evento para garantir a precis\u00e3o. <\/p>\n<hr\/>\n<p><em>Quer um link para o seu neg\u00f3cio neste boletim informativo? <a href=\"https:\/\/patch.com\/florida\/fort-myers\/compose\/bizpost\">Clique aqui<\/a>.<\/em><\/p>\n<hr\/>\n<p>\ud83d\udd28 <strong>Precisa de ajuda com um projeto em casa?<\/strong> A Patch fez uma parceria com a Thumbtack para tornar a contrata\u00e7\u00e3o de um profissional local de confian\u00e7a r\u00e1pido e f\u00e1cil. <a href=\"https:\/\/patch.com\/florida\/fort-myers\/businesses\" target=\"_blank\">Clique aqui para come\u00e7ar.<\/a><\/p>\n<hr\/>\n<h4>\ud83d\udcac <strong>Conversa<\/strong><\/h4>\n<p>O que seus vizinhos est\u00e3o falando nas m\u00eddias sociais<\/p>\n<\/div>\n<div>\n<ul>\n<li><b>Encontrou esses 2 c\u00e3es vagando Sandy Cove Dr.<\/b> <br \/>O cachorro preto e branco tem uma grossa corrente dourada. Shepherd n\u00e3o tem colarinho. Ambos s\u00e3o muito doces. Eu os tenho no meu quintal agora se algu\u00e9m souber quem &#8230; (<a href=\"https:\/\/nextdoor.com\/p\/P36M7q8BYyMP\/?from_partner=patch&#038;share_id=P36M7q8BYyMP&#038;utm_medium=public_api&#038;utm_source=patch&#038;utm_content=P36M7q8BYyMP&#038;next_url=\/p\/P36M7q8BYyMP&#038;utm_medium=email&#038;utm_campaign=pilot\" target=\"_blank\" rel=\"nofollow\">Nextdoor<\/a> San Carlos Park) <\/li>\n<li><b>Atualiza\u00e7\u00e3o sobre o sinal ausente.<\/b> <br \/>Um dos meninos veio se desculpar e trouxe flores. O pedido de desculpas pessoal foi muito apreciado! (<a href=\"https:\/\/nextdoor.com\/p\/Spg4CCcTwf52\/?from_partner=patch&#038;share_id=Spg4CCcTwf52&#038;utm_medium=public_api&#038;utm_source=patch&#038;utm_content=Spg4CCcTwf52&#038;next_url=\/p\/Spg4CCcTwf52&#038;utm_medium=email&#038;utm_campaign=pilot\" target=\"_blank\" rel=\"nofollow\">Nextdoor<\/a> Brookshire) <\/li>\n<\/ul>\n<ul>\n<li>  Cidade de Fort Myers postou um emprego para <strong>Policial &#8211; n\u00e3o certificado<\/strong> em Fort Myers, FL. Aplique em <a href=\"https:\/\/www.governmentjobs.com\/careers\/fortmyersfl\/jobs\/4062152\/police-officer-non-certified?utm_campaign=google_jobs_apply&#038;utm_source=google_jobs_apply&#038;utm_medium=organic\" target=\"_blank\" rel=\"nofollow\">GovernmentJobs.com<\/a>. <\/li>\n<li>  O Home Depot postou um emprego para <strong>Suporte da loja<\/strong> em Fort Myers, FL. Aplique em <a href=\"https:\/\/careers.homedepot.com\/job\/6961146\/store-support-fort-myers-fl\/?utm_campaign=google_jobs_apply&#038;utm_source=google_jobs_apply&#038;utm_medium=organic\" target=\"_blank\" rel=\"nofollow\">As carreiras da Home Depot<\/a>. <\/li>\n<\/ul>\n<hr\/>\n<p> <b>Ok Fort Myers!<\/b> Ent\u00e3o agora voc\u00ea est\u00e1 no circuito sobre o que est\u00e1 acontecendo hoje. Obrigado pela leitura, e vejo voc\u00ea na sua caixa de entrada na pr\u00f3xima vez! <\/p>\n<p> <b>&#8211; A equipe do patch am<\/b> <\/p>\n<p> <em>PS A resposta para o enigma de hoje:<\/em> Um bast\u00e3o. <\/p>\n<hr\/>\n<h4>\ud83d\udc49 <strong>Ajude a fazer o patch sou melhor<\/strong><\/h4>\n<hr\/>\n<p> <a href=\"https:\/\/nextdoor.com\/sharekit\/?source=Fort%20Myers%20Patch%20AM&#038;body=Catch+up+on+what+you+need+to+know+from+the+Fort+Myers+Patch+AM+daily+update%3A+https%3A%2F%2Fpatch.com%2Fflorida%2Ffort-myers&#038;utm_source=patch&#038;utm_medium=email&#038;utm_campaign=pilot\" target=\"_blank\" class=\"text-weight-bold text-green-8 sans\">Compartilhe para Nextdoor<\/a>     <a href=\"https:\/\/www.facebook.com\/share.php?u=https:\/\/patch.com\/florida\/fort-myers&#038;title=Catch+up+on+what+you+need+to+know+from+the+Fort+Myers+Patch+AM+daily+update%3A+https%3A%2F%2Fpatch.com%2Fflorida%2Ffort-myers\" target=\"_blank\" class=\"text-weight-bold text-light-blue-10 sans\">Compartilhe no Facebook<\/a><\/p>\n<\/div>\n<p><br \/>\n<br \/><a href=\"http:\/\/patch.com\/florida\/fort-myers\/discover-fort-myers-black-history-legacy-nodx-20250205?utm_source=article-mostrecent&#038;utm_medium=rss&#038;utm_term=community%20corner&#038;utm_campaign=recirc&#038;utm_content=aol\">Source link <\/a><\/p>","protected":false},"excerpt":{"rendered":"<p>Ol\u00e1 Fort Myers! Fique conectado com as atualiza\u00e7\u00f5es mais recentes da cidade. Vamos mergulhar! \u2615\ufe0f\ufe0f No boletim informativo de hoje: Descubra o legado da hist\u00f3ria negra de Fort Myers Annette&hellip;<\/p>","protected":false},"author":1,"featured_media":71100,"comment_status":"closed","ping_status":"open","sticky":false,"template":"","format":"standard","meta":{"content-type":"","footnotes":""},"categories":[1],"tags":[],"class_list":["post-99408","post","type-post","status-publish","format-standard","has-post-thumbnail","hentry","category-uncategorized"],"_links":{"self":[{"href":"https:\/\/tvbrazilusa.com\/pt\/wp-json\/wp\/v2\/posts\/99408","targetHints":{"allow":["GET"]}}],"collection":[{"href":"https:\/\/tvbrazilusa.com\/pt\/wp-json\/wp\/v2\/posts"}],"about":[{"href":"https:\/\/tvbrazilusa.com\/pt\/wp-json\/wp\/v2\/types\/post"}],"author":[{"embeddable":true,"href":"https:\/\/tvbrazilusa.com\/pt\/wp-json\/wp\/v2\/users\/1"}],"replies":[{"embeddable":true,"href":"https:\/\/tvbrazilusa.com\/pt\/wp-json\/wp\/v2\/comments?post=99408"}],"version-history":[{"count":1,"href":"https:\/\/tvbrazilusa.com\/pt\/wp-json\/wp\/v2\/posts\/99408\/revisions"}],"predecessor-version":[{"id":99409,"href":"https:\/\/tvbrazilusa.com\/pt\/wp-json\/wp\/v2\/posts\/99408\/revisions\/99409"}],"wp:featuredmedia":[{"embeddable":true,"href":"https:\/\/tvbrazilusa.com\/pt\/wp-json\/wp\/v2\/media\/71100"}],"wp:attachment":[{"href":"https:\/\/tvbrazilusa.com\/pt\/wp-json\/wp\/v2\/media?parent=99408"}],"wp:term":[{"taxonomy":"category","embeddable":true,"href":"https:\/\/tvbrazilusa.com\/pt\/wp-json\/wp\/v2\/categories?post=99408"},{"taxonomy":"post_tag","embeddable":true,"href":"https:\/\/tvbrazilusa.com\/pt\/wp-json\/wp\/v2\/tags?post=99408"}],"curies":[{"name":"wp","href":"https:\/\/api.w.org\/{rel}","templated":true}]}}