{"id":99427,"date":"2025-02-05T10:30:46","date_gmt":"2025-02-05T10:30:46","guid":{"rendered":"https:\/\/tvbrazilusa.com\/2025\/02\/05\/stf-agilizou-julgamentos-sobre-omissoes-do-congresso-e-do-governo\/"},"modified":"2025-02-05T10:30:48","modified_gmt":"2025-02-05T10:30:48","slug":"stf-agilizou-julgamentos-sobre-omissoes-do-congresso-e-do-governo","status":"publish","type":"post","link":"https:\/\/tvbrazilusa.com\/pt\/2025\/02\/05\/stf-agilizou-julgamentos-sobre-omissoes-do-congresso-e-do-governo\/","title":{"rendered":"STF agilizou julgamentos sobre &#8216;omiss\u00f5es&#8217; do Congresso e do governo"},"content":{"rendered":"<p> <script async src=\"https:\/\/pagead2.googlesyndication.com\/pagead\/js\/adsbygoogle.js?client=ca-pub-8864793242727901\"\r\n     crossorigin=\"anonymous\"><\/script><br \/>\n<\/p>\n<div>\n<figure class=\"post-image\">\n<\/figure>\n<p>            <span style=\"font-size: 12px\">Reprodu\u00e7\u00e3o<\/span><\/p>\n<p>            <!-- end metas --><br \/>\n            <!-- ADS --><\/p>\n<div id=\"taboola-read-more\" style=\"display:block; width:100%\">\n<p>O STF (Supremo Tribunal Federal) julgou 78 a\u00e7\u00f5es que tratavam de \u201comiss\u00f5es inconstitucionais\u201d de 2019 a 2024. Esses casos s\u00e3o quando a Corte avalia que um outro Poder n\u00e3o decidiu sobre temas que deveria, deixando de cumprir a Constitui\u00e7\u00e3o \u2013como aconteceu no caso da criminaliza\u00e7\u00e3o da homofobia e da transfobia.\n<\/p>\n<p>As decis\u00f5es dos \u00faltimos 5 anos j\u00e1 s\u00e3o mais que todas as tomadas nos 28 anos anteriores (de 1990 a 2018) \u2013que, somadas, foram 62.<\/p>\n<p>Os anos com os maiores n\u00fameros de a\u00e7\u00f5es de \u201comiss\u00f5es inconstitucionais\u201d julgadas pelo STF foram 2020 e 2022, ambos com 18 casos. Em 2021, ao menos 10 foram sobre temas relacionados \u00e0 pandemia de covid-19.\n<\/p>\n<p>As a\u00e7\u00f5es julgadas desde 2019 tratavam de temas como letalidade policial, sal\u00e1rio m\u00ednimo, superlota\u00e7\u00e3o de pres\u00eddios e licen\u00e7a paternidade.\n<\/p>\n<p>Alguns desses julgamentos tensionam at\u00e9 hoje a rela\u00e7\u00e3o do Judici\u00e1rio com o Legislativo, como o caso da descriminaliza\u00e7\u00e3o do aborto \u2013ainda em an\u00e1lise\u2013 e das restri\u00e7\u00f5es \u00e0s opera\u00e7\u00f5es policiais em comunidades do Rio de Janeiro.\n<\/p>\n<p>Um dos casos que deve surgir novamente neste ano \u00e9 o da redistribui\u00e7\u00e3o de cadeiras no Congresso com base nos dados apurados pelo Censo de 2022, do IBGE (Instituto Brasileiro de Geografia e Estat\u00edstica). O Supremo decidiu em 2023 que o Legislativo teria at\u00e9 30 de junho de 2025 para editar uma lei complementar e revisar a composi\u00e7\u00e3o de deputados, que podem ter mudan\u00e7a em 14 Estados.\n<\/p>\n<p><strong>Poder 360<\/strong>              <\/p>\n<\/div>\n<p>                        <!-- Scripts para conteudo --><\/p>\n<p>            <!-- .\/Scripts para conteudo --><br \/>\n            <!-- .\/Mat\u00e9ria --><\/p>\n<div class=\"row mt-3\">\n<div class=\"col-sm-6\">\n                <!-- Whatsapp channel 3--><br \/>\n                <a href=\"https:\/\/chat.whatsapp.com\/B8Qy6Erx4kb6yTzj3kaDco\" target=\"_blank\"><br \/>\n                  <img decoding=\"async\" src=\"https:\/\/diariodobrasilnoticias.com.br\/assets-site\/images\/bot_whatsapp.png\"\/><\/a>\n              <\/div>\n<div class=\"col-sm-6\">\n                <a href=\"https:\/\/t.me\/+_4gTmi5LKo03OTM5\" target=\"_blank\"><br \/>\n                  <img decoding=\"async\" src=\"https:\/\/diariodobrasilnoticias.com.br\/assets-site\/images\/bot_telegram.png\"\/><\/a>\n              <\/div>\n<\/p><\/div>\n<p>            <!-- end post-navigation --><\/p>\n<p>              <!-- end row --><\/p>\n<p>              <!-- end col-12-->\n                      <\/div>\n<p><br \/>\n<br \/><a href=\"https:\/\/diariodobrasilnoticias.com.br\/noticia\/stf-agilizou-julgamentos-sobre-omissoes-do-congresso-e-do-governo-67a336be7f9bb\">Source link <\/a><\/p>","protected":false},"excerpt":{"rendered":"<p>Reprodu\u00e7\u00e3o O STF (Supremo Tribunal Federal) julgou 78 a\u00e7\u00f5es que tratavam de \u201comiss\u00f5es inconstitucionais\u201d de 2019 a 2024. Esses casos s\u00e3o quando a Corte avalia que um outro Poder n\u00e3o&hellip;<\/p>","protected":false},"author":1,"featured_media":99428,"comment_status":"closed","ping_status":"open","sticky":false,"template":"","format":"standard","meta":{"content-type":"","footnotes":""},"categories":[16],"tags":[123,2448,5313,1267],"class_list":["post-99427","post","type-post","status-publish","format-standard","has-post-thumbnail","hentry","category-noticias","tag-brasil","tag-diario","tag-noticia","tag-noticias"],"_links":{"self":[{"href":"https:\/\/tvbrazilusa.com\/pt\/wp-json\/wp\/v2\/posts\/99427","targetHints":{"allow":["GET"]}}],"collection":[{"href":"https:\/\/tvbrazilusa.com\/pt\/wp-json\/wp\/v2\/posts"}],"about":[{"href":"https:\/\/tvbrazilusa.com\/pt\/wp-json\/wp\/v2\/types\/post"}],"author":[{"embeddable":true,"href":"https:\/\/tvbrazilusa.com\/pt\/wp-json\/wp\/v2\/users\/1"}],"replies":[{"embeddable":true,"href":"https:\/\/tvbrazilusa.com\/pt\/wp-json\/wp\/v2\/comments?post=99427"}],"version-history":[{"count":1,"href":"https:\/\/tvbrazilusa.com\/pt\/wp-json\/wp\/v2\/posts\/99427\/revisions"}],"predecessor-version":[{"id":99429,"href":"https:\/\/tvbrazilusa.com\/pt\/wp-json\/wp\/v2\/posts\/99427\/revisions\/99429"}],"wp:featuredmedia":[{"embeddable":true,"href":"https:\/\/tvbrazilusa.com\/pt\/wp-json\/wp\/v2\/media\/99428"}],"wp:attachment":[{"href":"https:\/\/tvbrazilusa.com\/pt\/wp-json\/wp\/v2\/media?parent=99427"}],"wp:term":[{"taxonomy":"category","embeddable":true,"href":"https:\/\/tvbrazilusa.com\/pt\/wp-json\/wp\/v2\/categories?post=99427"},{"taxonomy":"post_tag","embeddable":true,"href":"https:\/\/tvbrazilusa.com\/pt\/wp-json\/wp\/v2\/tags?post=99427"}],"curies":[{"name":"wp","href":"https:\/\/api.w.org\/{rel}","templated":true}]}}