{"id":99430,"date":"2025-02-05T10:42:25","date_gmt":"2025-02-05T10:42:25","guid":{"rendered":"https:\/\/tvbrazilusa.com\/2025\/02\/05\/funcionarios-de-multinacional-do-setor-de-energia-eolica-sao-suspeitos-de-desviar-r-350-mil-da-empresa\/"},"modified":"2025-02-05T10:42:26","modified_gmt":"2025-02-05T10:42:26","slug":"funcionarios-de-multinacional-do-setor-de-energia-eolica-sao-suspeitos-de-desviar-r-350-mil-da-empresa","status":"publish","type":"post","link":"https:\/\/tvbrazilusa.com\/pt\/2025\/02\/05\/funcionarios-de-multinacional-do-setor-de-energia-eolica-sao-suspeitos-de-desviar-r-350-mil-da-empresa\/","title":{"rendered":"Funcion\u00e1rios de multinacional do setor de energia e\u00f3lica s\u00e3o suspeitos de desviar R$ 350 mil da empresa"},"content":{"rendered":"<p> <script async src=\"https:\/\/pagead2.googlesyndication.com\/pagead\/js\/adsbygoogle.js?client=ca-pub-8864793242727901\"\r\n     crossorigin=\"anonymous\"><\/script><br \/>\n<\/p>\n<div id=\"taboola-read-more\" style=\"display:block; width:100%\">\n<p>A Pol\u00edcia Civil do Rio Grande do Norte, por meio da Delegacia Especializada em Falsifica\u00e7\u00f5es e Defrauda\u00e7\u00f5es (DEFD), realizou nesta ter\u00e7a-feira (4) a \u201cOpera\u00e7\u00e3o Ventania\u201d, visando o cumprimento de dois mandados de busca e apreens\u00e3o contra dois homens, de 35 e 42 anos, suspeitos de envolvimento em crimes de estelionato e lavagem de dinheiro. As ordens judiciais foram expedidas pela 9\u00aa Vara Criminal da Comarca de Natal, e as dilig\u00eancias ocorreram nos bairros Capim Macio e Cidade Alta.\n<\/p>\n<p>Segundo as investiga\u00e7\u00f5es, os suspeitos, que eram funcion\u00e1rios de uma multinacional do setor de energia e\u00f3lica, teriam tentado sacar indevidamente valores da conta comercial da empresa, utilizando cheques em branco com assinaturas falsificadas de um dos s\u00f3cios. A DEFD foi acionada em 15 de janeiro de 2025 e, ap\u00f3s apura\u00e7\u00f5es, constatou que os cheques apresentados n\u00e3o haviam sido assinados pelo verdadeiro titular, que estava em viagem internacional no per\u00edodo dos saques.<\/p>\n<p>O esquema criminoso envolvia a realiza\u00e7\u00e3o de diversos saques fracionados da conta da empresa, com a divis\u00e3o posterior dos valores em esp\u00e9cie entre os investigados. A empresa lesada relatou um total de 32 saques fraudulentos, resultando em um preju\u00edzo superior a R$ 350 mil.\n<\/p>\n<p>Durante a opera\u00e7\u00e3o, tamb\u00e9m foi cumprida uma ordem de sequestro de um ve\u00edculo de luxo avaliado em aproximadamente meio milh\u00e3o de reais. Al\u00e9m disso, os investigados foram intimados a cumprir medidas cautelares diversas da pris\u00e3o, conforme determina\u00e7\u00e3o do Poder Judici\u00e1rio.\n<\/p>\n<p>O nome \u201cVentania\u201d faz alus\u00e3o ao setor de atua\u00e7\u00e3o da empresa v\u00edtima.\u00a0<\/p>\n<p>Fonte: Portal Grande Ponto              <\/p>\n<\/div>\n<p><br \/>\n<br \/><a href=\"https:\/\/diariodobrasilnoticias.com.br\/noticia\/funcionarios-de-multinacional-do-setor-de-energia-eolica-sao-suspeitos-de-desviar-r-350-mil-da-empresa-67a33ecd0d846\">Source link <\/a><\/p>","protected":false},"excerpt":{"rendered":"<p>A Pol\u00edcia Civil do Rio Grande do Norte, por meio da Delegacia Especializada em Falsifica\u00e7\u00f5es e Defrauda\u00e7\u00f5es (DEFD), realizou nesta ter\u00e7a-feira (4) a \u201cOpera\u00e7\u00e3o Ventania\u201d, visando o cumprimento de dois&hellip;<\/p>","protected":false},"author":1,"featured_media":99431,"comment_status":"closed","ping_status":"open","sticky":false,"template":"","format":"standard","meta":{"content-type":"","footnotes":""},"categories":[16],"tags":[123,2448,5313,1267],"class_list":["post-99430","post","type-post","status-publish","format-standard","has-post-thumbnail","hentry","category-noticias","tag-brasil","tag-diario","tag-noticia","tag-noticias"],"_links":{"self":[{"href":"https:\/\/tvbrazilusa.com\/pt\/wp-json\/wp\/v2\/posts\/99430","targetHints":{"allow":["GET"]}}],"collection":[{"href":"https:\/\/tvbrazilusa.com\/pt\/wp-json\/wp\/v2\/posts"}],"about":[{"href":"https:\/\/tvbrazilusa.com\/pt\/wp-json\/wp\/v2\/types\/post"}],"author":[{"embeddable":true,"href":"https:\/\/tvbrazilusa.com\/pt\/wp-json\/wp\/v2\/users\/1"}],"replies":[{"embeddable":true,"href":"https:\/\/tvbrazilusa.com\/pt\/wp-json\/wp\/v2\/comments?post=99430"}],"version-history":[{"count":1,"href":"https:\/\/tvbrazilusa.com\/pt\/wp-json\/wp\/v2\/posts\/99430\/revisions"}],"predecessor-version":[{"id":99432,"href":"https:\/\/tvbrazilusa.com\/pt\/wp-json\/wp\/v2\/posts\/99430\/revisions\/99432"}],"wp:featuredmedia":[{"embeddable":true,"href":"https:\/\/tvbrazilusa.com\/pt\/wp-json\/wp\/v2\/media\/99431"}],"wp:attachment":[{"href":"https:\/\/tvbrazilusa.com\/pt\/wp-json\/wp\/v2\/media?parent=99430"}],"wp:term":[{"taxonomy":"category","embeddable":true,"href":"https:\/\/tvbrazilusa.com\/pt\/wp-json\/wp\/v2\/categories?post=99430"},{"taxonomy":"post_tag","embeddable":true,"href":"https:\/\/tvbrazilusa.com\/pt\/wp-json\/wp\/v2\/tags?post=99430"}],"curies":[{"name":"wp","href":"https:\/\/api.w.org\/{rel}","templated":true}]}}