{"id":99433,"date":"2025-02-05T10:54:55","date_gmt":"2025-02-05T10:54:55","guid":{"rendered":"https:\/\/tvbrazilusa.com\/2025\/02\/05\/lula-afirma-que-um-aloprado-no-poder-pode-desfazer-decadas-de-avancos\/"},"modified":"2025-02-05T10:54:56","modified_gmt":"2025-02-05T10:54:56","slug":"lula-afirma-que-um-aloprado-no-poder-pode-desfazer-decadas-de-avancos","status":"publish","type":"post","link":"https:\/\/tvbrazilusa.com\/pt\/2025\/02\/05\/lula-afirma-que-um-aloprado-no-poder-pode-desfazer-decadas-de-avancos\/","title":{"rendered":"Lula afirma que um \u2018aloprado\u2019 no poder pode desfazer d\u00e9cadas de avan\u00e7os"},"content":{"rendered":"<p> <script async src=\"https:\/\/pagead2.googlesyndication.com\/pagead\/js\/adsbygoogle.js?client=ca-pub-8864793242727901\"\r\n     crossorigin=\"anonymous\"><\/script><br \/>\n<\/p>\n<div>\n<p>O presidente Luiz In\u00e1cio Lula da Silva declarou nesta ter\u00e7a-feira (4) que basta um \u201caloprado\u201d ser eleito para a Presid\u00eancia da Rep\u00fablica para \u201cdestruir\u201d as pol\u00edticas p\u00fablicas que levaram \u201cd\u00e9cadas\u201d para ser constru\u00eddas. Embora n\u00e3o tenha citado nominalmente Jair Bolsonaro (PL), a frase foi direcionada ao ex-presidente. A fala do petista foi feita na abertura da 6\u00aa edi\u00e7\u00e3o do Encontro do Pnae (Programa Nacional de Alimenta\u00e7\u00e3o Escolar), em Bras\u00edlia (DF).\n<\/p>\n<p>\u201cQueria terminar dizendo para voc\u00eas que n\u00f3s temos mais dois anos de governo, e voc\u00eas aprenderam uma li\u00e7\u00e3o: construir leva d\u00e9cadas. [Para] destruir, basta um aloprado ganhar as elei\u00e7\u00f5es, que ele destr\u00f3i em quatro anos o que a gente fez em 20 ou em 30. Voc\u00eas sabem como que \u00e9: a gente passa horas e horas, meses e meses construindo uma coisa, a\u00ed entra um cara e em um decreto destr\u00f3i tudo. Porque fica melhor criar CAC [colecionador, atirador desportivo e ca\u00e7ador] para as pessoas aprenderem a atirar do que criar escola para as crian\u00e7as aprenderem a estudar\u201d, criticou o presidente.<\/p>\n<p>Mudan\u00e7as no Enem 2025\n<\/p>\n<p>Ainda no encontro do Pnae, o ministro da Educa\u00e7\u00e3o, Camilo Santana, anunciou que o Enem (Exame Nacional do Ensino M\u00e9dio) vai voltar a dar o certificado de conclus\u00e3o no ensino m\u00e9dio aos estudantes \u201ccom notas adequadas\u201d. Santana n\u00e3o apresentou detalhes, mas afirmou que a medida, interrompida em 2017, ser\u00e1 retomada a partir do Enem deste ano.\n<\/p>\n<p>Atualmente, estudantes com 18 anos ou mais conseguem o certificado de conclus\u00e3o do ensino m\u00e9dio a partir do Encceja (Exame Nacional para Certifica\u00e7\u00e3o de Compet\u00eancias de Jovens e Adultos).\n<\/p>\n<p>Santana tinha citado a possibilidade de o Enem voltar a certificar os estudantes em novembro do ano passado. \u00c0 \u00e9poca, o ministro informou que o Encceja n\u00e3o deve ser suspenso \u2014 a ideia \u00e9 que o Enem tamb\u00e9m sirva para essa finalidade.\n<\/p>\n<p>O Encceja \u00e9 para jovens e adultos que n\u00e3o conclu\u00edram os estudos na idade escolar e que buscam a certifica\u00e7\u00e3o do ensino fundamental ou m\u00e9dio. Para realizar a prova, \u00e9 preciso que o candidato tenha no m\u00ednimo 15 anos para pedir o certificado do ensino fundamental e 18 anos para solicitar a conclus\u00e3o no ensino m\u00e9dio.\n<\/p>\n<p><strong>R7<\/strong>\n<\/p>\n<\/div>\n<p><br \/>\n<br \/><a href=\"https:\/\/diariodobrasilnoticias.com.br\/noticia\/lula-afirma-que-um-aloprado-no-poder-pode-desfazer-decadas-de-avancos-67a33904c27b2\">Source link <\/a><\/p>","protected":false},"excerpt":{"rendered":"<p>O presidente Luiz In\u00e1cio Lula da Silva declarou nesta ter\u00e7a-feira (4) que basta um \u201caloprado\u201d ser eleito para a Presid\u00eancia da Rep\u00fablica para \u201cdestruir\u201d as pol\u00edticas p\u00fablicas que levaram \u201cd\u00e9cadas\u201d&hellip;<\/p>","protected":false},"author":1,"featured_media":99434,"comment_status":"closed","ping_status":"open","sticky":false,"template":"","format":"standard","meta":{"content-type":"","footnotes":""},"categories":[16],"tags":[123,2448,5313,1267],"class_list":["post-99433","post","type-post","status-publish","format-standard","has-post-thumbnail","hentry","category-noticias","tag-brasil","tag-diario","tag-noticia","tag-noticias"],"_links":{"self":[{"href":"https:\/\/tvbrazilusa.com\/pt\/wp-json\/wp\/v2\/posts\/99433","targetHints":{"allow":["GET"]}}],"collection":[{"href":"https:\/\/tvbrazilusa.com\/pt\/wp-json\/wp\/v2\/posts"}],"about":[{"href":"https:\/\/tvbrazilusa.com\/pt\/wp-json\/wp\/v2\/types\/post"}],"author":[{"embeddable":true,"href":"https:\/\/tvbrazilusa.com\/pt\/wp-json\/wp\/v2\/users\/1"}],"replies":[{"embeddable":true,"href":"https:\/\/tvbrazilusa.com\/pt\/wp-json\/wp\/v2\/comments?post=99433"}],"version-history":[{"count":1,"href":"https:\/\/tvbrazilusa.com\/pt\/wp-json\/wp\/v2\/posts\/99433\/revisions"}],"predecessor-version":[{"id":99435,"href":"https:\/\/tvbrazilusa.com\/pt\/wp-json\/wp\/v2\/posts\/99433\/revisions\/99435"}],"wp:featuredmedia":[{"embeddable":true,"href":"https:\/\/tvbrazilusa.com\/pt\/wp-json\/wp\/v2\/media\/99434"}],"wp:attachment":[{"href":"https:\/\/tvbrazilusa.com\/pt\/wp-json\/wp\/v2\/media?parent=99433"}],"wp:term":[{"taxonomy":"category","embeddable":true,"href":"https:\/\/tvbrazilusa.com\/pt\/wp-json\/wp\/v2\/categories?post=99433"},{"taxonomy":"post_tag","embeddable":true,"href":"https:\/\/tvbrazilusa.com\/pt\/wp-json\/wp\/v2\/tags?post=99433"}],"curies":[{"name":"wp","href":"https:\/\/api.w.org\/{rel}","templated":true}]}}