{"id":99444,"date":"2025-02-05T11:57:22","date_gmt":"2025-02-05T11:57:22","guid":{"rendered":"https:\/\/tvbrazilusa.com\/2025\/02\/05\/trump-anuncia-que-eua-vao-assumir-controle-da-faixa-de-gaza\/"},"modified":"2025-02-05T11:57:25","modified_gmt":"2025-02-05T11:57:25","slug":"trump-anuncia-que-eua-vao-assumir-controle-da-faixa-de-gaza","status":"publish","type":"post","link":"https:\/\/tvbrazilusa.com\/pt\/2025\/02\/05\/trump-anuncia-que-eua-vao-assumir-controle-da-faixa-de-gaza\/","title":{"rendered":"Trump anuncia que EUA v\u00e3o assumir controle da Faixa de Gaza"},"content":{"rendered":"<p> <script async src=\"https:\/\/pagead2.googlesyndication.com\/pagead\/js\/adsbygoogle.js?client=ca-pub-8864793242727901\"\r\n     crossorigin=\"anonymous\"><\/script><br \/>\n<\/p>\n<div id=\"taboola-read-more\" style=\"display:block; width:100%\">\n<p>O presidente dos Estados Unidos, Donald Trump, anunciou nesta ter\u00e7a-feira, 4, que os Estados Unidos v\u00e3o assumir o controle da Faixa de Gaza. A declara\u00e7\u00e3o foi dada pelo republicano durante uma entrevista coletiva com o primeiro-ministro de Israel, Benjamin Netanyahu.\n<\/p>\n<p>\u201cOs EUA v\u00e3o tomar conta da Faixa de Gaza, e n\u00f3s faremos um trabalho nela tamb\u00e9m\u201d, disse Trump. \u201cN\u00f3s a teremos e seremos respons\u00e1veis \u200b\u200bpor desmantelar todas as bombas perigosas e inexploradas e outras armas no local.\u201d<\/p>\n<p>\u201cNivele o local e livre-se dos pr\u00e9dios destru\u00eddos, nivele-o, crie um desenvolvimento econ\u00f4mico que fornecer\u00e1 um n\u00famero ilimitado de empregos e moradias para as pessoas da \u00e1rea\u201d, disse o republicano. \u201cFa\u00e7a um trabalho de verdade. Fa\u00e7a algo diferente. Simplesmente n\u00e3o d\u00e1 para voltar atr\u00e1s. Se voc\u00ea voltar, vai acabar do mesmo jeito que tem sido por 100 anos.\u201d\n<\/p>\n<p>Netanyahu \u00e9 o primeiro l\u00edder mundial a se reunir com Trump na Casa Branca desde que o presidente americano assumiu o mandato.\n<\/p>\n<p>Durante a coletiva, o republicano disse que via os Estados Unidos em uma \u201cposi\u00e7\u00e3o de propriedade de longo prazo\u201d da \u00e1rea, o que provavelmente traria estabilidade ao Oriente M\u00e9dio.\n<\/p>\n<p>\u201cVejo isso trazendo grande estabilidade para aquela parte do Oriente M\u00e9dio e talvez para todo o Oriente M\u00e9dio\u201d, disse Trump. \u201cE todos com quem falei \u2014 esta n\u00e3o foi uma decis\u00e3o tomada levianamente \u2014 amam a ideia dos Estados Unidos possu\u00edrem aquele peda\u00e7o de terra, desenvolvendo e criando milhares de empregos. Ningu\u00e9m pode imaginar isso, porque tudo o que eles veem \u00e9 morte, destrui\u00e7\u00e3o e escombros.\u201d\n<\/p>\n<p>Netanyahu, por sua vez, afirmou aos jornalistas que a medida tem como objetivo \u201cgarantir que Gaza nunca mais represente uma amea\u00e7a a Israel\u201d.\n<\/p>\n<p>\u201cO presidente Trump est\u00e1 levando isso a um n\u00edvel muito mais alto\u201d, disse o primeiro-ministro israelense. \u201cEle v\u00ea um diferente \u2013 ele v\u00ea um futuro diferente para aquele peda\u00e7o de terra que tem sido o foco de tanto terrorismo, tantos, tantos ataques contra n\u00f3s, tantos, tantos julgamentos e tantas tribula\u00e7\u00f5es. Ele tem uma ideia diferente, e acho que vale a pena prestar aten\u00e7\u00e3o nisso.\u201d\n<\/p>\n<p><strong>Trump e Netanyahu debateram sobre cessar-fogo<\/strong><br \/>A reuni\u00e3o dos l\u00edderes na Casa Branca incluiu discuss\u00f5es sobre o atual acordo de cessar-fogo entre Israel e o grupo terrorista Hamas, o dom\u00ednio do Ir\u00e3 no Oriente M\u00e9dio e o reassentamento de moradores de Gaza em outros pa\u00edses.\n<\/p>\n<p>\u201cEm nossas reuni\u00f5es de hoje, o primeiro-ministro e eu focamos no futuro, discutindo como podemos trabalhar juntos para garantir que o Hamas seja eliminado e, finalmente, restaurar a paz em uma regi\u00e3o muito problem\u00e1tica\u201d, disse Trump. \u201cTem sido problem\u00e1tico, mas o que aconteceu nos \u00faltimos quatro anos n\u00e3o foi bom.\u201d\n<\/p>\n<p>Trump afirmou ainda que a Faixa de Gaza se tornou \u201cum s\u00edmbolo de morte e destrui\u00e7\u00e3o por muitas d\u00e9cadas e muito ruim para as pessoas em qualquer lugar pr\u00f3ximo dela\u201d.\n<\/p>\n<p>\u201cN\u00e3o deveria passar por um processo de reconstru\u00e7\u00e3o e ocupa\u00e7\u00e3o pelas mesmas pessoas que realmente estiveram l\u00e1, lutaram por ela, viveram l\u00e1, morreram l\u00e1 e viveram uma exist\u00eancia miser\u00e1vel l\u00e1\u201d, acrescentou.\n<\/p>\n<p>Durante a coletiva de imprensa, Netanyahu elogiou a capacidade de Trump de \u201cpensar fora da caixa\u201d.\n<\/p>\n<p>\u201cSua disposi\u00e7\u00e3o de furar o pensamento convencional, o pensamento que falhou uma e outra e outra vez, sua disposi\u00e7\u00e3o de pensar fora da caixa com novas ideias, nos ajudar\u00e1 a atingir todos esses objetivos\u201d, disse o l\u00edder israelense.\n<\/p>\n<p>\u201cE eu j\u00e1 vi voc\u00ea fazer isso muitas vezes\u201d, acrescentou. \u201cVoc\u00ea vai direto ao ponto. Voc\u00ea v\u00ea coisas que os outros se recusam a ver. Voc\u00ea diz coisas que os outros se recusam a dizer, sabe. E depois que os queixos caem, as pessoas co\u00e7am a cabe\u00e7a e dizem: \u2018Sabe, ele est\u00e1 certo.&#8217;\u201d\n<\/p>\n<p>Netanyahu afirmou ainda que uma poss\u00edvel vit\u00f3ria de Israel no conflito tamb\u00e9m seria uma vit\u00f3ria para os Estados Unidos.\n<\/p>\n<p>\u201cA vit\u00f3ria de Israel ser\u00e1 a vit\u00f3ria da Am\u00e9rica\u201d, disse Netanyahu. \u201cN\u00e3o venceremos apenas a guerra trabalhando juntos, venceremos a paz. Com sua lideran\u00e7a, senhor presidente, e nossa parceria, acredito que forjaremos um futuro brilhante para nossa regi\u00e3o e levaremos nossa grande alian\u00e7a a patamares ainda maiores.\u201d<\/p>\n<p>Fonte: Revista Oeste              <\/p>\n<\/div>\n<p><br \/>\n<br \/><a href=\"https:\/\/diariodobrasilnoticias.com.br\/noticia\/trump-anuncia-que-eua-vao-assumir-controle-da-faixa-de-gaza-67a33e2d58d4c\">Source link <\/a><\/p>","protected":false},"excerpt":{"rendered":"<p>O presidente dos Estados Unidos, Donald Trump, anunciou nesta ter\u00e7a-feira, 4, que os Estados Unidos v\u00e3o assumir o controle da Faixa de Gaza. A declara\u00e7\u00e3o foi dada pelo republicano durante&hellip;<\/p>","protected":false},"author":1,"featured_media":99445,"comment_status":"closed","ping_status":"open","sticky":false,"template":"","format":"standard","meta":{"content-type":"","footnotes":""},"categories":[16],"tags":[123,2448,5313,1267],"class_list":["post-99444","post","type-post","status-publish","format-standard","has-post-thumbnail","hentry","category-noticias","tag-brasil","tag-diario","tag-noticia","tag-noticias"],"_links":{"self":[{"href":"https:\/\/tvbrazilusa.com\/pt\/wp-json\/wp\/v2\/posts\/99444","targetHints":{"allow":["GET"]}}],"collection":[{"href":"https:\/\/tvbrazilusa.com\/pt\/wp-json\/wp\/v2\/posts"}],"about":[{"href":"https:\/\/tvbrazilusa.com\/pt\/wp-json\/wp\/v2\/types\/post"}],"author":[{"embeddable":true,"href":"https:\/\/tvbrazilusa.com\/pt\/wp-json\/wp\/v2\/users\/1"}],"replies":[{"embeddable":true,"href":"https:\/\/tvbrazilusa.com\/pt\/wp-json\/wp\/v2\/comments?post=99444"}],"version-history":[{"count":1,"href":"https:\/\/tvbrazilusa.com\/pt\/wp-json\/wp\/v2\/posts\/99444\/revisions"}],"predecessor-version":[{"id":99446,"href":"https:\/\/tvbrazilusa.com\/pt\/wp-json\/wp\/v2\/posts\/99444\/revisions\/99446"}],"wp:featuredmedia":[{"embeddable":true,"href":"https:\/\/tvbrazilusa.com\/pt\/wp-json\/wp\/v2\/media\/99445"}],"wp:attachment":[{"href":"https:\/\/tvbrazilusa.com\/pt\/wp-json\/wp\/v2\/media?parent=99444"}],"wp:term":[{"taxonomy":"category","embeddable":true,"href":"https:\/\/tvbrazilusa.com\/pt\/wp-json\/wp\/v2\/categories?post=99444"},{"taxonomy":"post_tag","embeddable":true,"href":"https:\/\/tvbrazilusa.com\/pt\/wp-json\/wp\/v2\/tags?post=99444"}],"curies":[{"name":"wp","href":"https:\/\/api.w.org\/{rel}","templated":true}]}}