{"id":99470,"date":"2025-02-05T13:15:04","date_gmt":"2025-02-05T13:15:04","guid":{"rendered":"https:\/\/tvbrazilusa.com\/2025\/02\/05\/ministerio-publico-do-trabalho-abre-inquerito-contra-itau-e-magazine-luiza-por-irregularidades-na-contratacao-de-funcionarios\/"},"modified":"2025-02-05T13:15:06","modified_gmt":"2025-02-05T13:15:06","slug":"ministerio-publico-do-trabalho-abre-inquerito-contra-itau-e-magazine-luiza-por-irregularidades-na-contratacao-de-funcionarios","status":"publish","type":"post","link":"https:\/\/tvbrazilusa.com\/pt\/2025\/02\/05\/ministerio-publico-do-trabalho-abre-inquerito-contra-itau-e-magazine-luiza-por-irregularidades-na-contratacao-de-funcionarios\/","title":{"rendered":"Minist\u00e9rio P\u00fablico do Trabalho Abre Inqu\u00e9rito contra Ita\u00fa e Magazine Luiza por Irregularidades na Contrata\u00e7\u00e3o de Funcion\u00e1rios"},"content":{"rendered":"<p> <script async src=\"https:\/\/pagead2.googlesyndication.com\/pagead\/js\/adsbygoogle.js?client=ca-pub-8864793242727901\"\r\n     crossorigin=\"anonymous\"><\/script><br \/>\n<\/p>\n<div id=\"taboola-read-more\" style=\"display:block; width:100%\">\n<p>Por J\u00fanior Melo\n<\/p>\n<p>*S\u00e3o Paulo, 05 de fevereiro de 2025* &#8211; Em uma a\u00e7\u00e3o que promete repercutir no mercado financeiro e varejista do Brasil, o Minist\u00e9rio P\u00fablico do Trabalho (MPT) da 2\u00aa Regi\u00e3o, em S\u00e3o Paulo, anunciou a abertura de um inqu\u00e9rito civil contra o Ita\u00fa Unibanco S.A., a LuizaCred S.A. Sociedade de Cr\u00e9dito, Financiamento e Investimento, e a Magazine Luiza S.A. A investiga\u00e7\u00e3o, detalhada na Portaria N.\u00ba 277.2025, visa apurar poss\u00edveis irregularidades na terceiriza\u00e7\u00e3o de servi\u00e7os e na contrata\u00e7\u00e3o de funcion\u00e1rios.<\/p>\n<p>Segundo a portaria assinada pelo Procurador do Trabalho, Rodrigo Barbosa de Castilho, em 3 de fevereiro de 2025, o inqu\u00e9rito civil n\u00famero 000153.2025.02.000\/0 foi formalmente instaurado para investigar as pr\u00e1ticas trabalhistas das empresas envolvidas. A a\u00e7\u00e3o do MPT baseia-se em den\u00fancias e pe\u00e7as informativas que sugerem a exist\u00eancia de irregularidades na forma como os trabalhadores s\u00e3o contratados, especificamente no \u00e2mbito da parceria entre o Magazine Luiza e o Banco Ita\u00fa, que opera atrav\u00e9s da LuizaCred.\n<\/p>\n<p>O inqu\u00e9rito foca em:\n<\/p>\n<p>&#8211; *Irregularidades na terceiriza\u00e7\u00e3o de servi\u00e7os*, conforme descrito no tema 03.05.01.\n<\/p>\n<p>A investiga\u00e7\u00e3o ir\u00e1 explorar a extens\u00e3o dessas alega\u00e7\u00f5es, que incluem a contrata\u00e7\u00e3o de funcion\u00e1rios da LuizaCred como vendedores do Magazine Luiza, mas que, na pr\u00e1tica, prestam servi\u00e7os banc\u00e1rios, podendo assim n\u00e3o receber os direitos e benef\u00edcios correspondentes \u00e0 categoria de banc\u00e1rios ou financistas.\n<\/p>\n<p>O servidor Vander Fagundes de Almeida Junior foi designado como secret\u00e1rio para auxiliar no processo investigativo. A a\u00e7\u00e3o do MPT visa garantir que os direitos trabalhistas sejam respeitados, levando em considera\u00e7\u00e3o a prote\u00e7\u00e3o das rela\u00e7\u00f5es de trabalho conforme estabelecido na Constitui\u00e7\u00e3o da Rep\u00fablica e nas leis complementares.\n<\/p>\n<p>A abertura deste inqu\u00e9rito reflete uma preocupa\u00e7\u00e3o crescente com a conformidade legal e \u00e9tica das contrata\u00e7\u00f5es em grandes corpora\u00e7\u00f5es, especialmente em parcerias complexas entre bancos e varejistas. A investiga\u00e7\u00e3o pode resultar em a\u00e7\u00f5es judiciais se forem confirmadas as suspeitas de irregularidades, afetando potencialmente a reputa\u00e7\u00e3o e as opera\u00e7\u00f5es das empresas envolvidas.\n<\/p>\n<p>Tanto o Ita\u00fa Unibanco quanto o Magazine Luiza ainda n\u00e3o se pronunciaram oficialmente sobre o assunto, mas o mercado est\u00e1 atento \u00e0 possibilidade de que esta investiga\u00e7\u00e3o possa trazer mudan\u00e7as significativas nas pr\u00e1ticas de contrata\u00e7\u00e3o e terceiriza\u00e7\u00e3o no setor.\n<\/p>\n<p><a href=\"https:\/\/pdfupload.io\/docs\/bacc8245\">CONFIRA O DOCUMENTO AQUI<\/a>              <\/p>\n<\/div>\n<p><br \/>\n<br \/><a href=\"https:\/\/diariodobrasilnoticias.com.br\/noticia\/ministerio-publico-do-trabalho-abre-inquerito-contra-itau-e-magazine-luiza-por-irregularidades-na-contratacao-de-funcionarios-67a35dcec4511\">Source link <\/a><\/p>","protected":false},"excerpt":{"rendered":"<p>Por J\u00fanior Melo *S\u00e3o Paulo, 05 de fevereiro de 2025* &#8211; Em uma a\u00e7\u00e3o que promete repercutir no mercado financeiro e varejista do Brasil, o Minist\u00e9rio P\u00fablico do Trabalho (MPT)&hellip;<\/p>","protected":false},"author":1,"featured_media":99471,"comment_status":"closed","ping_status":"open","sticky":false,"template":"","format":"standard","meta":{"content-type":"","footnotes":""},"categories":[16],"tags":[123,2448,5313,1267],"class_list":["post-99470","post","type-post","status-publish","format-standard","has-post-thumbnail","hentry","category-noticias","tag-brasil","tag-diario","tag-noticia","tag-noticias"],"_links":{"self":[{"href":"https:\/\/tvbrazilusa.com\/pt\/wp-json\/wp\/v2\/posts\/99470","targetHints":{"allow":["GET"]}}],"collection":[{"href":"https:\/\/tvbrazilusa.com\/pt\/wp-json\/wp\/v2\/posts"}],"about":[{"href":"https:\/\/tvbrazilusa.com\/pt\/wp-json\/wp\/v2\/types\/post"}],"author":[{"embeddable":true,"href":"https:\/\/tvbrazilusa.com\/pt\/wp-json\/wp\/v2\/users\/1"}],"replies":[{"embeddable":true,"href":"https:\/\/tvbrazilusa.com\/pt\/wp-json\/wp\/v2\/comments?post=99470"}],"version-history":[{"count":1,"href":"https:\/\/tvbrazilusa.com\/pt\/wp-json\/wp\/v2\/posts\/99470\/revisions"}],"predecessor-version":[{"id":99472,"href":"https:\/\/tvbrazilusa.com\/pt\/wp-json\/wp\/v2\/posts\/99470\/revisions\/99472"}],"wp:featuredmedia":[{"embeddable":true,"href":"https:\/\/tvbrazilusa.com\/pt\/wp-json\/wp\/v2\/media\/99471"}],"wp:attachment":[{"href":"https:\/\/tvbrazilusa.com\/pt\/wp-json\/wp\/v2\/media?parent=99470"}],"wp:term":[{"taxonomy":"category","embeddable":true,"href":"https:\/\/tvbrazilusa.com\/pt\/wp-json\/wp\/v2\/categories?post=99470"},{"taxonomy":"post_tag","embeddable":true,"href":"https:\/\/tvbrazilusa.com\/pt\/wp-json\/wp\/v2\/tags?post=99470"}],"curies":[{"name":"wp","href":"https:\/\/api.w.org\/{rel}","templated":true}]}}