{"id":99475,"date":"2025-02-05T13:34:06","date_gmt":"2025-02-05T13:34:06","guid":{"rendered":"https:\/\/tvbrazilusa.com\/2025\/02\/05\/ministro-barroso-leva-checada-no-x\/"},"modified":"2025-02-05T13:34:07","modified_gmt":"2025-02-05T13:34:07","slug":"ministro-barroso-leva-checada-no-x","status":"publish","type":"post","link":"https:\/\/tvbrazilusa.com\/pt\/2025\/02\/05\/ministro-barroso-leva-checada-no-x\/","title":{"rendered":"Ministro Barroso leva checada no X"},"content":{"rendered":"<p> <script async src=\"https:\/\/pagead2.googlesyndication.com\/pagead\/js\/adsbygoogle.js?client=ca-pub-8864793242727901\"\r\n     crossorigin=\"anonymous\"><\/script><br \/>\n<\/p>\n<div id=\"taboola-read-more\" style=\"display:block; width:100%\">\n<p>Embora o presidente do Supremo Tribunal Federal, Lu\u00eds Roberto Barroso, n\u00e3o seja t\u00e3o ativo X \u2013a \u00faltima publica\u00e7\u00e3o que fez data de 13 de janeiro de 2025, quando compartilhou seu artigo no Estad\u00e3o\u2013, a comunidade da plataforma adicionou uma nota de contexto a um trecho de seu discurso na abertura do ano do Judici\u00e1rio reproduzido pela Globonews.\n<\/p>\n<p>No trecho destacado, Barroso afirmou que o custo de 132,8 bilh\u00f5es de reais do Judici\u00e1rio ao pa\u00eds \u201cinclui o Minist\u00e9rio P\u00fablico e a Defensoria P\u00fablica\u201d.<\/p>\n<p>\u201cO custo do Judici\u00e1rio \u00e9 lembrado com frequ\u00eancia, e o Judici\u00e1rio de fato tem um custo relevante. Custamos 132,8 bilh\u00f5es de reais ao pa\u00eds, 1,2% do PIB (\u2026), mas esse custo inclui o Minist\u00e9rio P\u00fablico e a Defensoria P\u00fablica. (\u2026) O valor arrecadado pelo Judici\u00e1rio em 2024 foi de 56,74 bilh\u00f5es de reais, ou seja, 52% do custo do Judici\u00e1rio \u00e9 arrecado pelo pr\u00f3prio Judici\u00e1rio. (\u2026) A Uni\u00e3o, os estados e os munic\u00edpios n\u00e3o pagam pelo uso do Judici\u00e1rio, (\u2026) e 50% dos processos de um pa\u00eds ainda pobre tramitam em gratuidade de Justi\u00e7a. Portanto, na verdade, o Judici\u00e1rio brasileiro subsidia a atua\u00e7\u00e3o judicial da Fazenda p\u00fablica e de todas as pessoas pobres brasileiras\u201d, disse o presidente do STF.\n<\/p>\n<p><strong>Nota da comunidade<\/strong><br \/>Citando dados do Painel de Despesas do Conselho Nacional de Justi\u00e7a (CNJ), a comunidade do X afirmou que \u201co valor de 132,8 bilh\u00f5es de reais refere-se apenas \u00e0s despesas do Poder Judici\u00e1rio no ano de 2023, n\u00e3o englobando as despesas dos minist\u00e9rios p\u00fablicos e das defensorias p\u00fablicas\u201d.\n<\/p>\n<p>As notas da comunidade do X visam \u201cadicionar contexto a posts potencialmente enganosos. Os colaboradores podem deixar notas em qualquer post e, se um n\u00famero suficiente de colaboradores com diferentes pontos de vista classificar essa nota como \u00fatil, ela ser\u00e1 exibida publicamente no post\u201d.\n<\/p>\n<p><strong>Quanto custa o Judici\u00e1rio?<\/strong><br \/>Dados do Conselho Nacional de Justi\u00e7a (CNJ) mostram que o custo do Judici\u00e1rio cresceu 9% em 2023, ano-base do relat\u00f3rio Justi\u00e7a em N\u00fameros 2024.\n<\/p>\n<p>O gasto do Poder chefiado por Barroso subiu de 121,77 bilh\u00f5es de reais para 132,75 bilh\u00f5es de reais.<\/p>\n<p>Fonte: O antagonista              <\/p>\n<\/div>\n<p><br \/>\n<br \/><a href=\"https:\/\/diariodobrasilnoticias.com.br\/noticia\/ministro-barroso-leva-checada-no-x-67a362eee637d\">Source link <\/a><\/p>","protected":false},"excerpt":{"rendered":"<p>Embora o presidente do Supremo Tribunal Federal, Lu\u00eds Roberto Barroso, n\u00e3o seja t\u00e3o ativo X \u2013a \u00faltima publica\u00e7\u00e3o que fez data de 13 de janeiro de 2025, quando compartilhou seu&hellip;<\/p>","protected":false},"author":1,"featured_media":99476,"comment_status":"closed","ping_status":"open","sticky":false,"template":"","format":"standard","meta":{"content-type":"","footnotes":""},"categories":[16],"tags":[123,2448,5313,1267],"class_list":["post-99475","post","type-post","status-publish","format-standard","has-post-thumbnail","hentry","category-noticias","tag-brasil","tag-diario","tag-noticia","tag-noticias"],"_links":{"self":[{"href":"https:\/\/tvbrazilusa.com\/pt\/wp-json\/wp\/v2\/posts\/99475","targetHints":{"allow":["GET"]}}],"collection":[{"href":"https:\/\/tvbrazilusa.com\/pt\/wp-json\/wp\/v2\/posts"}],"about":[{"href":"https:\/\/tvbrazilusa.com\/pt\/wp-json\/wp\/v2\/types\/post"}],"author":[{"embeddable":true,"href":"https:\/\/tvbrazilusa.com\/pt\/wp-json\/wp\/v2\/users\/1"}],"replies":[{"embeddable":true,"href":"https:\/\/tvbrazilusa.com\/pt\/wp-json\/wp\/v2\/comments?post=99475"}],"version-history":[{"count":1,"href":"https:\/\/tvbrazilusa.com\/pt\/wp-json\/wp\/v2\/posts\/99475\/revisions"}],"predecessor-version":[{"id":99477,"href":"https:\/\/tvbrazilusa.com\/pt\/wp-json\/wp\/v2\/posts\/99475\/revisions\/99477"}],"wp:featuredmedia":[{"embeddable":true,"href":"https:\/\/tvbrazilusa.com\/pt\/wp-json\/wp\/v2\/media\/99476"}],"wp:attachment":[{"href":"https:\/\/tvbrazilusa.com\/pt\/wp-json\/wp\/v2\/media?parent=99475"}],"wp:term":[{"taxonomy":"category","embeddable":true,"href":"https:\/\/tvbrazilusa.com\/pt\/wp-json\/wp\/v2\/categories?post=99475"},{"taxonomy":"post_tag","embeddable":true,"href":"https:\/\/tvbrazilusa.com\/pt\/wp-json\/wp\/v2\/tags?post=99475"}],"curies":[{"name":"wp","href":"https:\/\/api.w.org\/{rel}","templated":true}]}}