{"id":99506,"date":"2025-02-05T15:09:37","date_gmt":"2025-02-05T15:09:37","guid":{"rendered":"https:\/\/tvbrazilusa.com\/2025\/02\/05\/homem-se-finge-de-morto-e-escapa-da-morte-veja-video\/"},"modified":"2025-02-05T15:09:39","modified_gmt":"2025-02-05T15:09:39","slug":"homem-se-finge-de-morto-e-escapa-da-morte-veja-video","status":"publish","type":"post","link":"https:\/\/tvbrazilusa.com\/pt\/2025\/02\/05\/homem-se-finge-de-morto-e-escapa-da-morte-veja-video\/","title":{"rendered":"Homem se finge de morto e escapa da morte; VEJA V\u00cdDEO"},"content":{"rendered":"<p> <script async src=\"https:\/\/pagead2.googlesyndication.com\/pagead\/js\/adsbygoogle.js?client=ca-pub-8864793242727901\"\r\n     crossorigin=\"anonymous\"><\/script><br \/>\n<\/p>\n<div id=\"taboola-read-more\" style=\"display:block; width:100%\">\n<p>Pol\u00edcia Civil do Maranh\u00e3o (PC-MA) investiga uma tentativa de homic\u00eddio ocorrida na noite da \u00faltima sexta-feira (31), em Santa In\u00eas, a 248 km de S\u00e3o Lu\u00eds.<\/p>\n<p>Imagens de c\u00e2meras de seguran\u00e7a registraram o momento em que um carro parou em frente a uma resid\u00eancia, onde tr\u00eas pessoas conversavam, e disparou quatro tiros em sua dire\u00e7\u00e3o. Durante o tiroteio, um dos homens, que estava em uma moto, se jogou ao ch\u00e3o e se fingiu de morto para escapar ileso.<\/p>\n<p>Ap\u00f3s o ataque, os criminosos fugiram em alta velocidade. Felizmente, ningu\u00e9m foi ferido, e, at\u00e9 o momento, a pol\u00edcia n\u00e3o identificou o alvo dos disparos. As investiga\u00e7\u00f5es seguem para localizar e prender os respons\u00e1veis pelo crime.\n<\/p>\n<p>ASSISTA:<\/p>\n<p>Fonte: @luizbacci              <\/p>\n<\/div>\n<p><br \/>\n<br \/><a href=\"https:\/\/diariodobrasilnoticias.com.br\/noticia\/homem-se-finge-de-morto-e-escapa-da-morte-veja-video-67a3643dc9887\">Source link <\/a><\/p>","protected":false},"excerpt":{"rendered":"<p>Pol\u00edcia Civil do Maranh\u00e3o (PC-MA) investiga uma tentativa de homic\u00eddio ocorrida na noite da \u00faltima sexta-feira (31), em Santa In\u00eas, a 248 km de S\u00e3o Lu\u00eds. Imagens de c\u00e2meras de&hellip;<\/p>","protected":false},"author":1,"featured_media":99507,"comment_status":"closed","ping_status":"open","sticky":false,"template":"","format":"standard","meta":{"content-type":"","footnotes":""},"categories":[16],"tags":[123,2448,5313,1267],"class_list":["post-99506","post","type-post","status-publish","format-standard","has-post-thumbnail","hentry","category-noticias","tag-brasil","tag-diario","tag-noticia","tag-noticias"],"_links":{"self":[{"href":"https:\/\/tvbrazilusa.com\/pt\/wp-json\/wp\/v2\/posts\/99506","targetHints":{"allow":["GET"]}}],"collection":[{"href":"https:\/\/tvbrazilusa.com\/pt\/wp-json\/wp\/v2\/posts"}],"about":[{"href":"https:\/\/tvbrazilusa.com\/pt\/wp-json\/wp\/v2\/types\/post"}],"author":[{"embeddable":true,"href":"https:\/\/tvbrazilusa.com\/pt\/wp-json\/wp\/v2\/users\/1"}],"replies":[{"embeddable":true,"href":"https:\/\/tvbrazilusa.com\/pt\/wp-json\/wp\/v2\/comments?post=99506"}],"version-history":[{"count":1,"href":"https:\/\/tvbrazilusa.com\/pt\/wp-json\/wp\/v2\/posts\/99506\/revisions"}],"predecessor-version":[{"id":99508,"href":"https:\/\/tvbrazilusa.com\/pt\/wp-json\/wp\/v2\/posts\/99506\/revisions\/99508"}],"wp:featuredmedia":[{"embeddable":true,"href":"https:\/\/tvbrazilusa.com\/pt\/wp-json\/wp\/v2\/media\/99507"}],"wp:attachment":[{"href":"https:\/\/tvbrazilusa.com\/pt\/wp-json\/wp\/v2\/media?parent=99506"}],"wp:term":[{"taxonomy":"category","embeddable":true,"href":"https:\/\/tvbrazilusa.com\/pt\/wp-json\/wp\/v2\/categories?post=99506"},{"taxonomy":"post_tag","embeddable":true,"href":"https:\/\/tvbrazilusa.com\/pt\/wp-json\/wp\/v2\/tags?post=99506"}],"curies":[{"name":"wp","href":"https:\/\/api.w.org\/{rel}","templated":true}]}}