{"id":99509,"date":"2025-02-05T15:23:29","date_gmt":"2025-02-05T15:23:29","guid":{"rendered":"https:\/\/tvbrazilusa.com\/2025\/02\/05\/jovem-stalker-e-presa-por-perseguir-dentista-e-namorada-dele\/"},"modified":"2025-02-05T15:23:31","modified_gmt":"2025-02-05T15:23:31","slug":"jovem-stalker-e-presa-por-perseguir-dentista-e-namorada-dele","status":"publish","type":"post","link":"https:\/\/tvbrazilusa.com\/pt\/2025\/02\/05\/jovem-stalker-e-presa-por-perseguir-dentista-e-namorada-dele\/","title":{"rendered":"Jovem stalker \u00e9 presa por perseguir dentista e namorada dele"},"content":{"rendered":"<p> <script async src=\"https:\/\/pagead2.googlesyndication.com\/pagead\/js\/adsbygoogle.js?client=ca-pub-8864793242727901\"\r\n     crossorigin=\"anonymous\"><\/script><br \/>\n<\/p>\n<div id=\"taboola-read-more\" style=\"display:block; width:100%\">\n<p>Uma jovem de 24 anos foi presa em Itaja\u00ed depois de se tornar uma \u201cstalker\u201d do pr\u00f3prio dentista, que atua em Itapema, Santa Catarina. Ela passou a persegui-lo e, quando soube que o homem estava namorando, come\u00e7ou a amea\u00e7ar a companheira dele.<\/p>\n<p>O drama do profissional come\u00e7ou em 2019, contou a Pol\u00edcia Civil. \u00c0 \u00e9poca, a paciente fez um tratamento com ele. Desde ent\u00e3o iniciou a persegui\u00e7\u00e3o, que se intensificou nos \u00faltimos meses, momento em que ele pediu ajuda \u00e0 pol\u00edcia.<\/p>\n<p>Diante das evid\u00eancias, a Justi\u00e7a determinou algumas medidas cautelares, como proibi\u00e7\u00e3o de contato, aproxima\u00e7\u00e3o ou men\u00e7\u00e3o \u00e0 v\u00edtima. N\u00e3o adiantou.<\/p>\n<p>A stalker n\u00e3o s\u00f3 n\u00e3o parou de seguir o dentista em todos os lugares, desde o trabalho at\u00e9 locais de lazer, como restaurantes, como incluiu a namorada dele no crime. A suspeita mandava mensagens ofensivas e amea\u00e7as \u00e0 companheira do homem usando o celular de outras pessoas e contas falsas de e-mail.<\/p>\n<p>Com o pesadelo s\u00f3 piorando para o casal, a Justi\u00e7a autorizou a pris\u00e3o da stalker. Ela foi detida no Morro do Matadouro, em Itaja\u00ed, na segunda-feira (3), e deve responder pelos crimes de persegui\u00e7\u00e3o (stalking), inj\u00faria e amea\u00e7a.<\/p>\n<p>O crime de persegui\u00e7\u00e3o passou a ter previs\u00e3o no art.147- A do C\u00f3digo Penal em 2021. \u201cA palavra \u201cstalking\u201d em ingl\u00eas \u00e9 utilizada na pr\u00e1tica da ca\u00e7a. Por isso, esse crime \u00e9 caracterizado pela inten\u00e7\u00e3o de perseguir uma pessoa de maneira constante e independente do meio, com amea\u00e7a \u00e0 integridade f\u00edsica ou psicol\u00f3gica, limitando sua capacidade de se deslocar ou, de qualquer forma, invadindo ou perturbando a esfera de liberdade ou privacidade\u201d, explicou a advogada Let\u00edcia Peres.<\/p>\n<p>Fonte: Metr\u00f3poles<\/p>\n<\/p><\/div>\n<p><br \/>\n<br \/><a href=\"https:\/\/diariodobrasilnoticias.com.br\/noticia\/jovem-stalker-e-presa-por-perseguir-dentista-e-namorada-dele-67a36d1d15e41\">Source link <\/a><\/p>","protected":false},"excerpt":{"rendered":"<p>Uma jovem de 24 anos foi presa em Itaja\u00ed depois de se tornar uma \u201cstalker\u201d do pr\u00f3prio dentista, que atua em Itapema, Santa Catarina. Ela passou a persegui-lo e, quando&hellip;<\/p>","protected":false},"author":1,"featured_media":99510,"comment_status":"closed","ping_status":"open","sticky":false,"template":"","format":"standard","meta":{"content-type":"","footnotes":""},"categories":[16],"tags":[123,2448,5313,1267],"class_list":["post-99509","post","type-post","status-publish","format-standard","has-post-thumbnail","hentry","category-noticias","tag-brasil","tag-diario","tag-noticia","tag-noticias"],"_links":{"self":[{"href":"https:\/\/tvbrazilusa.com\/pt\/wp-json\/wp\/v2\/posts\/99509","targetHints":{"allow":["GET"]}}],"collection":[{"href":"https:\/\/tvbrazilusa.com\/pt\/wp-json\/wp\/v2\/posts"}],"about":[{"href":"https:\/\/tvbrazilusa.com\/pt\/wp-json\/wp\/v2\/types\/post"}],"author":[{"embeddable":true,"href":"https:\/\/tvbrazilusa.com\/pt\/wp-json\/wp\/v2\/users\/1"}],"replies":[{"embeddable":true,"href":"https:\/\/tvbrazilusa.com\/pt\/wp-json\/wp\/v2\/comments?post=99509"}],"version-history":[{"count":1,"href":"https:\/\/tvbrazilusa.com\/pt\/wp-json\/wp\/v2\/posts\/99509\/revisions"}],"predecessor-version":[{"id":99511,"href":"https:\/\/tvbrazilusa.com\/pt\/wp-json\/wp\/v2\/posts\/99509\/revisions\/99511"}],"wp:featuredmedia":[{"embeddable":true,"href":"https:\/\/tvbrazilusa.com\/pt\/wp-json\/wp\/v2\/media\/99510"}],"wp:attachment":[{"href":"https:\/\/tvbrazilusa.com\/pt\/wp-json\/wp\/v2\/media?parent=99509"}],"wp:term":[{"taxonomy":"category","embeddable":true,"href":"https:\/\/tvbrazilusa.com\/pt\/wp-json\/wp\/v2\/categories?post=99509"},{"taxonomy":"post_tag","embeddable":true,"href":"https:\/\/tvbrazilusa.com\/pt\/wp-json\/wp\/v2\/tags?post=99509"}],"curies":[{"name":"wp","href":"https:\/\/api.w.org\/{rel}","templated":true}]}}