{"id":99512,"date":"2025-02-05T15:35:56","date_gmt":"2025-02-05T15:35:56","guid":{"rendered":"https:\/\/tvbrazilusa.com\/2025\/02\/05\/funcionario-morre-em-mina-da-anglo-american-apos-cair-de-andaime\/"},"modified":"2025-02-05T15:35:58","modified_gmt":"2025-02-05T15:35:58","slug":"funcionario-morre-em-mina-da-anglo-american-apos-cair-de-andaime","status":"publish","type":"post","link":"https:\/\/tvbrazilusa.com\/pt\/2025\/02\/05\/funcionario-morre-em-mina-da-anglo-american-apos-cair-de-andaime\/","title":{"rendered":"Funcion\u00e1rio morre em Mina da Anglo American ap\u00f3s cair de andaime"},"content":{"rendered":"<p> <script async src=\"https:\/\/pagead2.googlesyndication.com\/pagead\/js\/adsbygoogle.js?client=ca-pub-8864793242727901\"\r\n     crossorigin=\"anonymous\"><\/script><br \/>\n<\/p>\n<div id=\"taboola-read-more\" style=\"display:block; width:100%\">\n<p class=\"dark:base-text-neutral-high-400 base-text-[calc(theme(fontSize.xs)_*_var(--font-size,_1))] base-font-normal base-font-primary base-text-neutral-low-500 base-text-left\"><span class=\"b-article-body__text\">Funcion\u00e1rio terceirizado na mina de Concei\u00e7\u00e3o do Mato Dentro, na regi\u00e3o Central de Minas Gerais, a 164,2 quil\u00f4metros de Belo Horizonte, morreu no fim da manh\u00e3 desta (4), depois de cair de um andaime. O oper\u00e1rio era funcion\u00e1rio da MIP Engenharia e trabalhava na planta de filtragem de rejeitos do projeto Minas-Rio.<\/span>\n<\/p>\n<p class=\"dark:base-text-neutral-high-400 base-text-[calc(theme(fontSize.xs)_*_var(--font-size,_1))] base-font-normal base-font-primary base-text-neutral-low-500 base-text-left\"><span class=\"b-article-body__text\">Colegas da v\u00edtima contam que o trabalhador foi atendido no local pela equipe de socorro da pr\u00f3pria empresa que constatou a morte.<\/span><\/p>\n<p class=\"dark:base-text-neutral-high-400 base-text-[calc(theme(fontSize.xs)_*_var(--font-size,_1))] base-font-normal base-font-primary base-text-neutral-low-500 base-text-left\"><span class=\"b-article-body__text\">A Prefeitura de Concei\u00e7\u00e3o do Mato Dentro, que acompanha a situa\u00e7\u00e3o na mineradora, informa que a empresa possui um servi\u00e7o de emerg\u00eancia pr\u00f3prio que atendeu \u00e0s ocorr\u00eancias, e por esse motivo, o Servi\u00e7o de Atendimento M\u00f3vel de Urg\u00eancia (Samu) e o Corpo de Bombeiros n\u00e3o foram chamados.<\/span>\n<\/p>\n<p class=\"dark:base-text-neutral-high-400 base-text-[calc(theme(fontSize.xs)_*_var(--font-size,_1))] base-font-normal base-font-primary base-text-neutral-low-500 base-text-left\"><span class=\"b-article-body__text\">Al\u00e9m da morte do oper\u00e1rio que sofreu a queda, um outro trabalhador passou mal nessa noite de segunda-feira (3) enquanto trabalhava na mina. Funcion\u00e1rios disseram que o homem sofreu um mal s\u00fabito na empresa, mas ele foi atendido no local e depois encaminhado ao Pronto-Atendimento da cidade.<\/span>\n<\/p>\n<p class=\"dark:base-text-neutral-high-400 base-text-[calc(theme(fontSize.xs)_*_var(--font-size,_1))] base-font-normal base-font-primary base-text-neutral-low-500 base-text-left\"><span class=\"b-article-body__text\">Em respeito \u00e0 v\u00edtima morta e para a investiga\u00e7\u00e3o do ocorrido, as opera\u00e7\u00f5es da empresa foram temporariamente suspensas nesta ter\u00e7a. Equipes foram dispensadas do turno, enquanto a mineradora e a empresa terceirizada lidam com a situa\u00e7\u00e3o.<\/span>\n<\/p>\n<p class=\"dark:base-text-neutral-high-400 base-text-[calc(theme(fontSize.xs)_*_var(--font-size,_1))] base-font-normal base-font-primary base-text-neutral-low-500 base-text-left\"><span class=\"b-article-body__text\">A Anglo American emitiu uma nota oficial, expressando profunda tristeza pelos falecimentos e confirmando a paralisa\u00e7\u00e3o das atividades para apura\u00e7\u00e3o das causas dos acidentes. A empresa destacou que est\u00e1 colaborando com as autoridades locais e que, junto \u00e0 MIP Engenharia, est\u00e1 prestando todo o suporte necess\u00e1rio \u00e0s fam\u00edlias dos profissionais falecidos.<\/span>\n<\/p>\n<p class=\"dark:base-text-neutral-high-400 base-text-[calc(theme(fontSize.xs)_*_var(--font-size,_1))] base-font-normal base-font-primary base-text-neutral-low-500 base-text-left\"><span class=\"b-article-body__text\">A Prefeitura de Concei\u00e7\u00e3o do Mato Dentro tamb\u00e9m se manifestou sobre o ocorrido: \u201cA perda de um trabalhador \u00e9 irrepar\u00e1vel, e \u00e9 com grande consterna\u00e7\u00e3o que nos solidarizamos com todos os que foram impactados por essa trag\u00e9dia. Reiteramos nosso compromisso com a seguran\u00e7a no trabalho e com o esclarecimento dos fatos que levaram a essa lament\u00e1vel ocorr\u00eancia.\u201d. O \u00f3rg\u00e3o disse ainda que ir\u00e1 colaborar com as investiga\u00e7\u00f5es e garantir que sejam tomadas as medidas necess\u00e1rias.<\/span>\n<\/p>\n<p class=\"dark:base-text-neutral-high-400 base-text-[calc(theme(fontSize.xs)_*_var(--font-size,_1))] base-font-normal base-font-primary base-text-neutral-low-500 base-text-left\">\u00a0\n<\/p>\n<p class=\"dark:base-text-neutral-high-400 base-text-[calc(theme(fontSize.xs)_*_var(--font-size,_1))] base-font-normal base-font-primary base-text-neutral-low-500 base-text-left\"><span class=\"b-article-body__text\">Fonte: R7<\/span>              <\/p>\n<\/div>\n<p><br \/>\n<br \/><a href=\"https:\/\/diariodobrasilnoticias.com.br\/noticia\/funcionario-morre-em-mina-da-anglo-american-apos-cair-de-andaime-67a372dc0366f\">Source link <\/a><\/p>","protected":false},"excerpt":{"rendered":"<p>Funcion\u00e1rio terceirizado na mina de Concei\u00e7\u00e3o do Mato Dentro, na regi\u00e3o Central de Minas Gerais, a 164,2 quil\u00f4metros de Belo Horizonte, morreu no fim da manh\u00e3 desta (4), depois de&hellip;<\/p>","protected":false},"author":1,"featured_media":99513,"comment_status":"closed","ping_status":"open","sticky":false,"template":"","format":"standard","meta":{"content-type":"","footnotes":""},"categories":[16],"tags":[123,2448,5313,1267],"class_list":["post-99512","post","type-post","status-publish","format-standard","has-post-thumbnail","hentry","category-noticias","tag-brasil","tag-diario","tag-noticia","tag-noticias"],"_links":{"self":[{"href":"https:\/\/tvbrazilusa.com\/pt\/wp-json\/wp\/v2\/posts\/99512","targetHints":{"allow":["GET"]}}],"collection":[{"href":"https:\/\/tvbrazilusa.com\/pt\/wp-json\/wp\/v2\/posts"}],"about":[{"href":"https:\/\/tvbrazilusa.com\/pt\/wp-json\/wp\/v2\/types\/post"}],"author":[{"embeddable":true,"href":"https:\/\/tvbrazilusa.com\/pt\/wp-json\/wp\/v2\/users\/1"}],"replies":[{"embeddable":true,"href":"https:\/\/tvbrazilusa.com\/pt\/wp-json\/wp\/v2\/comments?post=99512"}],"version-history":[{"count":1,"href":"https:\/\/tvbrazilusa.com\/pt\/wp-json\/wp\/v2\/posts\/99512\/revisions"}],"predecessor-version":[{"id":99514,"href":"https:\/\/tvbrazilusa.com\/pt\/wp-json\/wp\/v2\/posts\/99512\/revisions\/99514"}],"wp:featuredmedia":[{"embeddable":true,"href":"https:\/\/tvbrazilusa.com\/pt\/wp-json\/wp\/v2\/media\/99513"}],"wp:attachment":[{"href":"https:\/\/tvbrazilusa.com\/pt\/wp-json\/wp\/v2\/media?parent=99512"}],"wp:term":[{"taxonomy":"category","embeddable":true,"href":"https:\/\/tvbrazilusa.com\/pt\/wp-json\/wp\/v2\/categories?post=99512"},{"taxonomy":"post_tag","embeddable":true,"href":"https:\/\/tvbrazilusa.com\/pt\/wp-json\/wp\/v2\/tags?post=99512"}],"curies":[{"name":"wp","href":"https:\/\/api.w.org\/{rel}","templated":true}]}}