{"id":99518,"date":"2025-02-05T15:52:52","date_gmt":"2025-02-05T15:52:52","guid":{"rendered":"https:\/\/tvbrazilusa.com\/2025\/02\/05\/mae-se-muda-para-o-paraguai-para-encontrar-o-filho-perdido-no-pais-nao-encontrar-pistas-me-desespera\/"},"modified":"2025-02-05T15:52:55","modified_gmt":"2025-02-05T15:52:55","slug":"mae-se-muda-para-o-paraguai-para-encontrar-o-filho-perdido-no-pais-nao-encontrar-pistas-me-desespera","status":"publish","type":"post","link":"https:\/\/tvbrazilusa.com\/pt\/2025\/02\/05\/mae-se-muda-para-o-paraguai-para-encontrar-o-filho-perdido-no-pais-nao-encontrar-pistas-me-desespera\/","title":{"rendered":"M\u00e3e se muda para o Paraguai para encontrar o filho perdido no pa\u00eds: &#8216;N\u00e3o encontrar pistas me desespera&#8217;"},"content":{"rendered":"<p> <script async src=\"https:\/\/pagead2.googlesyndication.com\/pagead\/js\/adsbygoogle.js?client=ca-pub-8864793242727901\"\r\n     crossorigin=\"anonymous\"><\/script><br \/>\n<\/p>\n<div id=\"taboola-read-more\" style=\"display:block; width:100%\">\n<p>O dia 4 de outubro de 2022 mudou completamente a vida da paranaense Isabel Streski. Foi nessa data, h\u00e1 dois anos e quatro meses, que o filho dela, Antonio Augusto Streski Manjinski, desapareceu no Paraguai, onde estudava medicina.\n<\/p>\n<p>Sem ter respostas da pol\u00edcia sobre o paradeiro do jovem, cujo sumi\u00e7o n\u00e3o deixou pistas, a mulher decidiu fazer a pr\u00f3pria investiga\u00e7\u00e3o e mudou para o pa\u00eds vizinho \u2014 onde mora at\u00e9 hoje.<\/p>\n<p>Al\u00e9m de se dedicar a encontrar o pr\u00f3prio filho, ela usa a experi\u00eancia que vem adquirindo nas buscas para ajudar pessoas que passam por situa\u00e7\u00f5es semelhantes.\n<\/p>\n<p>Ao g1, Isabel contou ter criado uma associa\u00e7\u00e3o para fam\u00edlias de desaparecidos e disse que j\u00e1 auxiliou a encontrar 83 pessoas \u2014 enquanto continua buscando pelo filho.\n<\/p>\n<p>&#8220;Isso \u00e9 o que mais me desconsola, porque eu consigo encontrar tanta gente, e peguei uma experi\u00eancia t\u00e3o grande [&#8230;] E n\u00e3o encontrar uma pista que seja em rela\u00e7\u00e3o ao Antonio Augusto, isso me desespera&#8221;, afirma a mulher.\n<\/p>\n<p>Antonio Augusto \u00e9 natural de Ponta Grossa, cidade dos Campos Gerais do Paran\u00e1, e tinha 25 anos quando sumiu na cidade de Mariano Roque Alonso, na regi\u00e3o metropolitana da capital Assun\u00e7\u00e3o, onde morava. Ele estava no \u00faltimo ano de gradua\u00e7\u00e3o na Universidad Mar\u00eda Auxiliadora (Umax) e residia no pa\u00eds desde 2016. Relembre detalhes mais abaixo.\n<\/p>\n<p>\u00c0 \u00e9poca, Isabel reportou o caso ao Minist\u00e9rio das Rela\u00e7\u00f5es Exteriores, o Itamaraty. Ela acredita que o filho foi alvo de um crime, mas as investiga\u00e7\u00f5es \u2014 tanto dela, quanto da pol\u00edcia \u2014 nunca chegaram a nenhum suspeito ou ind\u00edcio concreto do que pode ter acontecido com o jovem.\n<\/p>\n<p>&#8220;S\u00e3o algumas hip\u00f3teses que eu levanto, que n\u00e3o podemos muito tocar no assunto sem ter provas. [&#8230;] Mas eu n\u00e3o vou desistir, vou encontrar meu filho da forma que for. Ele foi esperado, ele foi sonhado, ele foi desejado. [&#8230;] Ent\u00e3o eu n\u00e3o vou abandon\u00e1-lo; seja da forma que for, eu vou encontr\u00e1-lo&#8221;, afirma Isabel.\n<\/p>\n<p><strong>O que dizem as autoridades<\/strong><br \/>Segundo o Itamaraty, em casos de desaparecimento de cidad\u00e3os brasileiros no exterior, cabe aos consulados &#8220;apoiar familiares e representantes jur\u00eddicos na busca por informa\u00e7\u00f5es que ajudem na elucida\u00e7\u00e3o dos fatos e na localiza\u00e7\u00e3o do desaparecido, respeitando-se as normas locais&#8221;.\n<\/p>\n<p>&#8220;As reparti\u00e7\u00f5es consulares n\u00e3o contam com poder investigativo ou de pol\u00edcia. Familiares podem entrar em contato diretamente com o plant\u00e3o consular da reparti\u00e7\u00e3o consular respons\u00e1vel pela regi\u00e3o do desaparecimento, ou com o plant\u00e3o consular em Bras\u00edlia, pelo telefone +55 (61) 98260-0610&#8221;, orienta o \u00f3rg\u00e3o governamental.\n<\/p>\n<p><strong>Veja onde obter atendimento consular no exterior<\/strong><br \/>No caso de Antonio Augusto Streski Manjinski, quatro dias ap\u00f3s o desaparecimento o Minist\u00e9rio P\u00fablico do Paraguai divulgou um cartaz com um alerta de buscas, pedindo apoio de den\u00fancias sobre o paradeiro do jovem.\n<\/p>\n<p>No comunicado, o \u00f3rg\u00e3o tamb\u00e9m disse que comunicou a Pol\u00edcia Nacional do pa\u00eds, pedindo por investiga\u00e7\u00f5es. Veja abaixo:\n<\/p>\n<\/p>\n<p>Isabel Streski afirma que desde que o filho dela desapareceu, ela entrou em contato com o Itamaraty, pedindo apoio do governo brasileiro nas investiga\u00e7\u00f5es.\n<\/p>\n<p>&#8220;Na \u00e9poca eles me respondiam, mas depois pararam. Isso dificultou bastante, pois n\u00e3o tivemos nenhuma ajuda do governo brasileiro&#8221;, frisa.\n<\/p>\n<p>Ela tamb\u00e9m diz que oficializou ao Itamaraty um pedido de envolvimento da Pol\u00edcia Federal (PF) e da Pol\u00edcia Civil do Paran\u00e1 \u2014 esta, por meio do Grupo Tigre (T\u00e1tico Integrado de Grupos de Repress\u00e3o Especial), que \u00e9 especializado em situa\u00e7\u00f5es em que h\u00e1 a figura de ref\u00e9m, como sequestro, roubo, c\u00e1rcere privado e viola\u00e7\u00e3o de domic\u00edlio, por exemplo.\n<\/p>\n<p>Ao g1, a Pol\u00edcia Civil do Paran\u00e1 explicou que, por se tratar de um caso internacional, s\u00f3 pode se envolver nas investiga\u00e7\u00f5es se a PF ou o Itamaraty pedirem apoio. Destacou, ainda, que n\u00e3o foi notificada sobre o caso de Antonio Augusto.\n<\/p>\n<p>O g1 questionou o Itamaraty se o Governo Federal pediu envolvimento das pol\u00edcias brasileiras no caso, mas n\u00e3o obteve resposta at\u00e9 a publica\u00e7\u00e3o desta reportagem.\n<\/p>\n<p>Em nota, o \u00f3rg\u00e3o disse que &#8220;acompanha o caso e presta assist\u00eancia consular aos familiares do desaparecido&#8221; e afirmou n\u00e3o poder passar informa\u00e7\u00f5es detalhadas sobre casos individuais por regras de privacidade.\n<\/p>\n<p>O g1 tamb\u00e9m questionou a PF sobre o caso, al\u00e9m de contatar a Pol\u00edcia Nacional e o Minist\u00e9rio P\u00fablico do Paraguai sobre o andamento das investiga\u00e7\u00f5es, mas n\u00e3o obteve resposta de nenhuma das institui\u00e7\u00f5es.\n<\/p>\n<p>Isabel Streski estava morando nos Estados Unidos quando o filho sumiu. Ele estava terminando a gradua\u00e7\u00e3o e ela se mudou para o pa\u00eds norte-americano para esperar o jovem, que sonhava em fazer resid\u00eancia de especializa\u00e7\u00e3o m\u00e9dica l\u00e1.\n<\/p>\n<p>Quando Antonio Augusto desapareceu, a m\u00e3e n\u00e3o pensou duas vezes: viajou para o Paraguai e iniciou uma investiga\u00e7\u00e3o paralela para tentar achar o filho &#8211; que dura at\u00e9 hoje.\n<\/p>\n<p>Isabel conta que o jovem escrevia um di\u00e1rio e ela entrou em contato com todas as pessoas que eram citadas nele para tentar refazer os \u00faltimos passos do filho. Ela tamb\u00e9m ficou com o celular e com o computador do estudante. Al\u00e9m disso, fez campanhas nas redes sociais e nas imprensas paraguaia e brasileira para tentar conseguir ajuda.\n<\/p>\n<p>&#8220;Eu toquei todas as portas, eu investiguei mais do que, creio eu, qualquer investigador &#8216;normal&#8217; investigaria. Eu fui em lugares [perigosos] que nem a pr\u00f3pria pol\u00edcia entra! Eu fui em todos os cantos, n\u00e3o deixei de lado nem uma pista \u2013 por pequena que fosse&#8221;, disse ela, ao g1.\n<\/p>\n<div id=\"chunk-60j9q\">\n<div class=\"mc-column content-text active-extra-styles\" data-block-type=\"unstyled\" data-block-weight=\"11\" data-block-id=\"45\">\n<p class=\"content-text__container\" data-track-category=\"Link no Texto\" data-track-links=\"\" data-mrf-recirculation=\"Mat\u00e9ria - Links no Texto\">O trauma mudou a vida de Isabel e da fam\u00edlia dela.\n<\/p>\n<\/div>\n<\/div>\n<div id=\"chunk-cvmsi\">\n<div class=\"mc-column content-text active-extra-styles\" data-block-type=\"unstyled\" data-block-weight=\"44\" data-block-id=\"46\">\n<p class=\"content-text__container\" data-track-category=\"Link no Texto\" data-track-links=\"\" data-mrf-recirculation=\"Mat\u00e9ria - Links no Texto\">O filho mais novo dela atualmente tem 13 anos e mora com a m\u00e3e no Paraguai. Ela conta que faz tratamento psicol\u00f3gico tanto para tentar amenizar a dor do desaparecimento do primog\u00eanito, quanto para tentar reduzir o impacto do trauma na cria\u00e7\u00e3o do ca\u00e7ula.\n<\/p>\n<\/div>\n<\/div>\n<div id=\"chunk-7n28g\">\n<div class=\"mc-column content-text active-extra-styles\" data-block-type=\"unstyled\" data-block-weight=\"45\" data-block-id=\"48\">\n<p class=\"content-text__container\" data-track-category=\"Link no Texto\" data-track-links=\"\" data-mrf-recirculation=\"Mat\u00e9ria - Links no Texto\">&#8220;Eu tive que fazer uma readapta\u00e7\u00e3o com o meu filho menor, e at\u00e9 hoje estou nesse projeto. \u00c9 uma fobia t\u00e3o grande que eu n\u00e3o podia perder meu filho do olho, tinha que saber o tempo todo onde ele estava. Aquela preocupa\u00e7\u00e3o, aquele desespero&#8221;, afirma.\n<\/p>\n<\/div>\n<\/div>\n<p>Fonte: g1              <\/p>\n<\/div>\n<p><br \/>\n<br \/><a href=\"https:\/\/diariodobrasilnoticias.com.br\/noticia\/mae-se-muda-para-o-paraguai-para-encontrar-o-filho-perdido-no-pais-nao-encontrar-pistas-me-desespera-67a37232c0cba\">Source link <\/a><\/p>","protected":false},"excerpt":{"rendered":"<p>O dia 4 de outubro de 2022 mudou completamente a vida da paranaense Isabel Streski. Foi nessa data, h\u00e1 dois anos e quatro meses, que o filho dela, Antonio Augusto&hellip;<\/p>","protected":false},"author":1,"featured_media":99519,"comment_status":"closed","ping_status":"open","sticky":false,"template":"","format":"standard","meta":{"content-type":"","footnotes":""},"categories":[16],"tags":[123,2448,5313,1267],"class_list":["post-99518","post","type-post","status-publish","format-standard","has-post-thumbnail","hentry","category-noticias","tag-brasil","tag-diario","tag-noticia","tag-noticias"],"_links":{"self":[{"href":"https:\/\/tvbrazilusa.com\/pt\/wp-json\/wp\/v2\/posts\/99518","targetHints":{"allow":["GET"]}}],"collection":[{"href":"https:\/\/tvbrazilusa.com\/pt\/wp-json\/wp\/v2\/posts"}],"about":[{"href":"https:\/\/tvbrazilusa.com\/pt\/wp-json\/wp\/v2\/types\/post"}],"author":[{"embeddable":true,"href":"https:\/\/tvbrazilusa.com\/pt\/wp-json\/wp\/v2\/users\/1"}],"replies":[{"embeddable":true,"href":"https:\/\/tvbrazilusa.com\/pt\/wp-json\/wp\/v2\/comments?post=99518"}],"version-history":[{"count":1,"href":"https:\/\/tvbrazilusa.com\/pt\/wp-json\/wp\/v2\/posts\/99518\/revisions"}],"predecessor-version":[{"id":99520,"href":"https:\/\/tvbrazilusa.com\/pt\/wp-json\/wp\/v2\/posts\/99518\/revisions\/99520"}],"wp:featuredmedia":[{"embeddable":true,"href":"https:\/\/tvbrazilusa.com\/pt\/wp-json\/wp\/v2\/media\/99519"}],"wp:attachment":[{"href":"https:\/\/tvbrazilusa.com\/pt\/wp-json\/wp\/v2\/media?parent=99518"}],"wp:term":[{"taxonomy":"category","embeddable":true,"href":"https:\/\/tvbrazilusa.com\/pt\/wp-json\/wp\/v2\/categories?post=99518"},{"taxonomy":"post_tag","embeddable":true,"href":"https:\/\/tvbrazilusa.com\/pt\/wp-json\/wp\/v2\/tags?post=99518"}],"curies":[{"name":"wp","href":"https:\/\/api.w.org\/{rel}","templated":true}]}}