{"id":99527,"date":"2025-02-05T16:30:10","date_gmt":"2025-02-05T16:30:10","guid":{"rendered":"https:\/\/tvbrazilusa.com\/2025\/02\/05\/lula-comenta-sobre-a-possibilidade-de-bolsonaro-se-candidatar-se-for-comigo-vai-perder-outra-vez\/"},"modified":"2025-02-05T16:30:11","modified_gmt":"2025-02-05T16:30:11","slug":"lula-comenta-sobre-a-possibilidade-de-bolsonaro-se-candidatar-se-for-comigo-vai-perder-outra-vez","status":"publish","type":"post","link":"https:\/\/tvbrazilusa.com\/pt\/2025\/02\/05\/lula-comenta-sobre-a-possibilidade-de-bolsonaro-se-candidatar-se-for-comigo-vai-perder-outra-vez\/","title":{"rendered":"Lula comenta sobre a possibilidade de Bolsonaro se candidatar: &#8216;Se for comigo, vai perder outra vez&#8217;"},"content":{"rendered":"<p> <script async src=\"https:\/\/pagead2.googlesyndication.com\/pagead\/js\/adsbygoogle.js?client=ca-pub-8864793242727901\"\r\n     crossorigin=\"anonymous\"><\/script><br \/>\n<\/p>\n<div id=\"taboola-read-more\" style=\"display:block; width:100%\">\n<p>O presidente Luiz In\u00e1cio Lula da Silva (PT) afirmou que, se o ex-presidente Jair Bolsonaro (PL) conseguir reverter a inelegibilidade e disputar as elei\u00e7\u00f5es, ser\u00e1 derrotado por ele novamente. A declara\u00e7\u00e3o foi feita nesta quarta-feira (5), durante entrevista a r\u00e1dios mineiras.\n<\/p>\n<p>\u201cSe a Justi\u00e7a entender que ele [Bolsonaro] pode concorrer \u00e0s elei\u00e7\u00f5es, ele pode concorrer\u2026 e se for comigo, vai perder outra vez. Se for comigo, vai perder outra vez!\u201d, destacou o presidente.<\/p>\n<p>A fala de Lula ocorre em meio a uma iniciativa de deputados da oposi\u00e7\u00e3o para tentar reverter a inelegibilidade de Jair Bolsonaro, por meio de mudan\u00e7as na Lei da Ficha Limpa. Um projeto de lei complementar (PLP), do deputado Bibo Nunes (PL-RS), prop\u00f5e a redu\u00e7\u00e3o do per\u00edodo de inelegibilidade de oito para dois anos.\n<\/p>\n<p>Em junho de 2023, o Tribunal Superior Eleitoral (TSE) tornou Bolsonaro ineleg\u00edvel por oito anos, entendendo que ele cometeu abuso de poder e uso indevido dos meios de comunica\u00e7\u00e3o, ao reunir embaixadores, em julho de 2022, para atacar, sem provas, o sistema eleitoral.\n<\/p>\n<p>Posteriormente, Bolsonaro foi condenado novamente \u00e0 inelegibilidade pelo TSE, desta vez por abuso de poder pol\u00edtico e econ\u00f4mico durante as cerim\u00f4nias do Bicenten\u00e1rio da Independ\u00eancia, em 7 de setembro de 2022, durante a campanha eleitoral.\n<\/p>\n<p>Ainda durante a entrevista, Lula fez novas cr\u00edticas a Bolsonaro e afirmou que o ex-presidente tentou dar um golpe de Estado para se manter no poder.\n<\/p>\n<p>\u201cEles tentaram dar um golpe, anunciaram e prepararam a morte do presidente da Rep\u00fablica, do vice-presidente e do presidente do TSE, e ainda acham que s\u00e3o inocentes? Olha, n\u00e3o faz sentido. Eles que paguem pelas mazelas que cometeram. Se forem inocentes, ser\u00e3o absolvidos; se forem culpados, ser\u00e3o punidos. \u00c9 isso que vai acontecer\u201d, declarou Lula.\n<\/p>\n<p>A\u00a0<strong>CNN<\/strong>\u00a0procurou o ex-presidente Jair Bolsonaro para comentar a fala de Lula e aguarda retorno. O espa\u00e7o segue aberto.<\/p>\n<p>Fonte: CNN Brasil              <\/p>\n<\/div>\n<p><br \/>\n<br \/><a href=\"https:\/\/diariodobrasilnoticias.com.br\/noticia\/lula-comenta-sobre-a-possibilidade-de-bolsonaro-se-candidatar-se-for-comigo-vai-perder-outra-vez-67a3744f7e96f\">Source link <\/a><\/p>","protected":false},"excerpt":{"rendered":"<p>O presidente Luiz In\u00e1cio Lula da Silva (PT) afirmou que, se o ex-presidente Jair Bolsonaro (PL) conseguir reverter a inelegibilidade e disputar as elei\u00e7\u00f5es, ser\u00e1 derrotado por ele novamente. A&hellip;<\/p>","protected":false},"author":1,"featured_media":99528,"comment_status":"closed","ping_status":"open","sticky":false,"template":"","format":"standard","meta":{"content-type":"","footnotes":""},"categories":[16],"tags":[123,2448,5313,1267],"class_list":["post-99527","post","type-post","status-publish","format-standard","has-post-thumbnail","hentry","category-noticias","tag-brasil","tag-diario","tag-noticia","tag-noticias"],"_links":{"self":[{"href":"https:\/\/tvbrazilusa.com\/pt\/wp-json\/wp\/v2\/posts\/99527","targetHints":{"allow":["GET"]}}],"collection":[{"href":"https:\/\/tvbrazilusa.com\/pt\/wp-json\/wp\/v2\/posts"}],"about":[{"href":"https:\/\/tvbrazilusa.com\/pt\/wp-json\/wp\/v2\/types\/post"}],"author":[{"embeddable":true,"href":"https:\/\/tvbrazilusa.com\/pt\/wp-json\/wp\/v2\/users\/1"}],"replies":[{"embeddable":true,"href":"https:\/\/tvbrazilusa.com\/pt\/wp-json\/wp\/v2\/comments?post=99527"}],"version-history":[{"count":1,"href":"https:\/\/tvbrazilusa.com\/pt\/wp-json\/wp\/v2\/posts\/99527\/revisions"}],"predecessor-version":[{"id":99529,"href":"https:\/\/tvbrazilusa.com\/pt\/wp-json\/wp\/v2\/posts\/99527\/revisions\/99529"}],"wp:featuredmedia":[{"embeddable":true,"href":"https:\/\/tvbrazilusa.com\/pt\/wp-json\/wp\/v2\/media\/99528"}],"wp:attachment":[{"href":"https:\/\/tvbrazilusa.com\/pt\/wp-json\/wp\/v2\/media?parent=99527"}],"wp:term":[{"taxonomy":"category","embeddable":true,"href":"https:\/\/tvbrazilusa.com\/pt\/wp-json\/wp\/v2\/categories?post=99527"},{"taxonomy":"post_tag","embeddable":true,"href":"https:\/\/tvbrazilusa.com\/pt\/wp-json\/wp\/v2\/tags?post=99527"}],"curies":[{"name":"wp","href":"https:\/\/api.w.org\/{rel}","templated":true}]}}