{"id":99636,"date":"2025-02-05T21:13:22","date_gmt":"2025-02-05T21:13:22","guid":{"rendered":"https:\/\/tvbrazilusa.com\/2025\/02\/05\/nikolas-ferreira-afirma-que-a-inelegibilidade-de-bolsonaro-causa-preocupacao\/"},"modified":"2025-02-05T21:13:30","modified_gmt":"2025-02-05T21:13:30","slug":"nikolas-ferreira-afirma-que-a-inelegibilidade-de-bolsonaro-causa-preocupacao","status":"publish","type":"post","link":"https:\/\/tvbrazilusa.com\/pt\/2025\/02\/05\/nikolas-ferreira-afirma-que-a-inelegibilidade-de-bolsonaro-causa-preocupacao\/","title":{"rendered":"Nikolas Ferreira afirma que a inelegibilidade de Bolsonaro causa &#8216;preocupa\u00e7\u00e3o&#8217;"},"content":{"rendered":"<p> <script async src=\"https:\/\/pagead2.googlesyndication.com\/pagead\/js\/adsbygoogle.js?client=ca-pub-8864793242727901\"\r\n     crossorigin=\"anonymous\"><\/script><br \/>\n<\/p>\n<div id=\"taboola-read-more\" style=\"display:block; width:100%\">\n<p>O deputado Nikolas Ferreira (PL-MG), 28 anos, afirmou em entrevista ao Poder360 que o fato de o ex-presidente Jair Bolsonaro (PL) estar ineleg\u00edvel \u201c\u00e9 uma preocupa\u00e7\u00e3o\u201d.\n<\/p>\n<p>O deputado afirmou tamb\u00e9m que Bolsonaro \u00e9 o melhor poss\u00edvel candidato da direita ao Planalto atualmente. Isso, na sua avalia\u00e7\u00e3o, faz com que a aus\u00eancia do ex-chefe do Executivo na elei\u00e7\u00e3o de 2026 possa ser um problema. \u201cA gente fica muitas vezes com inseguran\u00e7a\u201d.<\/p>\n<p>O ex-presidente foi condenado pelo TSE (Tribunal Superior Eleitoral) em 30 de junho de 2023 por abuso do poder econ\u00f4mico e uso indevido dos meios de comunica\u00e7\u00e3o. Tornou-se ineleg\u00edvel por 8 anos.\n<\/p>\n<p>Nikolas afirmou que Bolsonaro tem maiores chances de vencer o presidente Luiz In\u00e1cio Lula da Silva (PT) caso ele seja candidato \u00e0 reelei\u00e7\u00e3o. O deputado citou levantamento da Paran\u00e1 Pesquisas divulgado em 13 de janeiro de 2025 em que Lula tem 34% das inten\u00e7\u00f5es de voto e Bolsonaro, 33,9%. A margem de erro \u00e9 de 2,2 pontos percentuais.\n<\/p>\n<p>\u201cEu acho que ele [Bolsonaro] \u00e9 o mais competitivo. Eu acredito que ele \u00e9 o homem mais forte. E pode ter certeza de que, se for candidato, e eu acredito que ser\u00e1, eu serei um dos maiores cabos eleitorais dele. N\u00e3o por conta da minha relev\u00e2ncia, mas porque sei o que est\u00e1 em jogo no nosso pa\u00eds\u201d, afirmou.\n<\/p>\n<p>\u201cExistem outros nomes que n\u00e3o s\u00e3o do tamanho do Bolsonaro\u201d, afirmou Nicolas. Ele citou o governador de S\u00e3o Paulo, Tarc\u00edsio de Freitas (Republicanos). \u201cAcho que Tarc\u00edsio seria o candidato da oposi\u00e7\u00e3o mais forte ao Lula\u201d, afirmou.\n<\/p>\n<p>Leia abaixo os outros assuntos abordados na entrevista:\n<\/p>\n<p>Deporta\u00e7\u00e3o de brasileiros dos EUA <br \/>Afirmou ser preciso dar dignidade \u00e0s pessoas deportadas e que cada pa\u00eds \u00e9 soberano para decidir sobre o assunto. \u201cEu acredito que toda deporta\u00e7\u00e3o tem que ter a sua dignidade, tem que ter o seu cuidado. N\u00e3o \u00e9 porque a pessoa est\u00e1 sendo deportada que ela pode ser tratada de qualquer forma. Agora, cada pa\u00eds tem a sua pol\u00edtica de deporta\u00e7\u00e3o\u201d, disse.\n<\/p>\n<p>Nikolas afirmou concordar com o uso de algemas s\u00f3 para criminosos, mas n\u00e3o para quem estava vivendo ilegalmente em outro pa\u00eds. \u201c\u00c9 uma medida desproporcional\u201d, afirmou. Disse, por\u00e9m, n\u00e3o ter tratado do assunto com autoridades norte-americanas enquanto esteve nos Estados Unidos em janeiro.\n<\/p>\n<p>Elei\u00e7\u00f5es 2026<br \/>Nikolas afirmou que pretende se candidatar ao Senado caso o Congresso aprove uma lei para alterar a idade m\u00ednima para o cargo para 30 anos. Atualmente, \u00e9 exigido que o senador tenha 35 anos.\n<\/p>\n<p>\u201cEu acredito que h\u00e1 um clamor das pessoas para um Senado mais atuante, principalmente no que diz respeito \u00e0s viola\u00e7\u00f5es que o STF (Supremo Tribunal Federal) tem feito, principalmente no \u00e2mbito do ministro Alexandre de Moraes. [\u2026] \u00c9 preciso refor\u00e7ar o time que est\u00e1 l\u00e1 para fazer um contrapeso ao STF\u201d, disse.\n<\/p>\n<p>STF <br \/>O deputado afirmou que o ministro do STF \u00e9 atualmente quem desestabiliza a democracia brasileira. \u201cPara mim seria um prazer muito grande poder dar um voto a favor do impeachment do ministro Alexandre de Moraes, at\u00e9 mesmo porque isso nunca aconteceu no Congresso\u201d, declarou.\n<\/p>\n<p>Disse n\u00e3o confiar em praticamente nada do que o STF decide. \u201cPara mim, n\u00e3o existe mais conhecimento jur\u00eddico, existe relacionamento jur\u00eddico. O STF hoje n\u00e3o \u00e9 mais uma corte jur\u00eddica. \u00c9 uma corte pol\u00edtica\u201d, disse.\n<\/p>\n<p>Anistia ao 8 de Janeiro<br \/>Disse que as pessoas que depredaram as sedes dos Tr\u00eas Poderes devem pagar por isso, mas que as penas impostas pela Justi\u00e7a s\u00e3o desproporcionais. Afirmou haver pessoas inocentes dentre as que est\u00e3o presas e que est\u00e3o sendo julgadas. Disse esperar que o novo presidente da C\u00e2mara, Hugo Motta (Republicanos-PB), coloque o projeto de lei sobre o tema em vota\u00e7\u00e3o.\n<\/p>\n<p>\u201cA gente tem que trabalhar em cima disso para poder mostrar para as pessoas que s\u00e3o vidas de pessoas comuns, n\u00e3o s\u00e3o criminosos, n\u00e3o s\u00e3o terroristas. Cometeram erros como todos cometeram e que merecem, sim, ter ou sua pena reduzida ou at\u00e9 mesmo ser anistiado, que \u00e9 a nossa inten\u00e7\u00e3o\u201d, disse.\n<\/p>\n<p>Fundo eleitoral<br \/>Disse nunca ter usado recursos p\u00fablicos em suas campanhas, mas que n\u00e3o condena quem utiliza. Defende fim do fundo e retomada das doa\u00e7\u00f5es privadas.\n<\/p>\n<p>Alian\u00e7a com partidos de centro<br \/>Disse ser preciso trabalhar com a \u201cmat\u00e9ria-prima escolhida pela sociedade\u201d.\n<\/p>\n<p>\u201cEu n\u00e3o sou contr\u00e1rio \u00e0 composi\u00e7\u00e3o com o centro, at\u00e9 mesmo porque n\u00e3o vou fazer propaganda de um puritanismo pol\u00edtico que \u00e9 imposs\u00edvel atingir\u201d, disse.\n<\/p>\n<p>O deputado, por\u00e9m, afirmou que os pol\u00edticos de centro est\u00e3o sem credibilidade e sem confian\u00e7a no Congresso por n\u00e3o apoiarem pautas caras \u00e0 direita. Criticou os presidentes do Senado, Davi Alcolumbre (Uni\u00e3o Brasil \u2013 AP) e da C\u00e2mara, Hugo Motta (Republicanos-PB), por terem apoiado o PL das fake news, que ele chamou de PL da censura.\n<\/p>\n<p>Privatiza\u00e7\u00f5es <br \/>Afirmou ser a favor da venda de algumas estatais, como os Correios, mas que precisaria avaliar os casos da Petrobras e do Banco do Brasil. Disse ser preciso tamb\u00e9m avaliar para quem as estatais seriam vendidas para garantir a soberania do pa\u00eds.\n<\/p>\n<p>Isen\u00e7\u00e3o do Imposto de Renda<br \/>Nikolas disse ser a favor da amplia\u00e7\u00e3o da isen\u00e7\u00e3o para quem recebe at\u00e9 R$ 5.000 e afirmou que o governo precisa enviar rapidamente o projeto sobre o tema ao Congresso.\n<\/p>\n<p>Bolsa Fam\u00edlia <br \/>\u00c9 a favor da manuten\u00e7\u00e3o do programa desde que as pessoas sejam incentivadas a conseguir emprego. \u201cEu acredito que a ideia foi pervertida no seu verdadeiro prop\u00f3sito. A assist\u00eancia \u00e9 algo, digamos assim, paliativo, que voc\u00ea deve dar condi\u00e7\u00f5es para aquela pessoa de conseguir, de fato, ter um trabalho\u201d, disse.\n<\/p>\n<p>Aborto<br \/>Disse ser contr\u00e1rio a qualquer possibilidade de aborto legal e a favor da PEC (proposta de emenda \u00e0 Constitui\u00e7\u00e3o) que pro\u00edbe a interrup\u00e7\u00e3o da gravidez em casos permitidos atualmente: estupro, risco \u00e0 sa\u00fade da gestante e anencefalia. Afirmou haver narrativas em cima do assunto e \u00e9 uma da esquerda. \u201cEu n\u00e3o posso desumanizar uma pessoa por conta do tempo de vida dela\u201d, disse. Defendeu a ado\u00e7\u00e3o para os casos em que a m\u00e3e n\u00e3o quer ficar com o filho.\n<\/p>\n<p>Pena de morte<br \/>O deputado afirmou ser contra. Disse que aprov\u00e1-la seria conceder excesso de poder ao Estado sobre as pessoas.\n<\/p>\n<p>Fonte: Poder 360              <\/p>\n<\/div>\n<p><br \/>\n<br \/><a href=\"https:\/\/diariodobrasilnoticias.com.br\/noticia\/nikolas-ferreira-afirma-que-a-inelegibilidade-de-bolsonaro-causa-preocupacao-67a3ab78b0fb2\">Source link <\/a><\/p>","protected":false},"excerpt":{"rendered":"<p>O deputado Nikolas Ferreira (PL-MG), 28 anos, afirmou em entrevista ao Poder360 que o fato de o ex-presidente Jair Bolsonaro (PL) estar ineleg\u00edvel \u201c\u00e9 uma preocupa\u00e7\u00e3o\u201d. O deputado afirmou tamb\u00e9m&hellip;<\/p>","protected":false},"author":1,"featured_media":99637,"comment_status":"closed","ping_status":"open","sticky":false,"template":"","format":"standard","meta":{"content-type":"","footnotes":""},"categories":[16],"tags":[123,2448,5313,1267],"class_list":["post-99636","post","type-post","status-publish","format-standard","has-post-thumbnail","hentry","category-noticias","tag-brasil","tag-diario","tag-noticia","tag-noticias"],"_links":{"self":[{"href":"https:\/\/tvbrazilusa.com\/pt\/wp-json\/wp\/v2\/posts\/99636","targetHints":{"allow":["GET"]}}],"collection":[{"href":"https:\/\/tvbrazilusa.com\/pt\/wp-json\/wp\/v2\/posts"}],"about":[{"href":"https:\/\/tvbrazilusa.com\/pt\/wp-json\/wp\/v2\/types\/post"}],"author":[{"embeddable":true,"href":"https:\/\/tvbrazilusa.com\/pt\/wp-json\/wp\/v2\/users\/1"}],"replies":[{"embeddable":true,"href":"https:\/\/tvbrazilusa.com\/pt\/wp-json\/wp\/v2\/comments?post=99636"}],"version-history":[{"count":1,"href":"https:\/\/tvbrazilusa.com\/pt\/wp-json\/wp\/v2\/posts\/99636\/revisions"}],"predecessor-version":[{"id":99638,"href":"https:\/\/tvbrazilusa.com\/pt\/wp-json\/wp\/v2\/posts\/99636\/revisions\/99638"}],"wp:featuredmedia":[{"embeddable":true,"href":"https:\/\/tvbrazilusa.com\/pt\/wp-json\/wp\/v2\/media\/99637"}],"wp:attachment":[{"href":"https:\/\/tvbrazilusa.com\/pt\/wp-json\/wp\/v2\/media?parent=99636"}],"wp:term":[{"taxonomy":"category","embeddable":true,"href":"https:\/\/tvbrazilusa.com\/pt\/wp-json\/wp\/v2\/categories?post=99636"},{"taxonomy":"post_tag","embeddable":true,"href":"https:\/\/tvbrazilusa.com\/pt\/wp-json\/wp\/v2\/tags?post=99636"}],"curies":[{"name":"wp","href":"https:\/\/api.w.org\/{rel}","templated":true}]}}