{"id":99647,"date":"2025-02-05T21:43:09","date_gmt":"2025-02-05T21:43:09","guid":{"rendered":"https:\/\/tvbrazilusa.com\/2025\/02\/05\/basta-um-aloprado-ganhar-as-eleicoes-para-acabar-com-o-que-fizemos-diz-lula-ao-atacar-bolsonaro\/"},"modified":"2025-02-05T21:43:15","modified_gmt":"2025-02-05T21:43:15","slug":"basta-um-aloprado-ganhar-as-eleicoes-para-acabar-com-o-que-fizemos-diz-lula-ao-atacar-bolsonaro","status":"publish","type":"post","link":"https:\/\/tvbrazilusa.com\/pt\/2025\/02\/05\/basta-um-aloprado-ganhar-as-eleicoes-para-acabar-com-o-que-fizemos-diz-lula-ao-atacar-bolsonaro\/","title":{"rendered":"&#8216;Basta um aloprado ganhar as elei\u00e7\u00f5es para acabar com o que fizemos&#8217;, diz Lula, ao atacar Bolsonaro"},"content":{"rendered":"<p> <script async src=\"https:\/\/pagead2.googlesyndication.com\/pagead\/js\/adsbygoogle.js?client=ca-pub-8864793242727901\"\r\n     crossorigin=\"anonymous\"><\/script><br \/>\n<\/p>\n<div id=\"taboola-read-more\" style=\"display:block; width:100%\">\n<p>O presidente Luiz In\u00e1cio Lula da Silva voltou a criticar o ex-presidente Jair Bolsonaro. O petista afirmou que \u201cbasta um aloprado\u201d assumir o poder para desmantelar o que levou d\u00e9cadas para ser constru\u00eddo.\n<\/p>\n<p>Durante a abertura do encontro do Programa Nacional de Alimenta\u00e7\u00e3o Escolar (Pnae), em Bras\u00edlia, na ter\u00e7a-feira 4, ele destacou que, na l\u00f3gica do governo anterior, era mais importante incentivar colecionadores, atiradores e ca\u00e7adores (CAC) a aprenderem a manusear armas do que investir na educa\u00e7\u00e3o das crian\u00e7as.<\/p>\n<p>\u201cConstruir leva d\u00e9cadas, destruir basta um aloprado, que ele destr\u00f3i as elei\u00e7\u00f5es em quatro anos, o que a gente fez em 20 ou fez em 30 anos\u201d, disse o presidente.\n<\/p>\n<p>N\u00e3o \u00e9 a primeira vez que Lula xinga Bolsonaro de \u201caloprado\u201d<br \/>Essa n\u00e3o \u00e9 a primeira vez que Lula xinga Bolsonaro de \u201caloprado\u201d. Em fevereiro do ano passado, durante a inaugura\u00e7\u00e3o de uma escola, o petista chamou o ex-presidente de \u201cmaluco\u201d, \u201caloprado\u201d e \u201cignorante\u201d. As falas ocorreram durante seu discurso no munic\u00edpio de Belford Roxo (RJ).\n<\/p>\n<p>\u201cMe parece que o maluco que governou este pa\u00eds era um aloprado, n\u00e3o entendia nada al\u00e9m de falar bobagem, pregar o \u00f3dio e ofender os outros\u201d, afirmou Lula na ocasi\u00e3o.\n<\/p>\n<p>Durante o encontro, o governo federal anunciou a redu\u00e7\u00e3o gradual da quantidade de alimentos processados e ultraprocessados no card\u00e1pio das escolas p\u00fablicas. O limite, atualmente em 20%, cair\u00e1 para 15% em 2025 e para 10% em 2026. A medida impactar\u00e1 cerca de 40 milh\u00f5es de alunos em quase 150 mil escolas p\u00fablicas. Essas institui\u00e7\u00f5es oferecem aproximadamente 10 bilh\u00f5es de refei\u00e7\u00f5es por ano.\n<\/p>\n<p>Fonte: Revista Oeste              <\/p>\n<\/div>\n<p><br \/>\n<br \/><a href=\"https:\/\/diariodobrasilnoticias.com.br\/noticia\/-basta-um-aloprado-ganhar-as-eleicoes-para-acabar-com-o-que-fizemos-diz-lula-ao-atacar-bolsonaro-67a3bcc3ef69c\">Source link <\/a><\/p>","protected":false},"excerpt":{"rendered":"<p>O presidente Luiz In\u00e1cio Lula da Silva voltou a criticar o ex-presidente Jair Bolsonaro. O petista afirmou que \u201cbasta um aloprado\u201d assumir o poder para desmantelar o que levou d\u00e9cadas&hellip;<\/p>","protected":false},"author":1,"featured_media":99648,"comment_status":"closed","ping_status":"open","sticky":false,"template":"","format":"standard","meta":{"content-type":"","footnotes":""},"categories":[16],"tags":[123,2448,5313,1267],"class_list":["post-99647","post","type-post","status-publish","format-standard","has-post-thumbnail","hentry","category-noticias","tag-brasil","tag-diario","tag-noticia","tag-noticias"],"_links":{"self":[{"href":"https:\/\/tvbrazilusa.com\/pt\/wp-json\/wp\/v2\/posts\/99647","targetHints":{"allow":["GET"]}}],"collection":[{"href":"https:\/\/tvbrazilusa.com\/pt\/wp-json\/wp\/v2\/posts"}],"about":[{"href":"https:\/\/tvbrazilusa.com\/pt\/wp-json\/wp\/v2\/types\/post"}],"author":[{"embeddable":true,"href":"https:\/\/tvbrazilusa.com\/pt\/wp-json\/wp\/v2\/users\/1"}],"replies":[{"embeddable":true,"href":"https:\/\/tvbrazilusa.com\/pt\/wp-json\/wp\/v2\/comments?post=99647"}],"version-history":[{"count":1,"href":"https:\/\/tvbrazilusa.com\/pt\/wp-json\/wp\/v2\/posts\/99647\/revisions"}],"predecessor-version":[{"id":99649,"href":"https:\/\/tvbrazilusa.com\/pt\/wp-json\/wp\/v2\/posts\/99647\/revisions\/99649"}],"wp:featuredmedia":[{"embeddable":true,"href":"https:\/\/tvbrazilusa.com\/pt\/wp-json\/wp\/v2\/media\/99648"}],"wp:attachment":[{"href":"https:\/\/tvbrazilusa.com\/pt\/wp-json\/wp\/v2\/media?parent=99647"}],"wp:term":[{"taxonomy":"category","embeddable":true,"href":"https:\/\/tvbrazilusa.com\/pt\/wp-json\/wp\/v2\/categories?post=99647"},{"taxonomy":"post_tag","embeddable":true,"href":"https:\/\/tvbrazilusa.com\/pt\/wp-json\/wp\/v2\/tags?post=99647"}],"curies":[{"name":"wp","href":"https:\/\/api.w.org\/{rel}","templated":true}]}}