{"id":99656,"date":"2025-02-05T22:16:10","date_gmt":"2025-02-05T22:16:10","guid":{"rendered":"https:\/\/tvbrazilusa.com\/2025\/02\/05\/teto-de-igreja-desaba-e-deixa-um-morto\/"},"modified":"2025-02-05T22:16:20","modified_gmt":"2025-02-05T22:16:20","slug":"teto-de-igreja-desaba-e-deixa-um-morto","status":"publish","type":"post","link":"https:\/\/tvbrazilusa.com\/pt\/2025\/02\/05\/teto-de-igreja-desaba-e-deixa-um-morto\/","title":{"rendered":"Teto de igreja desaba e deixa um morto"},"content":{"rendered":"<p> <script async src=\"https:\/\/pagead2.googlesyndication.com\/pagead\/js\/adsbygoogle.js?client=ca-pub-8864793242727901\"\r\n     crossorigin=\"anonymous\"><\/script><br \/>\n<\/p>\n<div>\n<figure class=\"post-image\">\n<\/figure>\n<p>            <span style=\"font-size: 12px\"> Foto: Defesa Civil de Salvador<\/span><\/p>\n<p>            <!-- end metas --><br \/>\n            <!-- ADS --><\/p>\n<div id=\"taboola-read-more\" style=\"display:block; width:100%\">\n<p>Quarta-feira (5), parte do teto da Igreja de S\u00e3o Francisco de Assis, no Centro Hist\u00f3rico de Salvador (BA), desabou causando a morte de um turista de 23 anos e deixando outras cinco pessoas feridas.\n<\/p>\n<p>O Corpo de Bombeiros Militar da Bahia (CBM-BA) informou \u00e0 imprensa que o acidente aconteceu por volta das 14h30, a Defesa Civil foi chamada e revelou que parte da cobertura da igreja rompeu e o peso acabou derrubando o teto.<\/p>\n<p>Conhecida como \u201cigreja de ouro\u201d, o templo crist\u00e3o atrai muitos visitantes todos os dias, assim muitas testemunhas flagraram os estragos deixados no espa\u00e7o onde as missas s\u00e3o realizadas. A madeira que cobria o telhado e outros destro\u00e7os aparecem nessas imagens.\n<\/p>\n<p>Por precau\u00e7\u00e3o, policiais militares isolaram a \u00e1rea, enquanto isso, os bombeiros fizeram uma varredura por todo o local para encontrar outras v\u00edtimas, mas ningu\u00e9m al\u00e9m das seis pessoas foram atingidas.\n<\/p>\n<p>Tirando o turista, natural de S\u00e3o Paulo, que faleceu no local, as outras v\u00edtimas tiveram apenas ferimentos leves e foram atendidas pelo Servi\u00e7o de Atendimento M\u00f3vel de Urg\u00eancia (Samu). As informa\u00e7\u00f5es s\u00e3o do G1.\n<\/p>\n<p>Fonte: Pleno News              <\/p>\n<\/div>\n<p>                        <!-- Scripts para conteudo --><\/p>\n<p>            <!-- .\/Scripts para conteudo --><br \/>\n            <!-- .\/Mat\u00e9ria --><\/p>\n<div class=\"row mt-3\">\n<div class=\"col-sm-6\">\n                <!-- Whatsapp channel 3--><br \/>\n                <a href=\"https:\/\/chat.whatsapp.com\/B8Qy6Erx4kb6yTzj3kaDco\" target=\"_blank\"><br \/>\n                  <img decoding=\"async\" src=\"https:\/\/diariodobrasilnoticias.com.br\/assets-site\/images\/bot_whatsapp.png\"\/><\/a>\n              <\/div>\n<div class=\"col-sm-6\">\n                <a href=\"https:\/\/t.me\/+_4gTmi5LKo03OTM5\" target=\"_blank\"><br \/>\n                  <img decoding=\"async\" src=\"https:\/\/diariodobrasilnoticias.com.br\/assets-site\/images\/bot_telegram.png\"\/><\/a>\n              <\/div>\n<\/p><\/div>\n<p>            <!-- end post-navigation --><\/p>\n<p>              <!-- end row --><\/p>\n<p>              <!-- end col-12-->\n                      <\/div>\n<p><br \/>\n<br \/><a href=\"https:\/\/diariodobrasilnoticias.com.br\/noticia\/teto-de-igreja-desaba-e-deixa-um-morto-67a3c959003c8\">Source link <\/a><\/p>","protected":false},"excerpt":{"rendered":"<p>Foto: Defesa Civil de Salvador Quarta-feira (5), parte do teto da Igreja de S\u00e3o Francisco de Assis, no Centro Hist\u00f3rico de Salvador (BA), desabou causando a morte de um turista&hellip;<\/p>","protected":false},"author":1,"featured_media":99657,"comment_status":"closed","ping_status":"open","sticky":false,"template":"","format":"standard","meta":{"content-type":"","footnotes":""},"categories":[16],"tags":[123,2448,5313,1267],"class_list":["post-99656","post","type-post","status-publish","format-standard","has-post-thumbnail","hentry","category-noticias","tag-brasil","tag-diario","tag-noticia","tag-noticias"],"_links":{"self":[{"href":"https:\/\/tvbrazilusa.com\/pt\/wp-json\/wp\/v2\/posts\/99656","targetHints":{"allow":["GET"]}}],"collection":[{"href":"https:\/\/tvbrazilusa.com\/pt\/wp-json\/wp\/v2\/posts"}],"about":[{"href":"https:\/\/tvbrazilusa.com\/pt\/wp-json\/wp\/v2\/types\/post"}],"author":[{"embeddable":true,"href":"https:\/\/tvbrazilusa.com\/pt\/wp-json\/wp\/v2\/users\/1"}],"replies":[{"embeddable":true,"href":"https:\/\/tvbrazilusa.com\/pt\/wp-json\/wp\/v2\/comments?post=99656"}],"version-history":[{"count":1,"href":"https:\/\/tvbrazilusa.com\/pt\/wp-json\/wp\/v2\/posts\/99656\/revisions"}],"predecessor-version":[{"id":99658,"href":"https:\/\/tvbrazilusa.com\/pt\/wp-json\/wp\/v2\/posts\/99656\/revisions\/99658"}],"wp:featuredmedia":[{"embeddable":true,"href":"https:\/\/tvbrazilusa.com\/pt\/wp-json\/wp\/v2\/media\/99657"}],"wp:attachment":[{"href":"https:\/\/tvbrazilusa.com\/pt\/wp-json\/wp\/v2\/media?parent=99656"}],"wp:term":[{"taxonomy":"category","embeddable":true,"href":"https:\/\/tvbrazilusa.com\/pt\/wp-json\/wp\/v2\/categories?post=99656"},{"taxonomy":"post_tag","embeddable":true,"href":"https:\/\/tvbrazilusa.com\/pt\/wp-json\/wp\/v2\/tags?post=99656"}],"curies":[{"name":"wp","href":"https:\/\/api.w.org\/{rel}","templated":true}]}}