{"id":99659,"date":"2025-02-05T22:24:20","date_gmt":"2025-02-05T22:24:20","guid":{"rendered":"https:\/\/tvbrazilusa.com\/2025\/02\/05\/o-dolar-retoma-a-alta-apos-12-pregoes-e-fecha-cotado-a-r-579\/"},"modified":"2025-02-05T22:24:33","modified_gmt":"2025-02-05T22:24:33","slug":"o-dolar-retoma-a-alta-apos-12-pregoes-e-fecha-cotado-a-r-579","status":"publish","type":"post","link":"https:\/\/tvbrazilusa.com\/pt\/2025\/02\/05\/o-dolar-retoma-a-alta-apos-12-pregoes-e-fecha-cotado-a-r-579\/","title":{"rendered":"O d\u00f3lar retoma a alta ap\u00f3s 12 preg\u00f5es e fecha cotado a R$ 5,79"},"content":{"rendered":"<p> <script async src=\"https:\/\/pagead2.googlesyndication.com\/pagead\/js\/adsbygoogle.js?client=ca-pub-8864793242727901\"\r\n     crossorigin=\"anonymous\"><\/script><br \/>\n<\/p>\n<div id=\"taboola-read-more\" style=\"display:block; width:100%\">\n<p>O d\u00f3lar comercial fechou aos R$ 5,79 depois de uma sequ\u00eancia de 12 preg\u00f5es seguidos de queda. A cota\u00e7\u00e3o subiu 0,40% nesta 4\u00aa feira (5.fev.2025).\n<\/p>\n<p>A \u00faltima alta da moeda norte-americana havia sido em 16 de janeiro de 2025, quando avan\u00e7ou para R$ 6,05.<\/p>\n<p>As not\u00edcias globais s\u00e3o os principais temas que est\u00e3o no radar dos investidores. O presidente dos Estados Unidos, Donald Trump (Republicano), disse que o pa\u00eds norte-americano ir\u00e1 assumir o controle da Faixa de Gaza.\n<\/p>\n<p>Os riscos de trocas de san\u00e7\u00f5es tarif\u00e1rias entre os com\u00e9rcios da China e EUA tamb\u00e9m contribuem para o encarecimento do d\u00f3lar no Brasil. Os agentes financeiros procuram ativos mais seguros em momentos de maior incerteza. A moeda norte-americana \u00e9 reconhecida globalmente com um ativo seguro.\n<\/p>\n<p>No Brasil, o IBGE (Instituto Brasileiro de Geografia e Estat\u00edstica) divulgou que a produ\u00e7\u00e3o industrial do Brasil subiu 3,1% em 2024, mas caiu 0,3% em dezembro, o 3\u00ba m\u00eas consecutivo de queda.\n<\/p>\n<p>O presidente Luiz In\u00e1cio Lula da Silva (PT) declarou que a infla\u00e7\u00e3o est\u00e1 \u201crazoavelmente controlada\u201d. A taxa do IPCA (\u00cdndice Nacional de Pre\u00e7os ao Consumidor Amplo) do Brasil foi de 4,83% em 2024, acima da meta de 3% e do teto de 4,5%. Impactou principalmente os mais pobres. Os pre\u00e7os dos alimentos subiram e pressionaram a taxa, especialmente as carnes. O BC (Banco Central) disse nesta 3\u00aa feira (4.fev.2025) que a prote\u00edna animal deve seguir pressionando a infla\u00e7\u00e3o brasileira.\n<\/p>\n<p>PRIORIDADES PARA 2025<br \/>Os agentes do mercado financeiro tamb\u00e9m observam com cautela as 25 medidas priorit\u00e1rias para o governo Lula na economia. O ministro da Fazenda, Fernando Haddad, apresentou os temas ao presidente da C\u00e2mara, Hugo Motta (Republicanos-PB). Enviar\u00e1 ao Congresso 7 projetos nas pr\u00f3ximas semanas.\n<\/p>\n<p>Os investidores colocam no radar que a vota\u00e7\u00e3o do Ploa (Projeto de Lei Or\u00e7ament\u00e1ria Anual) de 2025 pode ficar s\u00f3 para depois do Carnaval, o que atrasa o ano Legislativo.\n<\/p>\n<p>Fonte: Poder 360              <\/p>\n<\/div>\n<p><br \/>\n<br \/><a href=\"https:\/\/diariodobrasilnoticias.com.br\/noticia\/o-dolar-retoma-a-alta-apos-12-pregoes-e-fecha-cotado-a-r-5-79-67a3d5d86d9f9\">Source link <\/a><\/p>","protected":false},"excerpt":{"rendered":"<p>O d\u00f3lar comercial fechou aos R$ 5,79 depois de uma sequ\u00eancia de 12 preg\u00f5es seguidos de queda. A cota\u00e7\u00e3o subiu 0,40% nesta 4\u00aa feira (5.fev.2025). A \u00faltima alta da moeda&hellip;<\/p>","protected":false},"author":1,"featured_media":99660,"comment_status":"closed","ping_status":"open","sticky":false,"template":"","format":"standard","meta":{"content-type":"","footnotes":""},"categories":[16],"tags":[123,2448,5313,1267],"class_list":["post-99659","post","type-post","status-publish","format-standard","has-post-thumbnail","hentry","category-noticias","tag-brasil","tag-diario","tag-noticia","tag-noticias"],"_links":{"self":[{"href":"https:\/\/tvbrazilusa.com\/pt\/wp-json\/wp\/v2\/posts\/99659","targetHints":{"allow":["GET"]}}],"collection":[{"href":"https:\/\/tvbrazilusa.com\/pt\/wp-json\/wp\/v2\/posts"}],"about":[{"href":"https:\/\/tvbrazilusa.com\/pt\/wp-json\/wp\/v2\/types\/post"}],"author":[{"embeddable":true,"href":"https:\/\/tvbrazilusa.com\/pt\/wp-json\/wp\/v2\/users\/1"}],"replies":[{"embeddable":true,"href":"https:\/\/tvbrazilusa.com\/pt\/wp-json\/wp\/v2\/comments?post=99659"}],"version-history":[{"count":1,"href":"https:\/\/tvbrazilusa.com\/pt\/wp-json\/wp\/v2\/posts\/99659\/revisions"}],"predecessor-version":[{"id":99661,"href":"https:\/\/tvbrazilusa.com\/pt\/wp-json\/wp\/v2\/posts\/99659\/revisions\/99661"}],"wp:featuredmedia":[{"embeddable":true,"href":"https:\/\/tvbrazilusa.com\/pt\/wp-json\/wp\/v2\/media\/99660"}],"wp:attachment":[{"href":"https:\/\/tvbrazilusa.com\/pt\/wp-json\/wp\/v2\/media?parent=99659"}],"wp:term":[{"taxonomy":"category","embeddable":true,"href":"https:\/\/tvbrazilusa.com\/pt\/wp-json\/wp\/v2\/categories?post=99659"},{"taxonomy":"post_tag","embeddable":true,"href":"https:\/\/tvbrazilusa.com\/pt\/wp-json\/wp\/v2\/tags?post=99659"}],"curies":[{"name":"wp","href":"https:\/\/api.w.org\/{rel}","templated":true}]}}