{"id":99674,"date":"2025-02-05T22:45:54","date_gmt":"2025-02-05T22:45:54","guid":{"rendered":"https:\/\/tvbrazilusa.com\/2025\/02\/05\/chevrolet-voltara-a-vender-opala-monza-e-kadett-no-brasil-veja-como\/"},"modified":"2025-02-05T22:46:01","modified_gmt":"2025-02-05T22:46:01","slug":"chevrolet-voltara-a-vender-opala-monza-e-kadett-no-brasil-veja-como","status":"publish","type":"post","link":"https:\/\/tvbrazilusa.com\/pt\/2025\/02\/05\/chevrolet-voltara-a-vender-opala-monza-e-kadett-no-brasil-veja-como\/","title":{"rendered":"Chevrolet voltar\u00e1 a vender Opala, Monza e Kadett no Brasil; veja como"},"content":{"rendered":"<p> <script async src=\"https:\/\/pagead2.googlesyndication.com\/pagead\/js\/adsbygoogle.js?client=ca-pub-8864793242727901\"\r\n     crossorigin=\"anonymous\"><\/script><br \/>\n<\/p>\n<div id=\"taboola-read-more\" style=\"display:block; width:100%\">\n<p>Em mais uma etapa da celebra\u00e7\u00e3o de seu centen\u00e1rio no Brasil, a General Motors anunciou um programa in\u00e9dito para ve\u00edculos cl\u00e1ssicos: o Vintages Chevrolet. Os modelos hist\u00f3ricos da marca ser\u00e3o restaurados e vendidos em condi\u00e7\u00f5es exclusivas. A novidade foi anunciada durante o evento de comemora\u00e7\u00e3o dos 100 anos da empresa no pa\u00eds.\n<\/p>\n<p>O programa ainda n\u00e3o foi lan\u00e7ado oficialmente e poucos detalhes foram divulgados. Autoesporte apurou que os Vintages Chevrolet ser\u00e3o restaurados por oficinas famosas em parceria com a GM. \u00c9 de se esperar que modelos lend\u00e1rios, como Opala, Monza, Kadett e Chevette, voltem ao cat\u00e1logo.<\/p>\n<p>\u00c9 uma estrat\u00e9gia semelhante \u00e0 da JLR, que lan\u00e7ou recentemente o programa JLR Classics na Europa, restaurando vers\u00f5es antigas do Defender. O jipe inclusive retornou ao configurador do site da marca, o que seria muito interessante de se ver entre os cl\u00e1ssicos da GM do Brasil.\n<\/p>\n<p>Se a GM seguir a receita da Land Rover, al\u00e9m da restaura\u00e7\u00e3o, os cl\u00e1ssicos receber\u00e3o um badge alusivo \u00e0 vers\u00e3o especial Vintage. Como o pacote tamb\u00e9m incluir\u00e1 customiza\u00e7\u00f5es, alguns modelos podem assumir roupagens exclusivas e at\u00e9 in\u00e9ditas.\n<\/p>\n<p>Quais carros estar\u00e3o do Vintages Chevrolet?\n<\/p>\n<p>Procurada, a GM n\u00e3o antecipou quais modelos far\u00e3o parte do programa. O v\u00eddeo de divulga\u00e7\u00e3o dos Vintages Chevrolet exibido na cerim\u00f4nia do centen\u00e1rio mostrou carros como Chevette, Monza, Opala (nas vers\u00f5es SS, Comodoro e Diplomata), Caravan, Kadett, Veraneio, Ipanema e at\u00e9 a primeira gera\u00e7\u00e3o da picape S10.\n<\/p>\n<p>Estes s\u00e3o alguns dos principais cl\u00e1ssicos da marca no Brasil. Modelos produzidos a partir da segunda metade dos anos 1990, como Vectra, Astra e Corsa, n\u00e3o foram exibidos.\n<\/p>\n<p>A Chevrolet \u00e9 uma das marcas mais populares na cena do antigomobilismo. O carro que embala este movimento \u00e9 o Opala, que tem incont\u00e1veis clubes espalhados pelo Brasil. F\u00e3s do Chevette tamb\u00e9m s\u00e3o figuras carimbadas nos eventos de modelos antigos, sejam eles em estado de conserva\u00e7\u00e3o original ou \u201cfu\u00e7ados\u201d. A tra\u00e7\u00e3o traseira do sed\u00e3zinho atrai motoristas que buscam mais emo\u00e7\u00e3o ao volante.\n<\/p>\n<p>Fonte: Auto esporte              <\/p>\n<\/div>\n<p><br \/>\n<br \/><a href=\"https:\/\/diariodobrasilnoticias.com.br\/noticia\/chevrolet-voltara-a-vender-opala-monza-e-kadett-no-brasil-veja-como-67a3dddecd98f\">Source link <\/a><\/p>","protected":false},"excerpt":{"rendered":"<p>Em mais uma etapa da celebra\u00e7\u00e3o de seu centen\u00e1rio no Brasil, a General Motors anunciou um programa in\u00e9dito para ve\u00edculos cl\u00e1ssicos: o Vintages Chevrolet. Os modelos hist\u00f3ricos da marca ser\u00e3o&hellip;<\/p>","protected":false},"author":1,"featured_media":99675,"comment_status":"closed","ping_status":"open","sticky":false,"template":"","format":"standard","meta":{"content-type":"","footnotes":""},"categories":[16],"tags":[123,2448,5313,1267],"class_list":["post-99674","post","type-post","status-publish","format-standard","has-post-thumbnail","hentry","category-noticias","tag-brasil","tag-diario","tag-noticia","tag-noticias"],"_links":{"self":[{"href":"https:\/\/tvbrazilusa.com\/pt\/wp-json\/wp\/v2\/posts\/99674","targetHints":{"allow":["GET"]}}],"collection":[{"href":"https:\/\/tvbrazilusa.com\/pt\/wp-json\/wp\/v2\/posts"}],"about":[{"href":"https:\/\/tvbrazilusa.com\/pt\/wp-json\/wp\/v2\/types\/post"}],"author":[{"embeddable":true,"href":"https:\/\/tvbrazilusa.com\/pt\/wp-json\/wp\/v2\/users\/1"}],"replies":[{"embeddable":true,"href":"https:\/\/tvbrazilusa.com\/pt\/wp-json\/wp\/v2\/comments?post=99674"}],"version-history":[{"count":1,"href":"https:\/\/tvbrazilusa.com\/pt\/wp-json\/wp\/v2\/posts\/99674\/revisions"}],"predecessor-version":[{"id":99676,"href":"https:\/\/tvbrazilusa.com\/pt\/wp-json\/wp\/v2\/posts\/99674\/revisions\/99676"}],"wp:featuredmedia":[{"embeddable":true,"href":"https:\/\/tvbrazilusa.com\/pt\/wp-json\/wp\/v2\/media\/99675"}],"wp:attachment":[{"href":"https:\/\/tvbrazilusa.com\/pt\/wp-json\/wp\/v2\/media?parent=99674"}],"wp:term":[{"taxonomy":"category","embeddable":true,"href":"https:\/\/tvbrazilusa.com\/pt\/wp-json\/wp\/v2\/categories?post=99674"},{"taxonomy":"post_tag","embeddable":true,"href":"https:\/\/tvbrazilusa.com\/pt\/wp-json\/wp\/v2\/tags?post=99674"}],"curies":[{"name":"wp","href":"https:\/\/api.w.org\/{rel}","templated":true}]}}