{"id":99677,"date":"2025-02-05T22:53:07","date_gmt":"2025-02-05T22:53:07","guid":{"rendered":"https:\/\/tvbrazilusa.com\/2025\/02\/05\/empresario-de-44-anos-morre-enquanto-participava-da-trilha-dos-legendarios\/"},"modified":"2025-02-05T22:53:13","modified_gmt":"2025-02-05T22:53:13","slug":"empresario-de-44-anos-morre-enquanto-participava-da-trilha-dos-legendarios","status":"publish","type":"post","link":"https:\/\/tvbrazilusa.com\/pt\/2025\/02\/05\/empresario-de-44-anos-morre-enquanto-participava-da-trilha-dos-legendarios\/","title":{"rendered":"Empres\u00e1rio de 44 anos morre enquanto participava da trilha dos Legend\u00e1rios"},"content":{"rendered":"<p> <script async src=\"https:\/\/pagead2.googlesyndication.com\/pagead\/js\/adsbygoogle.js?client=ca-pub-8864793242727901\"\r\n     crossorigin=\"anonymous\"><\/script><br \/>\n<\/p>\n<div id=\"taboola-read-more\" style=\"display:block; width:100%\">\n<p>O administrador de empresas F\u00e1bio Adriano Machado Cherini, de 44 anos, morreu ap\u00f3s passar mal quando participava de um acampamento na regi\u00e3o do Rio Negro, em Mato Grosso do Sul, com o grupo Legend\u00e1rios. A morte aconteceu no dia 31 de janeiro, mas s\u00f3 se tornou p\u00fablica quando o grupo retornou para Campo Grande, capital do estado, no \u00faltimo domingo (2). O caso foi registrado pela Pol\u00edcia Civil como \u201cmorte a esclarecer\u201d.\n<\/p>\n<p>O Legend\u00e1rios \u00e9 um movimento de cunho religioso, voltado para homens crist\u00e3os, que se prop\u00f5e a \u201cresgatar casamentos e mudar vidas\u201d, como informam suas p\u00e1ginas em redes sociais.<\/p>\n<p>O grupo organizou um acampamento em S\u00e3o Gabriel do Oeste, cidade a 150 quil\u00f4metros da capital, e as atividades inclu\u00edam uma trilha de 72 horas pelos chapad\u00f5es locais, numa esp\u00e9cie de desafio espiritual.\n<\/p>\n<p>\u2013 S\u00e3o 72 horas desafiadoras que v\u00e3o mudar a forma que voc\u00ea enxerga a realidade \u2013 diz a apresenta\u00e7\u00e3o feita pelo movimento.\n<\/p>\n<p>A atividade come\u00e7ou na \u00faltima quinta (30) e se encerraria no domingo. Na sexta (31), F\u00e1bio participava da trilha, designada pela sigla TOP (Track Outdoor de Potencial), quando come\u00e7ou a passar mal. Segundo o relato feito pelo m\u00e9dico da equipe de socorristas \u00e0 Pol\u00edcia Civil, F\u00e1bio apresentava confus\u00e3o mental, mas seus sinais vitais, como press\u00e3o e satura\u00e7\u00e3o, estavam normais.\n<\/p>\n<p>Ele passou a ser acompanhado pela equipe m\u00e9dica contratada para o evento, mas voltou a passar mal e teve uma parada card\u00edaca. Uma ambul\u00e2ncia com suporte avan\u00e7ado colocada \u00e0 disposi\u00e7\u00e3o do evento transportou o paciente para um hospital, mas ele teve novas paradas card\u00edacas e n\u00e3o resistiu. O \u00f3bito foi constatado no final da tarde de sexta.\n<\/p>\n<p>Conforme os organizadores, todos os participantes inscritos para o evento apresentaram atestado m\u00e9dico apontando aptid\u00e3o para atividades f\u00edsicas de moderada \u00e0 alta intensidade. O grupo, composto por cerca de 200 homens entre inscritos e equipes de apoio, retornou no domingo em quatro \u00f4nibus.\n<\/p>\n<p>A Pol\u00edcia Civil de Mato Grosso do Sul informou que n\u00e3o foram encontrados sinais de viol\u00eancia no corpo do homem e aguarda os laudos complementares sobre as causas da morte.\n<\/p>\n<p>LEGEND\u00c1RIOS<br \/>Segundo o site, o movimento Legend\u00e1rios Global foi fundado em 2015 por Chepe Putzu, pastor da Igreja Casa de Deus, da Guatemala, h\u00e1 mais de 20 anos. Putzu \u00e9 formado em Administra\u00e7\u00e3o de Empresas e autor do livro A Rota do Ca\u00e7ador, apresentado como um \u201cguia definitivo para homens com fome de conquista\u201d.\n<\/p>\n<p>O movimento est\u00e1 presente em 13 pa\u00edses, tendo chegado ao Brasil em 2017. O pa\u00eds j\u00e1 \u00e9 o segundo com maior n\u00famero de participantes, depois da Guatemala. O grito de guerra dos Legend\u00e1rios, \u201cahu\u201d, \u00e9 a sigla das palavras amor, honra e unidade.\n<\/p>\n<p>Fonte: Pleno News              <\/p>\n<\/div>\n<p><br \/>\n<br \/><a href=\"https:\/\/diariodobrasilnoticias.com.br\/noticia\/empresario-de-44-anos-morre-enquanto-participava-da-trilha-dos-legendarios-67a3d6bd23909\">Source link <\/a><\/p>","protected":false},"excerpt":{"rendered":"<p>O administrador de empresas F\u00e1bio Adriano Machado Cherini, de 44 anos, morreu ap\u00f3s passar mal quando participava de um acampamento na regi\u00e3o do Rio Negro, em Mato Grosso do Sul,&hellip;<\/p>","protected":false},"author":1,"featured_media":99678,"comment_status":"closed","ping_status":"open","sticky":false,"template":"","format":"standard","meta":{"content-type":"","footnotes":""},"categories":[16],"tags":[123,2448,5313,1267],"class_list":["post-99677","post","type-post","status-publish","format-standard","has-post-thumbnail","hentry","category-noticias","tag-brasil","tag-diario","tag-noticia","tag-noticias"],"_links":{"self":[{"href":"https:\/\/tvbrazilusa.com\/pt\/wp-json\/wp\/v2\/posts\/99677","targetHints":{"allow":["GET"]}}],"collection":[{"href":"https:\/\/tvbrazilusa.com\/pt\/wp-json\/wp\/v2\/posts"}],"about":[{"href":"https:\/\/tvbrazilusa.com\/pt\/wp-json\/wp\/v2\/types\/post"}],"author":[{"embeddable":true,"href":"https:\/\/tvbrazilusa.com\/pt\/wp-json\/wp\/v2\/users\/1"}],"replies":[{"embeddable":true,"href":"https:\/\/tvbrazilusa.com\/pt\/wp-json\/wp\/v2\/comments?post=99677"}],"version-history":[{"count":1,"href":"https:\/\/tvbrazilusa.com\/pt\/wp-json\/wp\/v2\/posts\/99677\/revisions"}],"predecessor-version":[{"id":99679,"href":"https:\/\/tvbrazilusa.com\/pt\/wp-json\/wp\/v2\/posts\/99677\/revisions\/99679"}],"wp:featuredmedia":[{"embeddable":true,"href":"https:\/\/tvbrazilusa.com\/pt\/wp-json\/wp\/v2\/media\/99678"}],"wp:attachment":[{"href":"https:\/\/tvbrazilusa.com\/pt\/wp-json\/wp\/v2\/media?parent=99677"}],"wp:term":[{"taxonomy":"category","embeddable":true,"href":"https:\/\/tvbrazilusa.com\/pt\/wp-json\/wp\/v2\/categories?post=99677"},{"taxonomy":"post_tag","embeddable":true,"href":"https:\/\/tvbrazilusa.com\/pt\/wp-json\/wp\/v2\/tags?post=99677"}],"curies":[{"name":"wp","href":"https:\/\/api.w.org\/{rel}","templated":true}]}}