{"id":99683,"date":"2025-02-05T23:19:39","date_gmt":"2025-02-05T23:19:39","guid":{"rendered":"https:\/\/tvbrazilusa.com\/2025\/02\/05\/eua-suspendem-contratacao-de-trabalhadores-nao-essenciais-da-usaid-em-todo-o-mundo\/"},"modified":"2025-02-05T23:19:41","modified_gmt":"2025-02-05T23:19:41","slug":"eua-suspendem-contratacao-de-trabalhadores-nao-essenciais-da-usaid-em-todo-o-mundo","status":"publish","type":"post","link":"https:\/\/tvbrazilusa.com\/pt\/2025\/02\/05\/eua-suspendem-contratacao-de-trabalhadores-nao-essenciais-da-usaid-em-todo-o-mundo\/","title":{"rendered":"EUA suspendem contrata\u00e7\u00e3o de trabalhadores n\u00e3o essenciais da Usaid em todo o mundo"},"content":{"rendered":"<p> <script async src=\"https:\/\/pagead2.googlesyndication.com\/pagead\/js\/adsbygoogle.js?client=ca-pub-8864793242727901\"\r\n     crossorigin=\"anonymous\"><\/script><br \/>\n<\/p>\n<div id=\"taboola-read-more\" style=\"display:block; width:100%\">\n<p>A Ag\u00eancia dos Estados Unidos para o Desenvolvimento Internacional (Usaid) anunciou na noite desta ter\u00e7a-feira (4) que suspender\u00e1 a contrata\u00e7\u00e3o de trabalhadores n\u00e3o essenciais em escrit\u00f3rios nacionais e delega\u00e7\u00f5es no exterior.\n<\/p>\n<p>A partir de sexta-feira, \u201ctodo o pessoal contratado diretamente pela Usaid ser\u00e1 colocado em licen\u00e7a administrativa em todo o mundo, com exce\u00e7\u00e3o da equipe designada respons\u00e1vel por fun\u00e7\u00f5es cr\u00edticas para a miss\u00e3o, a lideran\u00e7a central e os programas especialmente designados&#8221;, disse a organiza\u00e7\u00e3o em um comunicado.<\/p>\n<p>Aqueles que continuar\u00e3o trabalhando para a Usaid ser\u00e3o notificados na pr\u00f3xima quinta-feira, enquanto que, para o pessoal n\u00e3o essencial designado ao exterior, a ag\u00eancia est\u00e1 preparando um plano que &#8220;organizar\u00e1 e pagar\u00e1 a viagem de retorno aos Estados Unidos em 30 dias&#8221;, acrescentou o comunicado.\n<\/p>\n<p>A medida ocorre em meio a rumores crescentes de que o presidente dos EUA, Donald Trump, pode fechar a ag\u00eancia governamental independente, fundada em 1963, com quase 10.000 funcion\u00e1rios e um or\u00e7amento de US$ 50 bilh\u00f5es em 2023.\n<\/p>\n<p>Os funcion\u00e1rios da ag\u00eancia em Washington receberam ordens de ficar em casa na segunda-feira, e os escrit\u00f3rios da ag\u00eancia na capital americana foram fechados.\n<\/p>\n<p>Ap\u00f3s a posse de Trump em 20 de janeiro, o governo dos EUA congelou toda a ajuda externa, exceto a destinada a Israel, Egito e a suprimentos alimentares de emerg\u00eancia, a fim de avaliar a utilidade desses programas.\n<\/p>\n<p>Segundo dados da ONU, os Estados Unidos s\u00e3o de longe o maior fornecedor de ajuda humanit\u00e1ria do mundo, com 47% do total.\n<\/p>\n<p>Nesta semana, a Casa Branca divulgou alguns gastos considerados como &#8220;desperd\u00edcio&#8221; da USaid pelo novo governo.\n<\/p>\n<p>Fonte: Gazeta do Povo              <\/p>\n<\/div>\n<p><br \/>\n<br \/><a href=\"https:\/\/diariodobrasilnoticias.com.br\/noticia\/eua-suspendem-contratacao-de-trabalhadores-nao-essenciais-da-usaid-em-todo-o-mundo-67a3de4731141\">Source link <\/a><\/p>","protected":false},"excerpt":{"rendered":"<p>A Ag\u00eancia dos Estados Unidos para o Desenvolvimento Internacional (Usaid) anunciou na noite desta ter\u00e7a-feira (4) que suspender\u00e1 a contrata\u00e7\u00e3o de trabalhadores n\u00e3o essenciais em escrit\u00f3rios nacionais e delega\u00e7\u00f5es no&hellip;<\/p>","protected":false},"author":1,"featured_media":99684,"comment_status":"closed","ping_status":"open","sticky":false,"template":"","format":"standard","meta":{"content-type":"","footnotes":""},"categories":[16],"tags":[123,2448,5313,1267],"class_list":["post-99683","post","type-post","status-publish","format-standard","has-post-thumbnail","hentry","category-noticias","tag-brasil","tag-diario","tag-noticia","tag-noticias"],"_links":{"self":[{"href":"https:\/\/tvbrazilusa.com\/pt\/wp-json\/wp\/v2\/posts\/99683","targetHints":{"allow":["GET"]}}],"collection":[{"href":"https:\/\/tvbrazilusa.com\/pt\/wp-json\/wp\/v2\/posts"}],"about":[{"href":"https:\/\/tvbrazilusa.com\/pt\/wp-json\/wp\/v2\/types\/post"}],"author":[{"embeddable":true,"href":"https:\/\/tvbrazilusa.com\/pt\/wp-json\/wp\/v2\/users\/1"}],"replies":[{"embeddable":true,"href":"https:\/\/tvbrazilusa.com\/pt\/wp-json\/wp\/v2\/comments?post=99683"}],"version-history":[{"count":1,"href":"https:\/\/tvbrazilusa.com\/pt\/wp-json\/wp\/v2\/posts\/99683\/revisions"}],"predecessor-version":[{"id":99685,"href":"https:\/\/tvbrazilusa.com\/pt\/wp-json\/wp\/v2\/posts\/99683\/revisions\/99685"}],"wp:featuredmedia":[{"embeddable":true,"href":"https:\/\/tvbrazilusa.com\/pt\/wp-json\/wp\/v2\/media\/99684"}],"wp:attachment":[{"href":"https:\/\/tvbrazilusa.com\/pt\/wp-json\/wp\/v2\/media?parent=99683"}],"wp:term":[{"taxonomy":"category","embeddable":true,"href":"https:\/\/tvbrazilusa.com\/pt\/wp-json\/wp\/v2\/categories?post=99683"},{"taxonomy":"post_tag","embeddable":true,"href":"https:\/\/tvbrazilusa.com\/pt\/wp-json\/wp\/v2\/tags?post=99683"}],"curies":[{"name":"wp","href":"https:\/\/api.w.org\/{rel}","templated":true}]}}