{"id":99692,"date":"2025-02-05T23:53:47","date_gmt":"2025-02-05T23:53:47","guid":{"rendered":"https:\/\/tvbrazilusa.com\/2025\/02\/05\/israel-anuncia-saida-do-conselho-de-direitos-humanos-da-onu\/"},"modified":"2025-02-05T23:53:48","modified_gmt":"2025-02-05T23:53:48","slug":"israel-anuncia-saida-do-conselho-de-direitos-humanos-da-onu","status":"publish","type":"post","link":"https:\/\/tvbrazilusa.com\/pt\/2025\/02\/05\/israel-anuncia-saida-do-conselho-de-direitos-humanos-da-onu\/","title":{"rendered":"Israel anuncia sa\u00edda do Conselho de Direitos Humanos da ONU"},"content":{"rendered":"<p> <script async src=\"https:\/\/pagead2.googlesyndication.com\/pagead\/js\/adsbygoogle.js?client=ca-pub-8864793242727901\"\r\n     crossorigin=\"anonymous\"><\/script><br \/>\n<\/p>\n<div id=\"taboola-read-more\" style=\"display:block; width:100%\">\n<p>O ministro das rela\u00e7\u00f5es exteriores de Israel, Gideon Sa&#8217;ar, anunciou, nesta quarta-feira (5), a sa\u00edda de Israel do Conselho de Direitos Humanos da ONU, um dia ap\u00f3s o mesmo an\u00fancio dos EUA de sa\u00edda do \u00f3rg\u00e3o.\n<\/p>\n<p>Segundo Sa&#8217;ar, o Conselho &#8220;tem protegido os abusadores de direitos humanos, ao permitir que eles se escondam do escrut\u00ednio&#8221;. &#8220;Em vez disso, demoniza a \u00fanica democracia do Oriente M\u00e9dio &#8211; Israel&#8221;, acrescentou o ministro durante sua fala.<\/p>\n<p>&#8220;O \u00f3rg\u00e3o tem focado em atacar um pa\u00eds democr\u00e1tico e propagar o antissemitismo, em vez de promover os direitos humanos.&#8221;\n<\/p>\n<p>Israel j\u00e1 foi acusado diversas vezes de viola\u00e7\u00e3o dos direitos humanos, al\u00e9m de cometer crimes de guerra e crimes contra a humanidade, exterm\u00ednio e ataques implac\u00e1veis e deliberados contra equipes m\u00e9dicas e locais de sa\u00fade, como hospitais e escolas protegidas por leis internacionais, durante os 15 meses de ataques na Faixa de Gaza contra o povo palestino.\n<\/p>\n<p>ONU alerta para &#8220;limpeza \u00e9tnica&#8221; em Gaza\n<\/p>\n<p>O secret\u00e1rio-geral da ONU, Ant\u00f3nio Guterres, fez um alerta tamb\u00e9m nesta quarta contra qualquer tentativa de &#8220;limpeza \u00e9tnica&#8221; em Gaza, ap\u00f3s o presidente dos Estados Unidos, Donald Trump, declarar que o pa\u00eds ir\u00e1 &#8220;tomar o controle de Gaza&#8221;.\n<\/p>\n<p>&#8220;\u00c9 crucial permanecer fiel aos fundamentos do direito internacional. \u00c9 essencial evitar qualquer forma de limpeza \u00e9tnica&#8221;, indicou o porta-voz do secret\u00e1rio-geral, St\u00e9phane Dujarric, aos jornalistas.\n<\/p>\n<p>Guterres tamb\u00e9m defende a defesa da solu\u00e7\u00e3o de dois Estados, um palestino e outro israelense.\n<\/p>\n<p>Ao ser questionado especificamente sobre as propostas do presidente Trump em Gaza, o porta-voz estimou que &#8220;qualquer deslocamento for\u00e7ado de uma popula\u00e7\u00e3o equivale a uma limpeza \u00e9tnica&#8221;.\n<\/p>\n<p>Na \u00faltima ter\u00e7a (4), Trump prop\u00f4s assumir o controle da Faixa de Gaza com o deslocamento dos palestinos para a Jord\u00e2nia e o Egito. A proposta gerou uma onda de rejei\u00e7\u00e3o em todo o mundo.\n<\/p>\n<p>Karoline Leavitt, porta-voz da Casa Branca, disse que Donald Trump est\u00e1 &#8220;comprometido a reconstruir Gaza&#8221; e que ir\u00e1 &#8220;realocar temporariamente aqueles que l\u00e1 est\u00e3o&#8221;.\n<\/p>\n<p>&#8220;O presidente quer que essas pessoas vivam em paz. Ele est\u00e1 comprometido a fazer [isto] com o seu novo plano audacioso&#8221;, acrescentou.\n<\/p>\n<p>Um funcion\u00e1rio do Hezbollah tamb\u00e9m se pronunciou sobre as declara\u00e7\u00f5es do republicano, qualificando o plano de realocar os palestinos para fora de Gaza como &#8220;ordens criminosas&#8221;.\n<\/p>\n<p>Al\u00e9m disso, o grupo Houthi, do Ir\u00e3, &#8220;est\u00e1 ao lado da Palestina no enfrentamento de todas as formas de agress\u00e3o contra a causa palestina&#8221;.\n<\/p>\n<p>Fonte: Brasil de Fato              <\/p>\n<\/div>\n<p><br \/>\n<br \/><a href=\"https:\/\/diariodobrasilnoticias.com.br\/noticia\/israel-anuncia-saida-do-conselho-de-direitos-humanos-da-onu-67a3e5720653f\">Source link <\/a><\/p>","protected":false},"excerpt":{"rendered":"<p>O ministro das rela\u00e7\u00f5es exteriores de Israel, Gideon Sa&#8217;ar, anunciou, nesta quarta-feira (5), a sa\u00edda de Israel do Conselho de Direitos Humanos da ONU, um dia ap\u00f3s o mesmo an\u00fancio&hellip;<\/p>","protected":false},"author":1,"featured_media":99693,"comment_status":"closed","ping_status":"open","sticky":false,"template":"","format":"standard","meta":{"content-type":"","footnotes":""},"categories":[16],"tags":[123,2448,5313,1267],"class_list":["post-99692","post","type-post","status-publish","format-standard","has-post-thumbnail","hentry","category-noticias","tag-brasil","tag-diario","tag-noticia","tag-noticias"],"_links":{"self":[{"href":"https:\/\/tvbrazilusa.com\/pt\/wp-json\/wp\/v2\/posts\/99692","targetHints":{"allow":["GET"]}}],"collection":[{"href":"https:\/\/tvbrazilusa.com\/pt\/wp-json\/wp\/v2\/posts"}],"about":[{"href":"https:\/\/tvbrazilusa.com\/pt\/wp-json\/wp\/v2\/types\/post"}],"author":[{"embeddable":true,"href":"https:\/\/tvbrazilusa.com\/pt\/wp-json\/wp\/v2\/users\/1"}],"replies":[{"embeddable":true,"href":"https:\/\/tvbrazilusa.com\/pt\/wp-json\/wp\/v2\/comments?post=99692"}],"version-history":[{"count":1,"href":"https:\/\/tvbrazilusa.com\/pt\/wp-json\/wp\/v2\/posts\/99692\/revisions"}],"predecessor-version":[{"id":99694,"href":"https:\/\/tvbrazilusa.com\/pt\/wp-json\/wp\/v2\/posts\/99692\/revisions\/99694"}],"wp:featuredmedia":[{"embeddable":true,"href":"https:\/\/tvbrazilusa.com\/pt\/wp-json\/wp\/v2\/media\/99693"}],"wp:attachment":[{"href":"https:\/\/tvbrazilusa.com\/pt\/wp-json\/wp\/v2\/media?parent=99692"}],"wp:term":[{"taxonomy":"category","embeddable":true,"href":"https:\/\/tvbrazilusa.com\/pt\/wp-json\/wp\/v2\/categories?post=99692"},{"taxonomy":"post_tag","embeddable":true,"href":"https:\/\/tvbrazilusa.com\/pt\/wp-json\/wp\/v2\/tags?post=99692"}],"curies":[{"name":"wp","href":"https:\/\/api.w.org\/{rel}","templated":true}]}}