{"id":99724,"date":"2025-02-06T01:54:46","date_gmt":"2025-02-06T01:54:46","guid":{"rendered":"https:\/\/tvbrazilusa.com\/2025\/02\/06\/bomba-mpf-esta-investigando-o-planalto-entenda\/"},"modified":"2025-02-06T01:54:48","modified_gmt":"2025-02-06T01:54:48","slug":"bomba-mpf-esta-investigando-o-planalto-entenda","status":"publish","type":"post","link":"https:\/\/tvbrazilusa.com\/pt\/2025\/02\/06\/bomba-mpf-esta-investigando-o-planalto-entenda\/","title":{"rendered":"BOMBA: MPF est\u00e1 investigando o Planalto; Entenda"},"content":{"rendered":"<p> <script async src=\"https:\/\/pagead2.googlesyndication.com\/pagead\/js\/adsbygoogle.js?client=ca-pub-8864793242727901\"\r\n     crossorigin=\"anonymous\"><\/script><br \/>\n<br \/>Na mira dos investigadores, &#8220;supostas irregularidades ocorridas na Presid\u00eancia da Rep\u00fablica&#8221; incluem uso de helic\u00f3ptero e despesas do Pal\u00e1cio da Alvorada<br \/>\n<br \/><br \/>\n<br \/><a href=\"https:\/\/diariodobrasilnoticias.com.br\/noticia\/bomba-mpf-esta-investigando-o-planalto-entenda-67a3cdef1a6a9\">Source link <\/a><\/p>","protected":false},"excerpt":{"rendered":"<p>Na mira dos investigadores, &#8220;supostas irregularidades ocorridas na Presid\u00eancia da Rep\u00fablica&#8221; incluem uso de helic\u00f3ptero e despesas do Pal\u00e1cio da Alvorada Source link<\/p>","protected":false},"author":1,"featured_media":99725,"comment_status":"closed","ping_status":"open","sticky":false,"template":"","format":"standard","meta":{"content-type":"","footnotes":""},"categories":[16],"tags":[123,2448,5313,1267],"class_list":["post-99724","post","type-post","status-publish","format-standard","has-post-thumbnail","hentry","category-noticias","tag-brasil","tag-diario","tag-noticia","tag-noticias"],"_links":{"self":[{"href":"https:\/\/tvbrazilusa.com\/pt\/wp-json\/wp\/v2\/posts\/99724","targetHints":{"allow":["GET"]}}],"collection":[{"href":"https:\/\/tvbrazilusa.com\/pt\/wp-json\/wp\/v2\/posts"}],"about":[{"href":"https:\/\/tvbrazilusa.com\/pt\/wp-json\/wp\/v2\/types\/post"}],"author":[{"embeddable":true,"href":"https:\/\/tvbrazilusa.com\/pt\/wp-json\/wp\/v2\/users\/1"}],"replies":[{"embeddable":true,"href":"https:\/\/tvbrazilusa.com\/pt\/wp-json\/wp\/v2\/comments?post=99724"}],"version-history":[{"count":1,"href":"https:\/\/tvbrazilusa.com\/pt\/wp-json\/wp\/v2\/posts\/99724\/revisions"}],"predecessor-version":[{"id":99726,"href":"https:\/\/tvbrazilusa.com\/pt\/wp-json\/wp\/v2\/posts\/99724\/revisions\/99726"}],"wp:featuredmedia":[{"embeddable":true,"href":"https:\/\/tvbrazilusa.com\/pt\/wp-json\/wp\/v2\/media\/99725"}],"wp:attachment":[{"href":"https:\/\/tvbrazilusa.com\/pt\/wp-json\/wp\/v2\/media?parent=99724"}],"wp:term":[{"taxonomy":"category","embeddable":true,"href":"https:\/\/tvbrazilusa.com\/pt\/wp-json\/wp\/v2\/categories?post=99724"},{"taxonomy":"post_tag","embeddable":true,"href":"https:\/\/tvbrazilusa.com\/pt\/wp-json\/wp\/v2\/tags?post=99724"}],"curies":[{"name":"wp","href":"https:\/\/api.w.org\/{rel}","templated":true}]}}